{"id":122565,"date":"2024-04-19T09:45:42","date_gmt":"2024-04-19T14:45:42","guid":{"rendered":"https:\/\/lospoliticosveracruz.com.mx\/?p=122565"},"modified":"2024-04-19T09:45:58","modified_gmt":"2024-04-19T14:45:58","slug":"el-caso-llega-a-fgr","status":"publish","type":"post","link":"https:\/\/lospoliticosveracruz.com.mx\/?p=122565","title":{"rendered":"EL CASO LLEGA A FGR"},"content":{"rendered":"\n<p><strong>Oved Contreras<br><\/strong><em>Secas Mecas<\/em><\/p>\n\n\n\n<p>Luego de varias semanas de denuncias p\u00fablicas a trav\u00e9s de las redes sociales, el empresario veracruzano Arturo Castagn\u00e9 cumpli\u00f3 su advertencia de llevar la denuncia ante la Fiscal\u00eda General de la Rep\u00fablica, contra la t\u00eda Ch\u00edo por corrupci\u00f3n, uso il\u00edcito de atribuciones o facultades, enriquecimiento il\u00edcito y lavado de dinero\u2026el empresario asegura que las<br>operaciones financieras rondan los 100 millones de pesos, y se incluye en la querella a Jos\u00e9 Luis Pe\u00f1a Pe\u00f1a, esposo de la ex Secretaria de Energ\u00eda.<\/p>\n\n\n<div class=\"wp-block-image\">\n<figure class=\"alignleft size-medium\"><a href=\"https:\/\/lospoliticosveracruz.com.mx\/wp-content\/uploads\/2021\/10\/Zacauilt.jpg\"><img decoding=\"async\" src=\"https:\/\/lospoliticosveracruz.com.mx\/wp-content\/uploads\/2021\/10\/Zacauilt-150x300.jpg\" alt=\"\" class=\"wp-image-80558\"\/><\/a><\/figure><\/div>\n\n\n<p>Ahora falta ver si la FGR, con todos los documentos anexos, procede con la indagatoria o dilata el caso para no hacer m\u00e1s grande el esc\u00e1ndalo. No ser\u00eda la primera vez que denuncian penalmente a un funcionario de la Cuarta Transformaci\u00f3n y que lo desechan o duerme el sue\u00f1o de los justos.<\/p>\n\n\n\n<p>Aunque jur\u00eddicamente no aportan a la denuncia, el empresario anex\u00f3 m\u00e1s de 12 mil firmas de ciudadanos que, dijo, respaldan los \u201celementos probatorios\u201d entregados a la Fiscal\u00eda. Asegura que la t\u00eda Ch\u00edo compr\u00f3 propiedades y liquid\u00f3 cr\u00e9ditos en 2019 por una cantidad cercana a los 100 millones de pesos, cuando su salario mensual era de alrededor de 100 mil pesos\u2026Arturo Castagn\u00e9 reitera que la denuncia no tiene que ver con cuestiones pol\u00edticas o un posible apoyo a la oposici\u00f3n.<\/p>\n\n\n\n<p>Por cierto, si los dirigentes partidistas han estado ajenos al caso se debe precisamente para evitar alguna contaminaci\u00f3n y que los morenistas digan que el trasfondo es pol\u00edtico\u2026quieren que la denuncia se mantenga ciudadana. Sin embargo, eso no quita que los dirigentes cuestionen a la candidata oficial\u2026all\u00ed si se han visto muy tibios en los se\u00f1alamientos.<\/p>\n\n\n\n<p><strong>NI LO VEN NI LO OYEN\u2026<\/strong> el mu\u00f1ecote Zenyazen Escobar y otros operadores morenistas se pusieron bellos para movilizar a cuanta gente pudieron para el evento de la t\u00eda Ch\u00edo en el Parque 21 de Mayo de C\u00f3rdoba\u2026el invitado especial fue el dirigente nacional de Morena, Mario Delgado, quien minimiz\u00f3 los se\u00f1alamientos en contra de la candidata morenista a la gubernatura, pues asegura tiene una ventaja tan grande que por eso la guerra sucia por parte de la oposici\u00f3n.<\/p>\n\n\n\n<p>\u201cNuestra candidata en Veracruz tiene una ventaja de entre 20 y 30 puntos, lo cual refleja el trabajo que se ha hecho en pre campa\u00f1a y campa\u00f1a. Cuando llevamos una ventaja tan grande, vemos que la reacci\u00f3n inmediata de PRIAN es la guerra sucia, es la calumnia, es la denostaci\u00f3n, como lo estamos viendo a nivel nacional. Lo que pasa a nivel nacional, tambi\u00e9n se repite aqu\u00ed en Veracruz porque se saben perdidos; porque saben que el pueblo de Veracruz despert\u00f3 desde el 2018 y el pueblo de Veracruz tiene memoria\u201d, expres\u00f3 el presidente nacional de MORENA.<\/p>\n\n\n\n<p><strong>LE PUEDEN DECIR ZACATECANA\u2026<\/strong> la t\u00eda Ch\u00edo reiter\u00f3 que ya redact\u00f3 una carta aclaratoria en relaci\u00f3n a sus bienes patrimoniales y que todo est\u00e1 en su declaraci\u00f3n la cual asegur\u00f3 es p\u00fablica desde hace 10 a\u00f1os, que est\u00e1 avalada por la hoja de percepciones deducciones del SAT, a quien le interesa es p\u00fablica y puede verlo ah\u00ed., y que no cree que sea un delito arrendar o rentar una casa donde uno quiera.<\/p>\n\n\n\n<p>La t\u00eda Ch\u00edo refiere que ya hasta le publicaron los recibos de luz de la casa de Coatzacoalcos, correspondiente al mes de enero y c\u00f3mo andaba de gira por el estado, solo pag\u00f3 800 pesos, precisamente porque no estaba en casa.<\/p>\n\n\n\n<p>A pregunta expresa del periodista Fidel P\u00e9rez, la t\u00eda Ch\u00edo tambi\u00e9n neg\u00f3 que le moleste que le digan zacatecana porque naci\u00f3 en ese estado as\u00ed como hay dos millones de veracruzanos fuera del estado por oportunidades de trabajo\u2026por cierto, la se\u00f1ora acept\u00f3 responder \u201cindependientemente del tono del reportero\u201d\u2026evidentemente no le gust\u00f3 el cuestionamiento pero Fidel no le falt\u00f3 al respeto ni levant\u00f3 la voz\u2026hizo lo que ten\u00eda que hacer que es cuestionar.<\/p>\n\n\n\n<p>En su gobierno, la t\u00eda Ch\u00edo dice que trabajar\u00e1 todos los d\u00edas por acabar con el clasismo, no habr\u00e1 discriminaci\u00f3n ni racismo\u2026agreg\u00f3 que la candidata presidencial Claudia Sheinbaum visitar\u00e1 el Estado en la semana pr\u00f3xima y recorrer\u00e1 los municipios de \u00c1lamo Tantoyuca, Papantla y P\u00e1nuco.<\/p>\n\n\n\n<p><strong>DESBANDADA VERDE\u2026.<\/strong> las deserciones est\u00e1n a la orden del d\u00eda en el Partido Verde y abandonan el barco de la alianza con Morena y PT. Por ejemplo, trasciende que una treintena de comit\u00e9s municipales del Partido Verde Ecologista le han pintado violines y se suman a la campa\u00f1a de Pepe Yunes, el candidato de la coalici\u00f3n Fuerza y Coraz\u00f3n por Veracruz.<\/p>\n\n\n\n<p>El factor de la desbandada es ni m\u00e1s ni menos que el desinter\u00e9s de Javier Herrera y de Carlos Marcelo, l\u00edder estatal del Partido del Tuc\u00e1n. De este \u00faltimo, caus\u00f3 gran molestia por ser uno de los pocos ganones que negoci\u00f3 con do\u00f1a Zacatl\u00e1n de las Manzanas y va por la plurinominal a la diputaci\u00f3n, mientras que su comadre, Citlali Medell\u00edn, se col\u00f3 en una suplencia.<\/p>\n\n\n\n<p>Ni siquiera el cachorro de Fidel Herrera, Javier, logr\u00f3 algo para \u00e9l y entonces, quien se puso listo con el negocio fue Carlos Marcelo.<br>El pacto con Pepe Yunes se dio en la \u00faltima visita del veracruzano de verdad en la zona norte del estado. Y es que los militantes del verde, se pusieron como Hulk por las faltas de respeto de do\u00f1a Citlalli, y peor porque a Javierc\u00edn le falta car\u00e1cter y no sabe c\u00f3mo poner orden. Incluso, Citlali ha llegado al extremo de querer hacer otros comit\u00e9s municipales, pero eso empeor\u00f3 las cosas aun m\u00e1s.<\/p>\n\n\n\n<p>La crisis es tal, que de repente se les \u201colvida\u201d al comit\u00e9 de campa\u00f1a de Nahle invitar a los verdes, o de repente tienen que andar quitando la propaganda del PVEM, porque ya le colmaron el plato a la candidata que un d\u00eda s\u00ed, y el otro tambi\u00e9n, ve como crece el rechazo hacia ella. Comienza el naufragio de la candidata oficial.<\/p>\n","protected":false},"excerpt":{"rendered":"<p>Oved ContrerasSecas Mecas Luego de varias semanas de denuncias p\u00fablicas a trav\u00e9s de las redes sociales, el empresario veracruzano Arturo Castagn\u00e9 cumpli\u00f3 su advertencia de llevar la denuncia ante la Fiscal\u00eda General de la Rep\u00fablica, contra la t\u00eda Ch\u00edo por corrupci\u00f3n, uso il\u00edcito de atribuciones o facultades, enriquecimiento il\u00edcito y lavado de dinero\u2026el empresario asegura [&hellip;]<\/p>\n","protected":false},"author":2,"featured_media":119816,"comment_status":"closed","ping_status":"closed","sticky":false,"template":"","format":"standard","meta":{"_jetpack_newsletter_access":"","_jetpack_dont_email_post_to_subs":false,"_jetpack_newsletter_tier_id":0,"_jetpack_memberships_contains_paywalled_content":false,"_jetpack_memberships_contains_paid_content":false,"footnotes":""},"categories":[70],"tags":[1026,39715,3578,195],"class_list":["post-122565","post","type-post","status-publish","format-standard","has-post-thumbnail","hentry","category-de-opinion","tag-morena","tag-oved-contreras","tag-rocio-nahle","tag-veracruz"],"jetpack_featured_media_url":"https:\/\/lospoliticosveracruz.com.mx\/wp-content\/uploads\/2024\/03\/Oved-Contreras.jpg","jetpack_sharing_enabled":true,"jetpack_shortlink":"https:\/\/wp.me\/p4Qcd3-vSR","_links":{"self":[{"href":"https:\/\/lospoliticosveracruz.com.mx\/index.php?rest_route=\/wp\/v2\/posts\/122565","targetHints":{"allow":["GET"]}}],"collection":[{"href":"https:\/\/lospoliticosveracruz.com.mx\/index.php?rest_route=\/wp\/v2\/posts"}],"about":[{"href":"https:\/\/lospoliticosveracruz.com.mx\/index.php?rest_route=\/wp\/v2\/types\/post"}],"author":[{"embeddable":true,"href":"https:\/\/lospoliticosveracruz.com.mx\/index.php?rest_route=\/wp\/v2\/users\/2"}],"replies":[{"embeddable":true,"href":"https:\/\/lospoliticosveracruz.com.mx\/index.php?rest_route=%2Fwp%2Fv2%2Fcomments&post=122565"}],"version-history":[{"count":2,"href":"https:\/\/lospoliticosveracruz.com.mx\/index.php?rest_route=\/wp\/v2\/posts\/122565\/revisions"}],"predecessor-version":[{"id":122567,"href":"https:\/\/lospoliticosveracruz.com.mx\/index.php?rest_route=\/wp\/v2\/posts\/122565\/revisions\/122567"}],"wp:featuredmedia":[{"embeddable":true,"href":"https:\/\/lospoliticosveracruz.com.mx\/index.php?rest_route=\/wp\/v2\/media\/119816"}],"wp:attachment":[{"href":"https:\/\/lospoliticosveracruz.com.mx\/index.php?rest_route=%2Fwp%2Fv2%2Fmedia&parent=122565"}],"wp:term":[{"taxonomy":"category","embeddable":true,"href":"https:\/\/lospoliticosveracruz.com.mx\/index.php?rest_route=%2Fwp%2Fv2%2Fcategories&post=122565"},{"taxonomy":"post_tag","embeddable":true,"href":"https:\/\/lospoliticosveracruz.com.mx\/index.php?rest_route=%2Fwp%2Fv2%2Ftags&post=122565"}],"curies":[{"name":"wp","href":"https:\/\/api.w.org\/{rel}","templated":true}]}}