{"id":122615,"date":"2024-04-20T00:46:43","date_gmt":"2024-04-20T05:46:43","guid":{"rendered":"https:\/\/lospoliticosveracruz.com.mx\/?p=122615"},"modified":"2024-04-20T00:46:58","modified_gmt":"2024-04-20T05:46:58","slug":"veracruz-y-los-indecisos","status":"publish","type":"post","link":"https:\/\/lospoliticosveracruz.com.mx\/?p=122615","title":{"rendered":"VERACRUZ Y LOS INDECISOS"},"content":{"rendered":"\n<p><strong>Ricardo Chua<\/strong><\/p>\n\n\n\n<p><em>Sale y Vale<\/em><\/p>\n\n\n\n<p>Revela \u00abGarganta Profunda\u00bb, experto en elecciones electorales, que en esta elecci\u00f3n a gobernador por Veracruz.. Tanto Roc\u00edo Nahle (MORENA-PVEM-PT) y Jos\u00e9 Francisco Yunes Zorrilla (PRI-PAN-PRD) HAN LLEGADO A SU \u00abTECHO\u00bb.. Ya ambos no pueden crecer m\u00e1s.. Y s\u00f3lo le est\u00e1n apostando a una ca\u00edda electoral y se est\u00e1n peleando a los indecisos.. Esas dos situaciones decidir\u00e1n su triunfo o la derrota de alguno de los dos.. Y esto, se vuelve un duelo de \u00abtrincheras\u00bb..<\/p>\n\n\n\n<p>El asunto es que MORENA en Veracruz, desde Palacio Nacional, le echar\u00e1n toda \u00abla carne al asador\u00bb.. Viene Andr\u00e9s Manuel L\u00f3pez Obrador y Claudia Shienbaum a \u00abreforzar\u00bb a Roc\u00edo Nahle.. Y las pr\u00f3ximas dos semanas ser\u00e1n decisivas para que ella crezca.. Se vienen 15 d\u00edas complicados para Pepe Yunes.. Al parecer, lo atacar\u00e1n con todo.. \u00abGarganta Profunda\u00bb anuncia que MORENA ha anunciado, al interior, la \u00abguerra\u00bb por Veracruz, pese a Cuitl\u00e1huac Garc\u00eda.. Y lo primero es que quieren \u00abestabilizar\u00bb a Rocio..<\/p>\n\n\n\n<p>Ya que \u00abGarganta Profunda\u00bb insisti\u00f3 que ambos est\u00e1n al l\u00edmite.. Y que si siguen as\u00ed, esto le conviene a Roc\u00edo Nahle y afecta con todo a Pepe Yunes.. La oposici\u00f3n para ganar s\u00f3lo le queda esperar y provocar que Nahle caiga de la intenci\u00f3n del votante veracruzano.. Y sobre todo porque, en este momento, hay todav\u00eda un segmento de indecisos y esa es la lucha.. Ya que seg\u00fan las encuestas reales hay una diferencia de 8 puntos entre la candidata de MORENA y el aspirante del PRI porque ambos se \u00abestancaron\u00bb..<\/p>\n\n\n\n<p>MUCHO OJO.. S\u00f3lo hay que recordar como se dividen los indecisos en una elecci\u00f3n.. Hay una f\u00f3rmula y es en 3 aspectos.. El oficialismo, la oposici\u00f3n y el que no le importa ir a votar.. Esa es la lucha.. Si Pepe Yunes logra que ese segmento en su gran mayor\u00eda vote el 2 de junio.. LE CIERRA LA ELECCI\u00d3N a Nahle y, sin duda, en una de esas GANA LA GUBERNATURA.. Si no lo hace o ese voto indeciso se divide.. El priista perder\u00e1 por poco.. PERO PERDER\u00c1.. Por eso, Nahle la tiene m\u00e1s f\u00e1cil, si ese segmento se divide o si la mayor\u00eda no vota.. Ella gana..<\/p>\n\n\n\n<p>Hace unos d\u00edas vino a Veracruz.. El empresario, Claudio X Gonz\u00e1lez, el m\u00e1s ac\u00e9rrimo adversario de Andr\u00e9s Manuel L\u00f3pez Obrador del sector empresarial, y \u00e9l dijo cu\u00e1l era la cifra, al menos, en la entidad, para ganar la elecci\u00f3n a la gubernatura y la Presidencia por parte de la oposici\u00f3n.. \u00c9l hablaba de un 70 por ciento de participaci\u00f3n, dif\u00edcilmente, se podr\u00e1 llegar a esa cifra.. Quiz\u00e1s se logre entre un 62 a 65 por ciento a lo m\u00e1ximo.. Si hay arriba del 62, Roc\u00edo Nahle dif\u00edcilmente lo logra.. PERDER\u00cdA POR UN 3 POR CIENTO..<\/p>\n\n\n\n<p>Pero advierte \u00abGarganta Profunda\u00bb.. Que si en Veracruz, se presenta una votaci\u00f3n entre un 54 a 60 por ciento.. La \u00abT\u00eda Chio\u00bb gana la gubernatura por 3 puntos.. Ese es el escenario y no hay \u00abvuelta de hoja\u00bb.. Y si la votaci\u00f3n llega a los 54 puntos, entonces, Nahle triunfa por 5 a 7 puntos.. Obvio con una expectativa as\u00ed\u2026 Se podr\u00eda decir que Roc\u00edo Nahle la tiene m\u00e1s f\u00e1cil.. Pero una elecci\u00f3n nunca es igual a otra.. Nadie se puede sentir seguro.. Por eso, reforzaron la campa\u00f1a en MORENA y Pepe anda en lo suyo.. \u00abQuebrando\u00bb alianza de MORENA\u2026<\/p>\n\n\n\n<p>REFLEXI\u00d3N.. No hay que hacerse m\u00e1s \u00abbolas\u00bb.. Los dos candidatos se \u00abestancaron\u00bb y llegaron a su \u00abtope\u00bb m\u00e1ximo.. Puede ser que Pepe pueda crecer m\u00e1s, pero ese \u00abestir\u00f3n\u00bb no lo ha dado.. A lo \u00fanico que le pueden apostar ambos aspirantes, es la ca\u00edda electoral de uno de ellos.. Con eso, uno se despega y el otro dice BYE.. Vienen 15 d\u00edas decisivos.. Vienen encuestas decisivas.. Y viene el momento, donde la sociedad ya decidi\u00f3 su voto.. El que va con Nahle y el que va con Pepe.. S\u00f3lo quedan los indecisos.. EL QUE ENTENDI\u00d3, ENTENDI\u00d3..<\/p>\n\n\n\n<p>EX ALCALDES PRIISTAS CON NAHLE.. As\u00ed como Pepe Yunes anda haciendo \u00abquiebres\u00bb entre los aliados de MORENA para su elecci\u00f3n a gobernador.. En Veracruz, tambi\u00e9n Roc\u00edo Nahle hace una labor similar.. Tal es el caso con la ex alcaldesa priista de Comapa, Mar\u00eda del Carmen Cant\u00f3n Croda.. Que a pesar de que gobern\u00f3 un municipio peque\u00f1o.. Ella se convirti\u00f3 en un referente pol\u00edtico del distrito de Huatusco.. Cant\u00f3n Croda ahora es un activo pol\u00edtico aliado a la aspirante de MORENA al gobierno del Estado..<\/p>\n\n\n\n<p>Roc\u00edo Nahle acept\u00f3 esa alianza con Cant\u00f3n Croda.. Sabedora de lo importante que puede resultar para MORENA y sus candidatos, esta alianza en la regi\u00f3n.. Todo indica, al parecer, que Carm\u00e9n Cant\u00f3n, se unir\u00e1 al PVEM para empezar una labor pol\u00edtica en la zona.. Ya que se dice que en 2025 puede ser un activo pol\u00edtico que busque de nuevo la alcald\u00eda del municipio.. Y de esa manera, se lo arrebatar\u00e1 al PAN.. Por lo pronto, para Nahle, la ex alcaldesa es una causa que le suma simpatizantes para su proyecto en este 2024.. AMEN..<\/p>\n","protected":false},"excerpt":{"rendered":"<p>Ricardo Chua Sale y Vale Revela \u00abGarganta Profunda\u00bb, experto en elecciones electorales, que en esta elecci\u00f3n a gobernador por Veracruz.. Tanto Roc\u00edo Nahle (MORENA-PVEM-PT) y Jos\u00e9 Francisco Yunes Zorrilla (PRI-PAN-PRD) HAN LLEGADO A SU \u00abTECHO\u00bb.. Ya ambos no pueden crecer m\u00e1s.. Y s\u00f3lo le est\u00e1n apostando a una ca\u00edda electoral y se est\u00e1n peleando a [&hellip;]<\/p>\n","protected":false},"author":2,"featured_media":119817,"comment_status":"closed","ping_status":"closed","sticky":false,"template":"","format":"standard","meta":{"_jetpack_newsletter_access":"","_jetpack_dont_email_post_to_subs":false,"_jetpack_newsletter_tier_id":0,"_jetpack_memberships_contains_paywalled_content":false,"_jetpack_memberships_contains_paid_content":false,"footnotes":""},"categories":[70],"tags":[40724,1026,570,3578,195],"class_list":["post-122615","post","type-post","status-publish","format-standard","has-post-thumbnail","hentry","category-de-opinion","tag-indecisos","tag-morena","tag-pepe-yunes","tag-rocio-nahle","tag-veracruz"],"jetpack_featured_media_url":"https:\/\/lospoliticosveracruz.com.mx\/wp-content\/uploads\/2024\/03\/Ricardo-Chua.jpg","jetpack_sharing_enabled":true,"jetpack_shortlink":"https:\/\/wp.me\/p4Qcd3-vTF","_links":{"self":[{"href":"https:\/\/lospoliticosveracruz.com.mx\/index.php?rest_route=\/wp\/v2\/posts\/122615","targetHints":{"allow":["GET"]}}],"collection":[{"href":"https:\/\/lospoliticosveracruz.com.mx\/index.php?rest_route=\/wp\/v2\/posts"}],"about":[{"href":"https:\/\/lospoliticosveracruz.com.mx\/index.php?rest_route=\/wp\/v2\/types\/post"}],"author":[{"embeddable":true,"href":"https:\/\/lospoliticosveracruz.com.mx\/index.php?rest_route=\/wp\/v2\/users\/2"}],"replies":[{"embeddable":true,"href":"https:\/\/lospoliticosveracruz.com.mx\/index.php?rest_route=%2Fwp%2Fv2%2Fcomments&post=122615"}],"version-history":[{"count":1,"href":"https:\/\/lospoliticosveracruz.com.mx\/index.php?rest_route=\/wp\/v2\/posts\/122615\/revisions"}],"predecessor-version":[{"id":122616,"href":"https:\/\/lospoliticosveracruz.com.mx\/index.php?rest_route=\/wp\/v2\/posts\/122615\/revisions\/122616"}],"wp:featuredmedia":[{"embeddable":true,"href":"https:\/\/lospoliticosveracruz.com.mx\/index.php?rest_route=\/wp\/v2\/media\/119817"}],"wp:attachment":[{"href":"https:\/\/lospoliticosveracruz.com.mx\/index.php?rest_route=%2Fwp%2Fv2%2Fmedia&parent=122615"}],"wp:term":[{"taxonomy":"category","embeddable":true,"href":"https:\/\/lospoliticosveracruz.com.mx\/index.php?rest_route=%2Fwp%2Fv2%2Fcategories&post=122615"},{"taxonomy":"post_tag","embeddable":true,"href":"https:\/\/lospoliticosveracruz.com.mx\/index.php?rest_route=%2Fwp%2Fv2%2Ftags&post=122615"}],"curies":[{"name":"wp","href":"https:\/\/api.w.org\/{rel}","templated":true}]}}