{"id":123325,"date":"2024-05-01T08:56:21","date_gmt":"2024-05-01T13:56:21","guid":{"rendered":"https:\/\/lospoliticosveracruz.com.mx\/?p=123325"},"modified":"2024-05-01T08:57:56","modified_gmt":"2024-05-01T13:57:56","slug":"jovenes","status":"publish","type":"post","link":"https:\/\/lospoliticosveracruz.com.mx\/?p=123325","title":{"rendered":"J\u00d3VENES"},"content":{"rendered":"\n<p><strong>Guadalupe H. Mar<\/strong><\/p>\n\n\n\n<p><em>Mira Pol\u00edtica<\/em><\/p>\n\n\n\n<p><strong>EL VOTO EN DISCORDIA<\/strong> \u2026 El pr\u00f3ximo domingo dos de junio, 15 millones de j\u00f3venes de 18 a\u00f1os o m\u00e1s, votar\u00e1n por primera vez y son esos tras los que van los tres candidatos presidenciales, sobre todo el de Movimiento Ciudadano (MC), Jorge \u00c1lvarez M\u00e1ynez, quien a sus 38 a\u00f1os se ha posicionado en el indeciso sector juvenil, al que subyuga con su pegajoso estribillo de \u201cMaynez presidente\u201d que canta el tambi\u00e9n jovencito Yuawi.<\/p>\n\n\n\n<p>Esa \u201ccancioncita\u201d, o jingle de campa\u00f1a del candidato presidencial de Movimiento Ciudadano, se difunde profusamente en la red social TikTok que siguen millones de j\u00f3venes y la novedad, es que ya se escucha hasta en los antros a los que acuden muchos de esos j\u00f3venes que votar\u00e1n por vez primera este domingo dos de junio.<\/p>\n\n\n\n<p>\u201cMaynez presidente\u201d es una de las canciones m\u00e1s reproducidas en la plataforma de m\u00fasica preferida de los j\u00f3venes: Spotify y en TikTok, sobre todo en este d\u00f3nde uno de los \u00faltimos datos indica que la han reproducido m\u00e1s de cinco millones de veces.<\/p>\n\n\n\n<p>Para que se den idea de la importancia del voto juvenil, sepan ustedes amables lectoras y lectores que en nuestro pa\u00eds hay 37.8 millones de j\u00f3venes, de los cuales 26.2 millones se encuentran entre los 18 y 29 a\u00f1os, quienes tendr\u00e1n posibilidad de sufragar el pr\u00f3ximo domingo dos de junio.<\/p>\n\n\n\n<p>Este grupo representa el 30 por ciento de la lista nominal del pa\u00eds, seg\u00fan datos del Instituto Nacional Electoral (INE), por ello la importancia de este sector para la pr\u00f3xima elecci\u00f3n en la que elegiremos adem\u00e1s del presidente de la rep\u00fablica, 500 diputados federales, 128 senadores, ocho gobernadores y el jefe o jefa de gobierno de la Ciudad de M\u00e9xico.<\/p>\n\n\n\n<p>\u00bfSe imaginan amables lectoras y lectores que a estos j\u00f3venes les atraiga un candidato presidencial por su cancioncita y unos tenis fosforecentes y no por su programa de gobierno? Es pregunta.<\/p>\n\n\n\n<p><strong>PARECE QUE FUE AYER<\/strong> \u2026 Eso de las cancioncitas pegajosas no es nada nuevo, ni garant\u00eda de triunfo, pues recordar\u00e1n que para la elecci\u00f3n del a\u00f1o dos mil, el famos\u00edsimo cantautor Juan Gabriel, le compuso un jingle al entonces candidato presidencial del Partido Revolucionario Institucional (PRI) Francisco Labastida Ochoa, quien ten\u00eda como contrincantes a Vicente Fox Quesada del Partido Acci\u00f3n Nacional (PAN) y a Cuauht\u00e9moc C\u00e1rdenas Sol\u00f3rzano del Partido de la Revoluci\u00f3n Democr\u00e1tica (PRD).<\/p>\n\n\n\n<p>El estribillo de Juan era as\u00ed: \u201cNi Temo, ni Chente, Labastida presidente. Ni el PRD, ni el PAN, el PRI es el que va a ganar\u201d.<\/p>\n\n\n\n<p>As\u00ed como ahora el estribillo de \u201cMaynez presidente\u201d, as\u00ed se escuchaba hace 24 a\u00f1os el de \u201cNi Temo, ni Chente\u201d, solo que entonces no hab\u00eda ni TikTok ni Spotify.<\/p>\n\n\n\n<p>Era tan abrumador el n\u00famero de veces que repet\u00edan en la radio el jingle de Juan Gabriel a favor del candidato presidencial del PRI, que el mismo Vicente Fox se refer\u00eda a \u00e9l diciendo palabras m\u00e1s, palabras menos: \u201cvamos a ganar con todo y esa pinche cancioncita de Juanga\u201d y as\u00ed fue.<\/p>\n\n\n\n<p>El pr\u00f3ximo domingo dos de junio por la noche, sabremos si peg\u00f3 lo suficiente el jingle de \u201cMaynez presidente\u201d, candidato que no tiene nada que perder y s\u00ed mucho que ganar. Lo que le caiga ser\u00e1 bueno para que Movimiento Ciudadano siga sobreviviendo, con sus prerrogativas, m\u00e1s las posibles negociaciones que se le presenten.<\/p>\n\n\n\n<p><strong>\u00bfY LA \u201cLUZ\u201d AP\u00c1?<\/strong> \u2026 Quien fuera el m\u00e1s poderoso e influyente de los secretarios de despacho del gobierno estatal veracruzano y ahora candidato a diputado federal del Partido Movimiento de Regeneraci\u00f3n Nacional (Morena) en el distrito 16 de C\u00f3rdoba, Zenyazen Roberto Escobar Garc\u00eda, ex titular de la Secretar\u00eda de Educaci\u00f3n de Veracruz, debe estarse quejando de que le arden las orejas, pues su nombre vuelve a salir por problemas que hered\u00f3 a su paso por la SEV.<\/p>\n\n\n\n<p>La \u00faltima de Zenyazen Roberto brot\u00f3 en el caluros\u00edsimo puerto de Veracruz, en la escuela Primaria \u201cSalvador D\u00edaz Mir\u00f3n\u201d, donde la Comisi\u00f3n Federal de Electricidad (CFE) suspendi\u00f3 o cort\u00f3 el suministro de energ\u00eda el\u00e9ctrica, por un adeudo de casi 95 mil pesos.<\/p>\n\n\n\n<p>Hace unos d\u00edas coment\u00e1bamos aqu\u00ed que en varias escuelas dejaron de funcionar los equipos de c\u00f3mputo, porque se les venci\u00f3 la licencia de la paqueter\u00eda de Microsoft y no fue renovada por la SEV.<\/p>\n\n\n\n<p>Se supone y as\u00ed lo marca la Ley de Egresos, que estas erogaciones de la SEV ya estaban presupuestadas desde finales de 2023, por lo que cabe hacerse la pregunta \u00bfY la \u201cluz\u201d ap\u00e1? Que conste, nos referimos a la que abastece la CFE.<\/p>\n\n\n\n<p><strong>DUELO INTERNACIONAL<\/strong> \u2026 Roberto Rock, presidente de la Sociedad Interamericana de Prensa (SIP), lament\u00f3 el asesinato del periodista Roberto Carlos Figueroa Bustos, del estado de Morelos y expres\u00f3 \u00abtotal solidaridad con la familia y los colegas del periodista\u00bb.<\/p>\n\n\n\n<p>Rock, director del portal La Silla Rota, de M\u00e9xico, agreg\u00f3: \u00abInstamos a las autoridades a investigar con profundidad el crimen hasta dar con los responsables y llevarlos ante la Justicia, para que este caso no se convierta en otra estad\u00edstica de la impunidad que rodea la mayor\u00eda de los cr\u00edmenes contra periodistas en M\u00e9xico\u00bb.<\/p>\n\n\n\n<p><strong>D\u00cdGALO SIN MIEDO<\/strong> \u2026 Al correo electr\u00f3nico <a href=\"mailto:guadalupehmar@gmail.com\">guadalupehmar@gmail.com<\/a><\/p>\n","protected":false},"excerpt":{"rendered":"<p>Guadalupe H. Mar Mira Pol\u00edtica EL VOTO EN DISCORDIA \u2026 El pr\u00f3ximo domingo dos de junio, 15 millones de j\u00f3venes de 18 a\u00f1os o m\u00e1s, votar\u00e1n por primera vez y son esos tras los que van los tres candidatos presidenciales, sobre todo el de Movimiento Ciudadano (MC), Jorge \u00c1lvarez M\u00e1ynez, quien a sus 38 a\u00f1os [&hellip;]<\/p>\n","protected":false},"author":2,"featured_media":119929,"comment_status":"closed","ping_status":"closed","sticky":false,"template":"","format":"standard","meta":{"_jetpack_newsletter_access":"","_jetpack_dont_email_post_to_subs":false,"_jetpack_newsletter_tier_id":0,"_jetpack_memberships_contains_paywalled_content":false,"_jetpack_memberships_contains_paid_content":false,"footnotes":""},"categories":[70],"tags":[30633,2805,18761,195],"class_list":["post-123325","post","type-post","status-publish","format-standard","has-post-thumbnail","hentry","category-de-opinion","tag-jorge-alvarez-maynez-2","tag-jovenes","tag-roberto-rock","tag-veracruz"],"jetpack_featured_media_url":"https:\/\/lospoliticosveracruz.com.mx\/wp-content\/uploads\/2024\/03\/Lupita-Mar.jpg","jetpack_sharing_enabled":true,"jetpack_shortlink":"https:\/\/wp.me\/s4Qcd3-jovenes","_links":{"self":[{"href":"https:\/\/lospoliticosveracruz.com.mx\/index.php?rest_route=\/wp\/v2\/posts\/123325","targetHints":{"allow":["GET"]}}],"collection":[{"href":"https:\/\/lospoliticosveracruz.com.mx\/index.php?rest_route=\/wp\/v2\/posts"}],"about":[{"href":"https:\/\/lospoliticosveracruz.com.mx\/index.php?rest_route=\/wp\/v2\/types\/post"}],"author":[{"embeddable":true,"href":"https:\/\/lospoliticosveracruz.com.mx\/index.php?rest_route=\/wp\/v2\/users\/2"}],"replies":[{"embeddable":true,"href":"https:\/\/lospoliticosveracruz.com.mx\/index.php?rest_route=%2Fwp%2Fv2%2Fcomments&post=123325"}],"version-history":[{"count":1,"href":"https:\/\/lospoliticosveracruz.com.mx\/index.php?rest_route=\/wp\/v2\/posts\/123325\/revisions"}],"predecessor-version":[{"id":123326,"href":"https:\/\/lospoliticosveracruz.com.mx\/index.php?rest_route=\/wp\/v2\/posts\/123325\/revisions\/123326"}],"wp:featuredmedia":[{"embeddable":true,"href":"https:\/\/lospoliticosveracruz.com.mx\/index.php?rest_route=\/wp\/v2\/media\/119929"}],"wp:attachment":[{"href":"https:\/\/lospoliticosveracruz.com.mx\/index.php?rest_route=%2Fwp%2Fv2%2Fmedia&parent=123325"}],"wp:term":[{"taxonomy":"category","embeddable":true,"href":"https:\/\/lospoliticosveracruz.com.mx\/index.php?rest_route=%2Fwp%2Fv2%2Fcategories&post=123325"},{"taxonomy":"post_tag","embeddable":true,"href":"https:\/\/lospoliticosveracruz.com.mx\/index.php?rest_route=%2Fwp%2Fv2%2Ftags&post=123325"}],"curies":[{"name":"wp","href":"https:\/\/api.w.org\/{rel}","templated":true}]}}