{"id":123848,"date":"2024-05-08T11:57:04","date_gmt":"2024-05-08T16:57:04","guid":{"rendered":"https:\/\/lospoliticosveracruz.com.mx\/?p=123848"},"modified":"2024-05-08T11:57:28","modified_gmt":"2024-05-08T16:57:28","slug":"por-que-rocio-rechazo-el-debate-radiofonico","status":"publish","type":"post","link":"https:\/\/lospoliticosveracruz.com.mx\/?p=123848","title":{"rendered":"\u00bfPOR QU\u00c9 ROC\u00cdO RECHAZ\u00d3 EL DEBATE RADIOF\u00d3NICO?"},"content":{"rendered":"\n<p><strong>Inocencio Y\u00e1\u00f1ez Vicencio<\/strong><\/p>\n\n\n\n<p>Cuando un pol\u00edtico rechaza el debate niega la esencia de la pol\u00edtica. Quienes creemos que el politico no es por naturaleza pol\u00edtica ( Arist\u00f3teles) sino tendencialmente pol\u00edtico ( Hobbes), hacemos nuestra la tesis de Finley, Arendt, Crick&#8230; de que la pol\u00edtica como acci\u00f3n concertada para lograr un fin com\u00fan, naci\u00f3 en la Grecia de los siglos VI al IV antes de Cristo. Naci\u00f3 en la plaza p\u00fablica ( \u00c1gora). Ah\u00ed donde despu\u00e9s de las reformas de Sal\u00f3n y Cl\u00edstines , los atenienses se reun\u00edan para deliberar sobre sus asuntos comunes.&nbsp;<\/p>\n\n\n\n<p>La pol\u00edtica como relaci\u00f3n de mando y obediencia logr\u00f3 imponerse ulteriormente y fue Maquiavelo, quien la seculariza.<\/p>\n\n\n\n<p>Los que ven la politica como simple lucha del poder por el poder, centran sus energ\u00edas en conquistar su sede.<\/p>\n\n\n\n<p>Los que hacen suya la concepci\u00f3n deliberativa nacida en la Grecia Cl\u00e1sica, tomando en cuenta que para ellos la pol\u00edtica no es otra cosa que discusi\u00f3n, deliberaci\u00f3n, debate, consenso, acuerdo, no aceptan que el poder tenga una sede, desde esta visi\u00f3n el poder es resultado de la correlaci\u00f3n de fuerzas y puede expresarse en \u00f3rganos, funciones, leyes e instituciones. Por lo tanto es en el debate donde puede abrirse paso un proyecto o arreglo.&nbsp;<\/p>\n\n\n\n<p>Quien no busca convencer sino vencer e imponer su proyecto, es obvio que le provoque n\u00e1useas debatir hasta con sus iguales y cuando lo aceptan o es por mandato de ley o por las repercusiones negativas que le puede acarrear negarse a debatir. Roc\u00edo pertenece al mismo partido que su jefe ha ordenado que a sus iniciativas no le cambien ni una coma, cancelando la funci\u00f3n deliberativa al \u00f3rgano deliberativa, as\u00ed como lo leen, convirtiendo al poder legislativo en una oficial\u00eda de partes, atento \u00fanicamente a ovacionar al pont\u00edfice.&nbsp;<\/p>\n\n\n\n<p>La Zacatecana, sabe que donde quiera que se pare va a ser rechazada y que en un debate no le queda m\u00e1s recurso que responder \u00a1 Mientes! Con lo cual cancela todo debate. No tiene verg\u00fcenza que tan pronto como hable de un presupuesto, otro d\u00eda salgan consultor\u00edas refutando sus datos y precipit\u00e1ndose en un abismo de incredulidad.&nbsp;&nbsp;No eso no le importa. En el pr\u00f3ximo debate a realizarse este domingo, ira preparada para dar como respuesta \u00a1 Mientes! Porque es tanto su desprecio por el pueblo que no le importa concencer, am\u00e9n de que sabe que las verdades de Pepe, las verdades que maneja el candidato de la Coalici\u00f3n Fuerza y Coraz\u00f3n, la aplast\u00e1n. Pero la principal raz\u00f3n por la cual huye todo debate es que no sabe ni articular una oraci\u00f3n, por eso se pone a leer, sabiendo los costos, ya que lo que lee, no sabemos si ella lo escribi\u00f3 o se lo hicieron. Son ideas suyas o de alguien que no va a estar en la boleta electoral.&nbsp;<\/p>\n\n\n\n<p>La confrontaci\u00f3n por el gobierno de Veracruz, por lo menos en esta ocasi\u00f3n, lo que menos ha sido guerra sucia. Todav\u00eda no hemos visto que alg\u00fan chacal suba asuntos de alcoba. Denunciar con pruebas no es calumniar. Las autoridades deben decirnos si los bienes de Roc\u00edo, corresponden a sus ingresos y si la sobrina justifica las adquisiciones o existe un lavado de dinero, porque eso ya amerita c\u00e1rcel y lo que no queremos es impunidad y que alguien involucrado en il\u00edcitos pretenda gobernarnos.<\/p>\n\n\n\n<p>No aceptar un debate, por opcional que fuera, refleja que Roc\u00edo, conf\u00eda mucho en un Ejercito que ya se vio en Poza Rica, acarreando contingentes para los m\u00edtines de Claudia, en una Guardia Nacional, que su jefe Bucio, no tuvo rubor en treparse a los presidiums de Morena, en un crimen organizado que ya demostr\u00f3 su operatividad en el 2021, levantando la estructura electoral para que Morena se despachara con la cuchara grande, en las brigadas de bienestar, en la burocracia, en las represiones contra la familia Yunes, en las persecuciones contra Mar\u00eda Amparo Cesar&nbsp;&nbsp;y una larga lista de analistas y periodistas que se han atrevido a combatir las mentiras de las Ma\u00f1aneras y a poner al descubierto las fechor\u00edas de la realeza y su corte.<\/p>\n\n\n\n<p>Roc\u00edo conf\u00eda que la maquinar\u00eda golpista la har\u00e1 gobernadora, por encima de la voluntad popular.&nbsp;<\/p>\n\n\n\n<p>Pocos cre\u00edan que cuando Amlo, dec\u00eda que iba a desaparecer a la dinast\u00eda poblana, al poco tiempo morir\u00edan los Moreno Valle. En este gobierno morenista ninguna familia opositora est\u00e1 a salvo. Igual que hizo Hitler. No se conforna con liquidarlos c\u00ednicamente.&nbsp;&nbsp;Antes de llevarlos a su cita final, los desnuda, los humilla, los difama&#8230; los mata moralmente. Eso es lo que Claudio ofrece continuar. Eso es lo que en Veracruz, Roc\u00edo, quiere replicar: un gobierno basado en la fuerza y la sin raz\u00f3n.<\/p>\n","protected":false},"excerpt":{"rendered":"<p>Inocencio Y\u00e1\u00f1ez Vicencio Cuando un pol\u00edtico rechaza el debate niega la esencia de la pol\u00edtica. Quienes creemos que el politico no es por naturaleza pol\u00edtica ( Arist\u00f3teles) sino tendencialmente pol\u00edtico ( Hobbes), hacemos nuestra la tesis de Finley, Arendt, Crick&#8230; de que la pol\u00edtica como acci\u00f3n concertada para lograr un fin com\u00fan, naci\u00f3 en la [&hellip;]<\/p>\n","protected":false},"author":2,"featured_media":120033,"comment_status":"closed","ping_status":"closed","sticky":false,"template":"","format":"standard","meta":{"_jetpack_newsletter_access":"","_jetpack_dont_email_post_to_subs":false,"_jetpack_newsletter_tier_id":0,"_jetpack_memberships_contains_paywalled_content":false,"_jetpack_memberships_contains_paid_content":false,"footnotes":""},"categories":[70],"tags":[],"class_list":["post-123848","post","type-post","status-publish","format-standard","has-post-thumbnail","hentry","category-de-opinion"],"jetpack_featured_media_url":"https:\/\/lospoliticosveracruz.com.mx\/wp-content\/uploads\/2024\/03\/Inocencio-Yanez-Vicencio.jpg","jetpack_sharing_enabled":true,"jetpack_shortlink":"https:\/\/wp.me\/p4Qcd3-wdy","_links":{"self":[{"href":"https:\/\/lospoliticosveracruz.com.mx\/index.php?rest_route=\/wp\/v2\/posts\/123848","targetHints":{"allow":["GET"]}}],"collection":[{"href":"https:\/\/lospoliticosveracruz.com.mx\/index.php?rest_route=\/wp\/v2\/posts"}],"about":[{"href":"https:\/\/lospoliticosveracruz.com.mx\/index.php?rest_route=\/wp\/v2\/types\/post"}],"author":[{"embeddable":true,"href":"https:\/\/lospoliticosveracruz.com.mx\/index.php?rest_route=\/wp\/v2\/users\/2"}],"replies":[{"embeddable":true,"href":"https:\/\/lospoliticosveracruz.com.mx\/index.php?rest_route=%2Fwp%2Fv2%2Fcomments&post=123848"}],"version-history":[{"count":2,"href":"https:\/\/lospoliticosveracruz.com.mx\/index.php?rest_route=\/wp\/v2\/posts\/123848\/revisions"}],"predecessor-version":[{"id":123850,"href":"https:\/\/lospoliticosveracruz.com.mx\/index.php?rest_route=\/wp\/v2\/posts\/123848\/revisions\/123850"}],"wp:featuredmedia":[{"embeddable":true,"href":"https:\/\/lospoliticosveracruz.com.mx\/index.php?rest_route=\/wp\/v2\/media\/120033"}],"wp:attachment":[{"href":"https:\/\/lospoliticosveracruz.com.mx\/index.php?rest_route=%2Fwp%2Fv2%2Fmedia&parent=123848"}],"wp:term":[{"taxonomy":"category","embeddable":true,"href":"https:\/\/lospoliticosveracruz.com.mx\/index.php?rest_route=%2Fwp%2Fv2%2Fcategories&post=123848"},{"taxonomy":"post_tag","embeddable":true,"href":"https:\/\/lospoliticosveracruz.com.mx\/index.php?rest_route=%2Fwp%2Fv2%2Ftags&post=123848"}],"curies":[{"name":"wp","href":"https:\/\/api.w.org\/{rel}","templated":true}]}}