{"id":124252,"date":"2024-05-14T16:56:54","date_gmt":"2024-05-14T21:56:54","guid":{"rendered":"https:\/\/lospoliticosveracruz.com.mx\/?p=124252"},"modified":"2024-05-14T16:57:03","modified_gmt":"2024-05-14T21:57:03","slug":"se-dieron-hasta-con-la-cubeta","status":"publish","type":"post","link":"https:\/\/lospoliticosveracruz.com.mx\/?p=124252","title":{"rendered":"SE DIERON HASTA CON LA CUBETA"},"content":{"rendered":"\n<p><\/p>\n\n\n\n<p><br><strong>Oved Contreras<\/strong><br><em>Secas Mecas<\/em><\/p>\n\n\n\n<p>Se puso buen\u00edsimo el post debate convocado por la Silla Rota Veracruz entre la exalcaldesa Carolina Gudi\u00f1o y la MamiLu Ingram\u2026vaya si las miradas fueran cuchillas\u2026ambas hubieran terminado desangr\u00e1ndose como dice la licenciada Melchi\u2026no fueron indirectas\u2026se dijeron de todo y de frente mientras los otros invitados eran meros espectadores.<\/p>\n\n\n\n<p>La t\u00eda Caro le dijo en su cara a la Mamil\u00fa que abandon\u00f3 el barco cuando no le dieron otra pluri en el PRI y que entonces se dio cuenta de lo antidemocr\u00e1tico del partido, que ahora habla pestes cuando en su momento le dio todo\u2026le puso una sanjuaniza la Gudi\u00f1o a la Mamil\u00fa a quien exhibi\u00f3 por apoyar ahora a Morena cuando como diputada local denunci\u00f3 sus malos resultados como gobierno sobre todo en el tema de la violencia contra las mujeres pero ya est\u00e1 del lado del r\u00e9gimen.<\/p>\n\n\n\n<p>La Mamil\u00fa tambi\u00e9n sac\u00f3 sus cosas incluso critic\u00f3 que los priistas ahora apoyen a sus perseguidores y que permitan al clan Yunes mover el pandero al apoderarse de las candidaturas, que Veracruz ya no quiere monarqu\u00edas.<\/p>\n\n\n\n<p>GAN\u00d3 LA CARO\u2026La Gudi\u00f1o sac\u00f3 la escuela de buena tribuna y hasta supo responder bien cuando la Mamil\u00fa le tir\u00f3 la hablada de que ella naci\u00f3 en Oaxaca y, sin ser de Veracruz, gobern\u00f3 el puerto todo en referencia a las cr\u00edticas lanzadas contra la t\u00eda Ch\u00edo y su origen zacatecano.<\/p>\n\n\n\n<p>Y la Gudi\u00f1o le dijo \u00abpero soy hija de veracruzanos\u2026mis dos pap\u00e1s son veracruzanos y legalmente soy veracruzana\u2026.a mi no me tuvieron que hacer una ley para asumirme como tal\u00bb \u2026zucutummm\u2026Lanil\u00fa incluso en su momento denunci\u00f3 que la mayor\u00eda morenista del Congreso local le hiciera un traje a la medida a la t\u00eda Ch\u00edo para que pudiera ser candidata a la gubernatura\u2026hicieron reformas a la ley para que bastara con tener hijos veracruzanos para ser considerados veracruzanos y tener el derecho de gobernar.<\/p>\n\n\n\n<p>Este post debate estuvo mejor que el debate formal porque ac\u00e1 s\u00ed hubo catorrazos y pellizcos\u2026la t\u00eda Caro ret\u00f3 a Lanil\u00fa que hablara por ella misma y no le soplar\u00e1n las respuestas en el celular que no lo dejaba\u2026juar juar juar<\/p>\n\n\n\n<p>La mamilu aseguraba que la t\u00eda Ch\u00edo ser\u00e1 gobernadora y le echaba en cara a la t\u00eda Caro que no trae el pulso de la calle porque solo sale a caminar cuando le anda de candidata, pero la t\u00eda le contest\u00f3 que todos sus cargos se los ha ganado caminando mientras que ella fue dos veces diputada pluri \u00f3sea que le regalaron la curul y la \u00fanica posici\u00f3n que ha ganado fue la diputaci\u00f3n local en 2013 cuando la t\u00eda Caro fue alcaldesa del puerto.<\/p>\n\n\n\n<p>Ora s\u00ed hasta falt\u00f3 tiempo para ver c\u00f3mo terminaba el agarr\u00f3n\u2026 m\u00e1scara contra cabellera\u2026.se puso buen\u00e9rrimoooo\u2026 l\u00e1stima de que los conductores estuvieran medio chafas.<\/p>\n\n\n\n<p>Ahora que los Morenos traen el discurso de que los corruptos est\u00e1n del lado del PRIAN\u2026los remat\u00f3 en el post debate carlos Valenzuela cuando les dice que Morena es la pura simulaci\u00f3n, que tienen a muchos priistas y panistas que ya ahora se dicen de izquierda pura pero lo m\u00e1s grave es que tienen en sus filas a uno los personajes que m\u00e1s da\u00f1o le hizo a Veracruz: Javier Duarte que solo es cuesti\u00f3n de revisar sus redes sociales para saber de qu\u00e9 lado juega el Duartocho\u2026puras porras a la zacatecana\u2026trakaaa.<\/p>\n\n\n\n<p>ABANDONARON A LA T\u00cdA\u2026con lo del postdebate del primero y segundo debate de candidatos a la gubernatura, qued\u00f3 demostrado que la t\u00eda Ch\u00edo se qued\u00f3 sola, nadie de peso pol\u00edltico importante le entr\u00f3 al quite, puro acomedido de baja ralea y aunque no hubiera gente de calidad para arroparla en el postdebate, su equipo no aprovech\u00f3 las redes sociales.<\/p>\n\n\n\n<p>Lo \u00fanico que se les ocurre es postear encuestas donde la t\u00eda Ch\u00edo va 30 puntos arriba y que por eso la atacan, o que Papayunes es el culpable de los abucheos, pero no lograron por ejemplo, lanzar un hastag que se hiciera viral, no importa que no fuera cierto su triunfo pero no pudieron posicionarla \u2026.la dejaron sola hasta los de su propio equipo de campa\u00f1a.<\/p>\n\n\n\n<p>Lo indicativo es que tambi\u00e9n del altiplano la abanaron\u2026p\u00faes no que ven\u00eda Cesar Ya\u00f1ez con toduuu\u2026.con toduuu para hacerla ganar? Qu\u00e9 ya hab\u00eda hoteles reservados para cesar ya\u00f1ez y los dem\u00e1s picudos que algunos opinadores anunciaban como el equipo al estilo Bruce Willis que mandaron a detener el Armagedon pa Do\u00f1a Zacatecas????<\/p>\n\n\n\n<p>Si la est\u00e1n bombardeando con meteoritos destructores y ya se parece a la luna con tanto crater que le asestan\u2026juar juar juar\u2026en sus eventos puros acarreados de la burocracia para rellenar y mandar el mensaje de que todos quieren a la t\u00eda de gobernadora.<\/p>\n\n\n\n<p>QU\u00c9 PASA EN CONGRESO\u2026Quienes est\u00e1n que no las calienta ni el sol de estos calurosos d\u00edas son las trabajadoras del Congreso de Veracruz y todo porque no sab\u00edan que una ni\u00f1era est\u00e1 en n\u00f3mina, ganando 12 mil pesos mensuales y no trabaja ah\u00ed. Cuida a la hija de una diputada \u00bfo de un diputado? \u00bfO de los dos? Mencionan que se llama Sandra y la registraron como \u00abauxiliar administrativo\u00bb. Y se percataron porque hasta regalo gan\u00f3 en la rifa del D\u00eda de las Madres. Ma\u00f1ana les sigo contando.<\/p>\n\n\n\n<p>Por cierto, los 50 diputados locales del Congreso de Veracruz fueron denunciados penalmente ante la Fiscal\u00eda Anticorrupci\u00f3n por 10 ex trabajadores que fueron despedidos injustificadamente en 2017 y a quienes el Poder Legislativo se niega a reinstalar, a pesar de haber ganado un laudo laboral.<\/p>\n\n\n\n<p>El abogado Juan Jos\u00e9 Llanes Gil del \u00c1ngel inform\u00f3 adem\u00e1s que se present\u00f3 una queja en contra de los legisladores locales ante la Comisi\u00f3n Estatal de Derechos Humanos (CEDH). Juan Jos\u00e9 Llanes Gil expuso que demandaron la reinstalaci\u00f3n, el pago de salarios ca\u00eddos y otras prestaciones ante el Tribunal de Justicia y Arbitraje, que radic\u00f3 el juicio 1175\/2017-5.<\/p>\n","protected":false},"excerpt":{"rendered":"<p>Oved ContrerasSecas Mecas Se puso buen\u00edsimo el post debate convocado por la Silla Rota Veracruz entre la exalcaldesa Carolina Gudi\u00f1o y la MamiLu Ingram\u2026vaya si las miradas fueran cuchillas\u2026ambas hubieran terminado desangr\u00e1ndose como dice la licenciada Melchi\u2026no fueron indirectas\u2026se dijeron de todo y de frente mientras los otros invitados eran meros espectadores. La t\u00eda Caro [&hellip;]<\/p>\n","protected":false},"author":2,"featured_media":119816,"comment_status":"closed","ping_status":"closed","sticky":false,"template":"","format":"standard","meta":{"_jetpack_newsletter_access":"","_jetpack_dont_email_post_to_subs":false,"_jetpack_newsletter_tier_id":0,"_jetpack_memberships_contains_paywalled_content":false,"_jetpack_memberships_contains_paid_content":false,"footnotes":""},"categories":[70],"tags":[2325,39715],"class_list":["post-124252","post","type-post","status-publish","format-standard","has-post-thumbnail","hentry","category-de-opinion","tag-carolina-gudino","tag-oved-contreras"],"jetpack_featured_media_url":"https:\/\/lospoliticosveracruz.com.mx\/wp-content\/uploads\/2024\/03\/Oved-Contreras.jpg","jetpack_sharing_enabled":true,"jetpack_shortlink":"https:\/\/wp.me\/p4Qcd3-wk4","_links":{"self":[{"href":"https:\/\/lospoliticosveracruz.com.mx\/index.php?rest_route=\/wp\/v2\/posts\/124252","targetHints":{"allow":["GET"]}}],"collection":[{"href":"https:\/\/lospoliticosveracruz.com.mx\/index.php?rest_route=\/wp\/v2\/posts"}],"about":[{"href":"https:\/\/lospoliticosveracruz.com.mx\/index.php?rest_route=\/wp\/v2\/types\/post"}],"author":[{"embeddable":true,"href":"https:\/\/lospoliticosveracruz.com.mx\/index.php?rest_route=\/wp\/v2\/users\/2"}],"replies":[{"embeddable":true,"href":"https:\/\/lospoliticosveracruz.com.mx\/index.php?rest_route=%2Fwp%2Fv2%2Fcomments&post=124252"}],"version-history":[{"count":1,"href":"https:\/\/lospoliticosveracruz.com.mx\/index.php?rest_route=\/wp\/v2\/posts\/124252\/revisions"}],"predecessor-version":[{"id":124253,"href":"https:\/\/lospoliticosveracruz.com.mx\/index.php?rest_route=\/wp\/v2\/posts\/124252\/revisions\/124253"}],"wp:featuredmedia":[{"embeddable":true,"href":"https:\/\/lospoliticosveracruz.com.mx\/index.php?rest_route=\/wp\/v2\/media\/119816"}],"wp:attachment":[{"href":"https:\/\/lospoliticosveracruz.com.mx\/index.php?rest_route=%2Fwp%2Fv2%2Fmedia&parent=124252"}],"wp:term":[{"taxonomy":"category","embeddable":true,"href":"https:\/\/lospoliticosveracruz.com.mx\/index.php?rest_route=%2Fwp%2Fv2%2Fcategories&post=124252"},{"taxonomy":"post_tag","embeddable":true,"href":"https:\/\/lospoliticosveracruz.com.mx\/index.php?rest_route=%2Fwp%2Fv2%2Ftags&post=124252"}],"curies":[{"name":"wp","href":"https:\/\/api.w.org\/{rel}","templated":true}]}}