{"id":124306,"date":"2024-05-15T08:52:51","date_gmt":"2024-05-15T13:52:51","guid":{"rendered":"https:\/\/lospoliticosveracruz.com.mx\/?p=124306"},"modified":"2024-05-15T08:53:06","modified_gmt":"2024-05-15T13:53:06","slug":"ola-de-calor-asesino-invisible","status":"publish","type":"post","link":"https:\/\/lospoliticosveracruz.com.mx\/?p=124306","title":{"rendered":"OLA DE CALOR, ASESINO INVISIBLE"},"content":{"rendered":"\n<p><strong>Julio Vallejo<\/strong><\/p>\n\n\n\n<p><em>La delgada l\u00ednea entre mi opini\u00f3n y la tuya<\/em><\/p>\n\n\n\n<p>Ola de calor, asesino invisible<\/p>\n\n\n\n<p>\u00bfHabr\u00e1 una receta para el desastre? no lo s\u00e9. De lo que si estoy seguro es que la mezcla de cambio clim\u00e1tico, deforestaci\u00f3n y urbanizaci\u00f3n desordenada, conlleva a la falta de agua en diferentes regiones del pa\u00eds.<\/p>\n\n\n\n<p>D\u00e9cadas atr\u00e1s, los cient\u00edficos advirtieron del calentamiento global y de la escasez del l\u00edquido. Lo que se ve\u00eda venir desde hace tiempo se hace presente en los \u00faltimos d\u00edas en nuestros hogares puesto que las inclemencias meteorol\u00f3gicas se han vuelto m\u00e1s mort\u00edferas en diferentes partes del mundo.<\/p>\n\n\n\n<p>Tal parece que encontrar el camino hacia una cultura del cuidado del medio ambiente como plantar \u00e1rboles, ahorrar agua, reutilizar lo que puedas y conectar con la naturaleza, est\u00e1n quedando obsoletas.<\/p>\n\n\n\n<p>Ante la falta de compromiso de aquellas instituciones gubernamentales y privadas que solo maquillan su ayuda por el planeta, se observa c\u00f3mo poco apoco se acaban los recursos naturales.<br>Muestra de esas acciones es cuando ves la explotaci\u00f3n minera en varias regiones del pa\u00eds donde utilizan el agua.<\/p>\n\n\n\n<p>Asimismo las grandes empresas refresqueras acaparan el l\u00edquido de las diferentes comunidades. Es irrisorio ver a un grupo de personas reforestando con la autoridad mientras el crimen organizado tala los bosques de aquellas zonas donde existen especies en peligro de extinci\u00f3n.<\/p>\n\n\n\n<p>O que me dices de las personas que recolectan tapas y botellas de pl\u00e1stico mientras las grandes industrias te mandan millones de las mismas a las calles nuevamente.<\/p>\n\n\n\n<p>Pero por si esto fuera poco, expertos se\u00f1alan que la salud mental de las personas se est\u00e1 enfrentando a muchos riesgos por las olas de calor. Sin temor a equivocarme, el calor abrazador est\u00e1 dejando una huella insoportable en nuestra salud f\u00edsica y mental.<\/p>\n\n\n\n<p>Los investigadores muestran que las \u00e1reas del cerebro responsables de formular y resolver tareas cognitivas complejas se ven afectadas por el estr\u00e9s. Cuando las personas no piensan con claridad debido al calor es m\u00e1s probable que se sientan frustradas y eso, a su, vez puede conducir a la agresi\u00f3n, dejando un juego peligroso entre nosotros mismos y el planeta.<\/p>\n\n\n\n<p>Se estima que para el 2029 los delitos en todas sus categor\u00edas se ver\u00e1n incrementados un 5 por ciento a nivel mundial por el cambio clim\u00e1tico.<\/p>\n\n\n\n<p>Habr\u00e1 que comprar minisplits y ventiladores para evitar un genocidio.<\/p>\n","protected":false},"excerpt":{"rendered":"<p>Julio Vallejo La delgada l\u00ednea entre mi opini\u00f3n y la tuya Ola de calor, asesino invisible \u00bfHabr\u00e1 una receta para el desastre? no lo s\u00e9. De lo que si estoy seguro es que la mezcla de cambio clim\u00e1tico, deforestaci\u00f3n y urbanizaci\u00f3n desordenada, conlleva a la falta de agua en diferentes regiones del pa\u00eds. D\u00e9cadas atr\u00e1s, [&hellip;]<\/p>\n","protected":false},"author":2,"featured_media":119926,"comment_status":"closed","ping_status":"closed","sticky":false,"template":"","format":"standard","meta":{"_jetpack_newsletter_access":"","_jetpack_dont_email_post_to_subs":false,"_jetpack_newsletter_tier_id":0,"_jetpack_memberships_contains_paywalled_content":false,"_jetpack_memberships_contains_paid_content":false,"footnotes":""},"categories":[70],"tags":[5225,3084,179,503],"class_list":["post-124306","post","type-post","status-publish","format-standard","has-post-thumbnail","hentry","category-de-opinion","tag-calor","tag-cambio-climatico","tag-delitos","tag-homicidios"],"jetpack_featured_media_url":"https:\/\/lospoliticosveracruz.com.mx\/wp-content\/uploads\/2024\/03\/Julio-Vallejo.jpg","jetpack_sharing_enabled":true,"jetpack_shortlink":"https:\/\/wp.me\/p4Qcd3-wkW","_links":{"self":[{"href":"https:\/\/lospoliticosveracruz.com.mx\/index.php?rest_route=\/wp\/v2\/posts\/124306","targetHints":{"allow":["GET"]}}],"collection":[{"href":"https:\/\/lospoliticosveracruz.com.mx\/index.php?rest_route=\/wp\/v2\/posts"}],"about":[{"href":"https:\/\/lospoliticosveracruz.com.mx\/index.php?rest_route=\/wp\/v2\/types\/post"}],"author":[{"embeddable":true,"href":"https:\/\/lospoliticosveracruz.com.mx\/index.php?rest_route=\/wp\/v2\/users\/2"}],"replies":[{"embeddable":true,"href":"https:\/\/lospoliticosveracruz.com.mx\/index.php?rest_route=%2Fwp%2Fv2%2Fcomments&post=124306"}],"version-history":[{"count":1,"href":"https:\/\/lospoliticosveracruz.com.mx\/index.php?rest_route=\/wp\/v2\/posts\/124306\/revisions"}],"predecessor-version":[{"id":124307,"href":"https:\/\/lospoliticosveracruz.com.mx\/index.php?rest_route=\/wp\/v2\/posts\/124306\/revisions\/124307"}],"wp:featuredmedia":[{"embeddable":true,"href":"https:\/\/lospoliticosveracruz.com.mx\/index.php?rest_route=\/wp\/v2\/media\/119926"}],"wp:attachment":[{"href":"https:\/\/lospoliticosveracruz.com.mx\/index.php?rest_route=%2Fwp%2Fv2%2Fmedia&parent=124306"}],"wp:term":[{"taxonomy":"category","embeddable":true,"href":"https:\/\/lospoliticosveracruz.com.mx\/index.php?rest_route=%2Fwp%2Fv2%2Fcategories&post=124306"},{"taxonomy":"post_tag","embeddable":true,"href":"https:\/\/lospoliticosveracruz.com.mx\/index.php?rest_route=%2Fwp%2Fv2%2Ftags&post=124306"}],"curies":[{"name":"wp","href":"https:\/\/api.w.org\/{rel}","templated":true}]}}