{"id":124310,"date":"2024-05-15T08:57:41","date_gmt":"2024-05-15T13:57:41","guid":{"rendered":"https:\/\/lospoliticosveracruz.com.mx\/?p=124310"},"modified":"2024-05-15T08:57:58","modified_gmt":"2024-05-15T13:57:58","slug":"acceso-al-agua-en-la-agenda-de-zenyazen","status":"publish","type":"post","link":"https:\/\/lospoliticosveracruz.com.mx\/?p=124310","title":{"rendered":"ACCESO AL AGUA, EN LA AGENDA DE ZENYAZEN"},"content":{"rendered":"\n<p><\/p>\n\n\n\n<p><strong>C\u00f3rdoba<\/strong><br>El candidato a diputado federal por el Distrito 16 de la coalici\u00f3n \u201cSigamos Haciendo Historia\u201d, Zenyazen Escobar, expres\u00f3 su preocupaci\u00f3n por la problem\u00e1tica de la falta de agua que afecta a diversas localidades de su distrito. En respuesta, manifest\u00f3 su intenci\u00f3n de llevar este tema cr\u00edtico a la Legislatura, con el objetivo de garantizar el acceso al agua para toda la poblaci\u00f3n.<\/p>\n\n\n\n<p>Al reconocer la complejidad del asunto, Escobar se\u00f1al\u00f3 que es esencial analizar detalladamente la implementaci\u00f3n de un proyecto funcional que atienda esta necesidad b\u00e1sica. En este sentido, dijo que durante su campa\u00f1a ha escuchado activamente las solicitudes de la gente, lo que refleja su compromiso con el desarrollo integral del Distrito 16 y su enfoque en resolver carencias en servicios b\u00e1sicos, como el agua.<\/p>\n\n\n\n<p>A 74 d\u00edas de campa\u00f1a y recorridos con 80 mil casas visitadas, el aspirante a diputado camin\u00f3 y escuch\u00f3 este lunes a las y los habitantes de la colonia M\u00e9xico en este municipio. Con la inclusi\u00f3n del tema del agua en su pr\u00f3xima agenda legislativa, se alinea con los esfuerzos nacionales para mejorar la infraestructura y los servicios en el pa\u00eds.<\/p>\n\n\n\n<p>Con ello, se busca incluir iniciativas para la conservaci\u00f3n del agua y proyectos h\u00eddricos prioritarios que garanticen el servicio de agua potable y aumenten la superficie de riego en zonas agr\u00edcolas.<\/p>\n","protected":false},"excerpt":{"rendered":"<p>C\u00f3rdobaEl candidato a diputado federal por el Distrito 16 de la coalici\u00f3n \u201cSigamos Haciendo Historia\u201d, Zenyazen Escobar, expres\u00f3 su preocupaci\u00f3n por la problem\u00e1tica de la falta de agua que afecta a diversas localidades de su distrito. En respuesta, manifest\u00f3 su intenci\u00f3n de llevar este tema cr\u00edtico a la Legislatura, con el objetivo de garantizar el [&hellip;]<\/p>\n","protected":false},"author":2,"featured_media":0,"comment_status":"closed","ping_status":"closed","sticky":false,"template":"","format":"standard","meta":{"_jetpack_newsletter_access":"","_jetpack_dont_email_post_to_subs":false,"_jetpack_newsletter_tier_id":0,"_jetpack_memberships_contains_paywalled_content":false,"_jetpack_memberships_contains_paid_content":false,"footnotes":""},"categories":[73],"tags":[1026,195],"class_list":["post-124310","post","type-post","status-publish","format-standard","hentry","category-de-boleto","tag-morena","tag-veracruz"],"jetpack_featured_media_url":"","jetpack_sharing_enabled":true,"jetpack_shortlink":"https:\/\/wp.me\/p4Qcd3-wl0","_links":{"self":[{"href":"https:\/\/lospoliticosveracruz.com.mx\/index.php?rest_route=\/wp\/v2\/posts\/124310","targetHints":{"allow":["GET"]}}],"collection":[{"href":"https:\/\/lospoliticosveracruz.com.mx\/index.php?rest_route=\/wp\/v2\/posts"}],"about":[{"href":"https:\/\/lospoliticosveracruz.com.mx\/index.php?rest_route=\/wp\/v2\/types\/post"}],"author":[{"embeddable":true,"href":"https:\/\/lospoliticosveracruz.com.mx\/index.php?rest_route=\/wp\/v2\/users\/2"}],"replies":[{"embeddable":true,"href":"https:\/\/lospoliticosveracruz.com.mx\/index.php?rest_route=%2Fwp%2Fv2%2Fcomments&post=124310"}],"version-history":[{"count":1,"href":"https:\/\/lospoliticosveracruz.com.mx\/index.php?rest_route=\/wp\/v2\/posts\/124310\/revisions"}],"predecessor-version":[{"id":124314,"href":"https:\/\/lospoliticosveracruz.com.mx\/index.php?rest_route=\/wp\/v2\/posts\/124310\/revisions\/124314"}],"wp:attachment":[{"href":"https:\/\/lospoliticosveracruz.com.mx\/index.php?rest_route=%2Fwp%2Fv2%2Fmedia&parent=124310"}],"wp:term":[{"taxonomy":"category","embeddable":true,"href":"https:\/\/lospoliticosveracruz.com.mx\/index.php?rest_route=%2Fwp%2Fv2%2Fcategories&post=124310"},{"taxonomy":"post_tag","embeddable":true,"href":"https:\/\/lospoliticosveracruz.com.mx\/index.php?rest_route=%2Fwp%2Fv2%2Ftags&post=124310"}],"curies":[{"name":"wp","href":"https:\/\/api.w.org\/{rel}","templated":true}]}}