{"id":124324,"date":"2024-05-15T09:22:16","date_gmt":"2024-05-15T14:22:16","guid":{"rendered":"https:\/\/lospoliticosveracruz.com.mx\/?p=124324"},"modified":"2024-05-15T09:22:24","modified_gmt":"2024-05-15T14:22:24","slug":"a-emprendedores-todo-el-apoyo","status":"publish","type":"post","link":"https:\/\/lospoliticosveracruz.com.mx\/?p=124324","title":{"rendered":"A EMPRENDEDORES, TODO EL APOYO!"},"content":{"rendered":"\n<p><\/p>\n\n\n\n<p><\/p>\n\n\n\n<p><strong>Tepetzintla<\/strong><br>Con el programa \u201cCr\u00e9ditos a la palabra\u201d la pr\u00f3xima administraci\u00f3n estatal respaldar\u00e1 a los emprendedores y emprendedoras que deseen crear y\/o ampliar su negocio lo que generar\u00e1 derrama econ\u00f3mica y empleo, afirm\u00f3 la candidata a la gubernatura de Morena, PT, Partido Verde y Fuerza por M\u00e9xico en Veracruz, Roc\u00edo Nahle Garc\u00eda.<\/p>\n\n\n\n<p>En su administraci\u00f3n, dijo, se generar\u00e1 empleo y ser\u00e1 a trav\u00e9s de varias aristas.<\/p>\n\n\n\n<p>Por ejemplo, en el emprendedurismo, peque\u00f1a y mediana empresa se acompa\u00f1ar\u00e1 de manera institucional con estrategias bien planteadas.<\/p>\n\n\n\n<p>Desde los artesanos, hasta los que ya tienen establecido un peque\u00f1o negocio, podr\u00e1n acceder a estos cr\u00e9ditos y a otras estrategias responsables que est\u00e1n planteadas en el rubro de desarrollo econ\u00f3mico.<\/p>\n\n\n\n<p>\u201cTambi\u00e9n presente propuestas de desarrollo econ\u00f3mico, miren tenemos que generar empleo, tenemos que atraer inversiones pero tengo que apoyar mucho a los peque\u00f1os emprendedores, nuestras textileras, nuestros artesanos, tenemos una riqueza y para eso dise\u00f1\u00e9 un programa que se llama cr\u00e9dito a la palabra, vamos a separar una bolsa de dinero y con proyectos espec\u00edficos vamos a ayudar a los peque\u00f1os emprendedores\u201d, subray\u00f3.<\/p>\n\n\n\n<p>Record\u00f3 que los cr\u00e9ditos a la palabras se habilitaron por el presidente Andr\u00e9s Manuel L\u00f3pez Obrador cuando fue Jefe de Gobierno de la actual Ciudad de M\u00e9xico, posteriormente elev\u00f3 el programa a nivel federal en su actual administraci\u00f3n.<\/p>\n\n\n\n<p>Por eso, una vez que llegue a la gubernatura, Roc\u00edo Nahle Garc\u00eda, subray\u00f3 que institucionalizar\u00e1 esta estrategia de apoyo al pueblo.<\/p>\n\n\n\n<p>Destac\u00f3 que de acuerdo a la necesidad del emprendedor o emprendedora, se le prestar\u00e1 una cantidad que deber\u00e1 pagar en determinado plazo sin intereses.<\/p>\n\n\n\n<p>Detall\u00f3 que se le llama cr\u00e9dito a la palabra porque no se le pide m\u00e1s que la liquidaci\u00f3n del mismo en determinado plazo para que se reutilice en una especie de fondo revolvente.<\/p>\n\n\n\n<p>Finalmente explic\u00f3 que cuando inici\u00f3 este programa en la capital del pa\u00eds , de 100 personas que fueron beneficiadas, 96 pagaron en tiempo y forma.<\/p>\n","protected":false},"excerpt":{"rendered":"<p>TepetzintlaCon el programa \u201cCr\u00e9ditos a la palabra\u201d la pr\u00f3xima administraci\u00f3n estatal respaldar\u00e1 a los emprendedores y emprendedoras que deseen crear y\/o ampliar su negocio lo que generar\u00e1 derrama econ\u00f3mica y empleo, afirm\u00f3 la candidata a la gubernatura de Morena, PT, Partido Verde y Fuerza por M\u00e9xico en Veracruz, Roc\u00edo Nahle Garc\u00eda. En su administraci\u00f3n, dijo, [&hellip;]<\/p>\n","protected":false},"author":2,"featured_media":0,"comment_status":"closed","ping_status":"closed","sticky":false,"template":"","format":"standard","meta":{"_jetpack_newsletter_access":"","_jetpack_dont_email_post_to_subs":false,"_jetpack_newsletter_tier_id":0,"_jetpack_memberships_contains_paywalled_content":false,"_jetpack_memberships_contains_paid_content":false,"footnotes":""},"categories":[73],"tags":[1026,965,40971,2289,3578,195],"class_list":["post-124324","post","type-post","status-publish","format-standard","hentry","category-de-boleto","tag-morena","tag-partido-verde","tag-programa-creditos-a-la-palabra","tag-pt","tag-rocio-nahle","tag-veracruz"],"jetpack_featured_media_url":"","jetpack_sharing_enabled":true,"jetpack_shortlink":"https:\/\/wp.me\/p4Qcd3-wle","_links":{"self":[{"href":"https:\/\/lospoliticosveracruz.com.mx\/index.php?rest_route=\/wp\/v2\/posts\/124324","targetHints":{"allow":["GET"]}}],"collection":[{"href":"https:\/\/lospoliticosveracruz.com.mx\/index.php?rest_route=\/wp\/v2\/posts"}],"about":[{"href":"https:\/\/lospoliticosveracruz.com.mx\/index.php?rest_route=\/wp\/v2\/types\/post"}],"author":[{"embeddable":true,"href":"https:\/\/lospoliticosveracruz.com.mx\/index.php?rest_route=\/wp\/v2\/users\/2"}],"replies":[{"embeddable":true,"href":"https:\/\/lospoliticosveracruz.com.mx\/index.php?rest_route=%2Fwp%2Fv2%2Fcomments&post=124324"}],"version-history":[{"count":1,"href":"https:\/\/lospoliticosveracruz.com.mx\/index.php?rest_route=\/wp\/v2\/posts\/124324\/revisions"}],"predecessor-version":[{"id":124326,"href":"https:\/\/lospoliticosveracruz.com.mx\/index.php?rest_route=\/wp\/v2\/posts\/124324\/revisions\/124326"}],"wp:attachment":[{"href":"https:\/\/lospoliticosveracruz.com.mx\/index.php?rest_route=%2Fwp%2Fv2%2Fmedia&parent=124324"}],"wp:term":[{"taxonomy":"category","embeddable":true,"href":"https:\/\/lospoliticosveracruz.com.mx\/index.php?rest_route=%2Fwp%2Fv2%2Fcategories&post=124324"},{"taxonomy":"post_tag","embeddable":true,"href":"https:\/\/lospoliticosveracruz.com.mx\/index.php?rest_route=%2Fwp%2Fv2%2Ftags&post=124324"}],"curies":[{"name":"wp","href":"https:\/\/api.w.org\/{rel}","templated":true}]}}