{"id":124327,"date":"2024-05-15T09:37:11","date_gmt":"2024-05-15T14:37:11","guid":{"rendered":"https:\/\/lospoliticosveracruz.com.mx\/?p=124327"},"modified":"2024-05-15T09:37:27","modified_gmt":"2024-05-15T14:37:27","slug":"el-error-de-alito","status":"publish","type":"post","link":"https:\/\/lospoliticosveracruz.com.mx\/?p=124327","title":{"rendered":"EL ERROR DE ALITO"},"content":{"rendered":"\n<p><strong>Luis Bustos<br><\/strong><em>EnEstaHora<\/em><\/p>\n\n\n\n<p>En mi apreciaci\u00f3n personal, Alejandro Moreno C\u00e1rdenas es uno de los peores dirigentes de la historia del PRI; sin embargo, tiene un m\u00e9rito: haber abonado a la construcci\u00f3n de la coalici\u00f3n Fuerza y Coraz\u00f3n por M\u00e9xico.<br>Lo dem\u00e1s, es lo de menos, pero a estas alturas del proceso electoral, creo que invitar a Jorge \u00c1lvarez M\u00e1ynez, candidato de MC a la presidencia, a que renuncie en favor de la coalici\u00f3n, es un error que pesa mucho m\u00e1s que el que cometi\u00f3 al haberse aferrado a la dirigencia nacional priista.<\/p>\n\n\n<div class=\"wp-block-image\">\n<figure class=\"alignleft size-medium\"><a href=\"https:\/\/lospoliticosveracruz.com.mx\/wp-content\/uploads\/2021\/10\/Zacauilt.jpg\"><img decoding=\"async\" src=\"https:\/\/lospoliticosveracruz.com.mx\/wp-content\/uploads\/2021\/10\/Zacauilt-150x300.jpg\" alt=\"\" class=\"wp-image-80558\"\/><\/a><\/figure><\/div>\n\n\n<p><br>\u00bfPor qu\u00e9 es un error?, porque le est\u00e1n dando demasiada importancia a quien est\u00e1 en un lejano tercer lugar y que se ha mostrado como una caricatura, que no tiene con qu\u00e9 poder ganar y menos gobernar.<br>\u00c1lvarez, porque es su apellido paterno, no se gobierna s\u00f3lo, y tal parece que Alito ha olvidado que ese candidato no es m\u00e1s que un instrumento de Dante Delgado, due\u00f1o de la franquicia MC, quien lo est\u00e1 utilizando para dos cosas: Conservar el registro y, fundamentalmente, seguir disfrutando de las prerrogativas como partido.<br>Al parecer no conocen al veracruzano; Dante un d\u00eda puede decir si y, al rato, es no. El exgobernador juega como mejor le convenga y, en estos tiempos, lo mejor para \u00e9l es la alianza con palacio nacional.<br>Dante sabe c\u00f3mo jugar, m\u00e1s a\u00fan, con qui\u00e9n, por lo que su mejor y \u00fanica opci\u00f3n es lo que quiera el presidente.<br>As\u00ed que, aunque \u00c1lvarez M\u00e1ynez llegara a hacer conciencia, ver objetivamente la realidad y optara por renunciar, enfrente encontrar\u00eda la mano de Dante dando el manotazo y, de \u00faltima hora, pedir\u00eda el cambio de candidato para poner a quien se quiera prestar a ser esquirol y jug\u00e1rsela en busca de mantener el registro. Y lo peor de todo es que ese es el verdadero bot\u00edn y esta \u00faltima jugada emergente s\u00ed se la validar\u00eda el INE porque su presidenta obedece a los mismos intereses que Dante.<br>Por cierto, \u00c1lvarez estuvo hoy en Xalapa y, en el Campus de la Universidad An\u00e1huac, dio muestras de que lo dicho por Alito, origin\u00f3 que se le subiera el agua al tinaco y mostr\u00f3 un comportamiento grosero y prepotente\u2026 mareado y soberbio.<br>Al tiempo.<\/p>\n","protected":false},"excerpt":{"rendered":"<p>Luis BustosEnEstaHora En mi apreciaci\u00f3n personal, Alejandro Moreno C\u00e1rdenas es uno de los peores dirigentes de la historia del PRI; sin embargo, tiene un m\u00e9rito: haber abonado a la construcci\u00f3n de la coalici\u00f3n Fuerza y Coraz\u00f3n por M\u00e9xico.Lo dem\u00e1s, es lo de menos, pero a estas alturas del proceso electoral, creo que invitar a Jorge [&hellip;]<\/p>\n","protected":false},"author":2,"featured_media":0,"comment_status":"closed","ping_status":"closed","sticky":false,"template":"","format":"standard","meta":{"_jetpack_newsletter_access":"","_jetpack_dont_email_post_to_subs":false,"_jetpack_newsletter_tier_id":0,"_jetpack_memberships_contains_paywalled_content":false,"_jetpack_memberships_contains_paid_content":false,"footnotes":""},"categories":[70],"tags":[15048,16759],"class_list":["post-124327","post","type-post","status-publish","format-standard","hentry","category-de-opinion","tag-alejandro-moreno-cardenas","tag-luis-bustos"],"jetpack_featured_media_url":"","jetpack_sharing_enabled":true,"jetpack_shortlink":"https:\/\/wp.me\/p4Qcd3-wlh","_links":{"self":[{"href":"https:\/\/lospoliticosveracruz.com.mx\/index.php?rest_route=\/wp\/v2\/posts\/124327","targetHints":{"allow":["GET"]}}],"collection":[{"href":"https:\/\/lospoliticosveracruz.com.mx\/index.php?rest_route=\/wp\/v2\/posts"}],"about":[{"href":"https:\/\/lospoliticosveracruz.com.mx\/index.php?rest_route=\/wp\/v2\/types\/post"}],"author":[{"embeddable":true,"href":"https:\/\/lospoliticosveracruz.com.mx\/index.php?rest_route=\/wp\/v2\/users\/2"}],"replies":[{"embeddable":true,"href":"https:\/\/lospoliticosveracruz.com.mx\/index.php?rest_route=%2Fwp%2Fv2%2Fcomments&post=124327"}],"version-history":[{"count":2,"href":"https:\/\/lospoliticosveracruz.com.mx\/index.php?rest_route=\/wp\/v2\/posts\/124327\/revisions"}],"predecessor-version":[{"id":124329,"href":"https:\/\/lospoliticosveracruz.com.mx\/index.php?rest_route=\/wp\/v2\/posts\/124327\/revisions\/124329"}],"wp:attachment":[{"href":"https:\/\/lospoliticosveracruz.com.mx\/index.php?rest_route=%2Fwp%2Fv2%2Fmedia&parent=124327"}],"wp:term":[{"taxonomy":"category","embeddable":true,"href":"https:\/\/lospoliticosveracruz.com.mx\/index.php?rest_route=%2Fwp%2Fv2%2Fcategories&post=124327"},{"taxonomy":"post_tag","embeddable":true,"href":"https:\/\/lospoliticosveracruz.com.mx\/index.php?rest_route=%2Fwp%2Fv2%2Ftags&post=124327"}],"curies":[{"name":"wp","href":"https:\/\/api.w.org\/{rel}","templated":true}]}}