{"id":125033,"date":"2024-05-24T17:10:59","date_gmt":"2024-05-24T22:10:59","guid":{"rendered":"https:\/\/lospoliticosveracruz.com.mx\/?p=125033"},"modified":"2024-05-24T17:11:14","modified_gmt":"2024-05-24T22:11:14","slug":"chiquinando-en-la-mira-2","status":"publish","type":"post","link":"https:\/\/lospoliticosveracruz.com.mx\/?p=125033","title":{"rendered":"CHIQUINANDO, EN LA MIRA!"},"content":{"rendered":"\n<p><\/p>\n\n\n\n<p>En medio del proceso electoral, el \u00d3rgano de Fiscalizaci\u00f3n Superior (ORFIS) present\u00f3 una denuncia por un da\u00f1o patrimonial de 92 millones 997 mil pesos en el Ayuntamiento de Veracruz que presidi\u00f3 el panista Fernando Yunes M\u00e1rquez, actual candidato a diputado local por la v\u00eda plurinominal de la coalici\u00f3n \u201cFuerza y Coraz\u00f3n por Veracruz\u201d.<br>Esta denuncia se present\u00f3 ante la Fiscal\u00eda de Investigaciones Ministeriales y qued\u00f3 radicada en la Carpeta de Investigaci\u00f3n FGE\/FIM\/F4\/036\/2024 y es la segunda que involucra al panista.<br>El 16 de diciembre del 2020, se present\u00f3 la primera por un da\u00f1o patrimonial de 10 millones 339 mil pesos.<br>En la revisi\u00f3n de la Cuenta P\u00fablica 2021, la \u00faltima de la administraci\u00f3n municipal, el ente fiscalizador detect\u00f3 un presunto da\u00f1o patrimonial por 117 millones 507 mil pesos.<\/p>\n","protected":false},"excerpt":{"rendered":"<p>En medio del proceso electoral, el \u00d3rgano de Fiscalizaci\u00f3n Superior (ORFIS) present\u00f3 una denuncia por un da\u00f1o patrimonial de 92 millones 997 mil pesos en el Ayuntamiento de Veracruz que presidi\u00f3 el panista Fernando Yunes M\u00e1rquez, actual candidato a diputado local por la v\u00eda plurinominal de la coalici\u00f3n \u201cFuerza y Coraz\u00f3n por Veracruz\u201d.Esta denuncia se [&hellip;]<\/p>\n","protected":false},"author":2,"featured_media":0,"comment_status":"closed","ping_status":"closed","sticky":false,"template":"","format":"standard","meta":{"_jetpack_newsletter_access":"","_jetpack_dont_email_post_to_subs":false,"_jetpack_newsletter_tier_id":0,"_jetpack_memberships_contains_paywalled_content":false,"_jetpack_memberships_contains_paid_content":false,"footnotes":""},"categories":[73],"tags":[709,135],"class_list":["post-125033","post","type-post","status-publish","format-standard","hentry","category-de-boleto","tag-dano-patrimonial","tag-orfis"],"jetpack_featured_media_url":"","jetpack_sharing_enabled":true,"jetpack_shortlink":"https:\/\/wp.me\/p4Qcd3-wwF","_links":{"self":[{"href":"https:\/\/lospoliticosveracruz.com.mx\/index.php?rest_route=\/wp\/v2\/posts\/125033","targetHints":{"allow":["GET"]}}],"collection":[{"href":"https:\/\/lospoliticosveracruz.com.mx\/index.php?rest_route=\/wp\/v2\/posts"}],"about":[{"href":"https:\/\/lospoliticosveracruz.com.mx\/index.php?rest_route=\/wp\/v2\/types\/post"}],"author":[{"embeddable":true,"href":"https:\/\/lospoliticosveracruz.com.mx\/index.php?rest_route=\/wp\/v2\/users\/2"}],"replies":[{"embeddable":true,"href":"https:\/\/lospoliticosveracruz.com.mx\/index.php?rest_route=%2Fwp%2Fv2%2Fcomments&post=125033"}],"version-history":[{"count":1,"href":"https:\/\/lospoliticosveracruz.com.mx\/index.php?rest_route=\/wp\/v2\/posts\/125033\/revisions"}],"predecessor-version":[{"id":125035,"href":"https:\/\/lospoliticosveracruz.com.mx\/index.php?rest_route=\/wp\/v2\/posts\/125033\/revisions\/125035"}],"wp:attachment":[{"href":"https:\/\/lospoliticosveracruz.com.mx\/index.php?rest_route=%2Fwp%2Fv2%2Fmedia&parent=125033"}],"wp:term":[{"taxonomy":"category","embeddable":true,"href":"https:\/\/lospoliticosveracruz.com.mx\/index.php?rest_route=%2Fwp%2Fv2%2Fcategories&post=125033"},{"taxonomy":"post_tag","embeddable":true,"href":"https:\/\/lospoliticosveracruz.com.mx\/index.php?rest_route=%2Fwp%2Fv2%2Ftags&post=125033"}],"curies":[{"name":"wp","href":"https:\/\/api.w.org\/{rel}","templated":true}]}}