{"id":125036,"date":"2024-05-24T17:21:57","date_gmt":"2024-05-24T22:21:57","guid":{"rendered":"https:\/\/lospoliticosveracruz.com.mx\/?p=125036"},"modified":"2024-05-24T17:22:13","modified_gmt":"2024-05-24T22:22:13","slug":"el-profe-invita","status":"publish","type":"post","link":"https:\/\/lospoliticosveracruz.com.mx\/?p=125036","title":{"rendered":"EL PROFE INVITA!"},"content":{"rendered":"\n<p><\/p>\n\n\n\n<p><strong>Coatepec<\/strong><br>El Profesor Ram\u00f3n D\u00edaz \u00c1vila, candidato a diputado local por la coalici\u00f3n PT-Morena-Partido Verde, extiende una cordial invitaci\u00f3n a todos los ciudadanos al gran cierre de campa\u00f1a de Roc\u00edo Nahle, candidata a la gubernatura de Veracruz, y Claudia Sheinbaum, candidata a la presidencia de la Rep\u00fablica, que se llevar\u00e1 a cabo ma\u00f1ana, s\u00e1bado 25 de mayo, en Plaza Lerdo a las 10:30 a.m.<\/p>\n\n\n<div class=\"wp-block-image\">\n<figure class=\"alignleft size-thumbnail\"><a href=\"https:\/\/lospoliticosveracruz.com.mx\/wp-content\/uploads\/2023\/08\/Alex.jpg\"><img decoding=\"async\" src=\"https:\/\/lospoliticosveracruz.com.mx\/wp-content\/uploads\/2023\/08\/Alex-150x150.jpg\" alt=\"\" class=\"wp-image-110522\"\/><\/a><\/figure><\/div>\n\n\n<ul class=\"wp-block-list\"><\/ul>\n\n\n\n<p>En un emotivo mensaje, el Profesor D\u00edaz \u00c1vila destac\u00f3 la importancia de este evento para consolidar el apoyo a los candidatos de la coalici\u00f3n, quienes representan la continuidad del cambio y el progreso en Veracruz. \u00abLa participaci\u00f3n de todos ustedes es crucial para seguir construyendo un estado m\u00e1s justo y pr\u00f3spero. Roc\u00edo Nahle y Claudia Sheinbaum han demostrado un firme compromiso con los valores de nuestro movimiento y su liderazgo ser\u00e1 clave para el futuro de Veracruz\u00bb, afirm\u00f3.<\/p>\n\n\n\n<p>El evento, que promete ser uno de los m\u00e1s grandes de la campa\u00f1a, contar\u00e1 con la presencia de importantes l\u00edderes locales y nacionales. \u00abEste cierre de campa\u00f1a no solo es una celebraci\u00f3n de nuestros logros, sino tambi\u00e9n una reafirmaci\u00f3n de nuestro compromiso con el pueblo veracruzano. Invito a todos a unirse a nosotros en esta gran fiesta de la democracia\u00bb, a\u00f1adi\u00f3 el Profesor D\u00edaz \u00c1vila.<\/p>\n\n\n\n<p>El Profesor Ram\u00f3n D\u00edaz \u00c1vila ha sido una figura destacada en la pol\u00edtica local, reconocido por su incansable trabajo en favor de la educaci\u00f3n y el bienestar social. Su candidatura a diputado local por Coatepec, Ver. representa una oportunidad para fortalecer las iniciativas y pol\u00edticas que han beneficiado a la comunidad veracruzana.<\/p>\n\n\n\n<p>No falten a esta gran cita, donde juntos seguiremos haciendo historia en Veracruz.<\/p>\n\n\n\n<p><strong>Detalles del Evento:<\/strong><\/p>\n\n\n\n<ul class=\"wp-block-list\">\n<li><strong>Fecha:<\/strong> S\u00e1bado, 25 de mayo<\/li>\n\n\n\n<li><strong>Hora:<\/strong> 10:30 a.m.<\/li>\n\n\n\n<li><strong>Lugar:<\/strong> Plaza Lerdo, Xalapa<\/li>\n<\/ul>\n","protected":false},"excerpt":{"rendered":"<p>CoatepecEl Profesor Ram\u00f3n D\u00edaz \u00c1vila, candidato a diputado local por la coalici\u00f3n PT-Morena-Partido Verde, extiende una cordial invitaci\u00f3n a todos los ciudadanos al gran cierre de campa\u00f1a de Roc\u00edo Nahle, candidata a la gubernatura de Veracruz, y Claudia Sheinbaum, candidata a la presidencia de la Rep\u00fablica, que se llevar\u00e1 a cabo ma\u00f1ana, s\u00e1bado 25 de [&hellip;]<\/p>\n","protected":false},"author":2,"featured_media":0,"comment_status":"closed","ping_status":"closed","sticky":false,"template":"","format":"standard","meta":{"_jetpack_newsletter_access":"","_jetpack_dont_email_post_to_subs":false,"_jetpack_newsletter_tier_id":0,"_jetpack_memberships_contains_paywalled_content":false,"_jetpack_memberships_contains_paid_content":false,"footnotes":""},"categories":[73],"tags":[9627,40986],"class_list":["post-125036","post","type-post","status-publish","format-standard","hentry","category-de-boleto","tag-claudia-sheinbaum","tag-profesor-ramon-diaz-avila"],"jetpack_featured_media_url":"","jetpack_sharing_enabled":true,"jetpack_shortlink":"https:\/\/wp.me\/p4Qcd3-wwI","_links":{"self":[{"href":"https:\/\/lospoliticosveracruz.com.mx\/index.php?rest_route=\/wp\/v2\/posts\/125036","targetHints":{"allow":["GET"]}}],"collection":[{"href":"https:\/\/lospoliticosveracruz.com.mx\/index.php?rest_route=\/wp\/v2\/posts"}],"about":[{"href":"https:\/\/lospoliticosveracruz.com.mx\/index.php?rest_route=\/wp\/v2\/types\/post"}],"author":[{"embeddable":true,"href":"https:\/\/lospoliticosveracruz.com.mx\/index.php?rest_route=\/wp\/v2\/users\/2"}],"replies":[{"embeddable":true,"href":"https:\/\/lospoliticosveracruz.com.mx\/index.php?rest_route=%2Fwp%2Fv2%2Fcomments&post=125036"}],"version-history":[{"count":1,"href":"https:\/\/lospoliticosveracruz.com.mx\/index.php?rest_route=\/wp\/v2\/posts\/125036\/revisions"}],"predecessor-version":[{"id":125038,"href":"https:\/\/lospoliticosveracruz.com.mx\/index.php?rest_route=\/wp\/v2\/posts\/125036\/revisions\/125038"}],"wp:attachment":[{"href":"https:\/\/lospoliticosveracruz.com.mx\/index.php?rest_route=%2Fwp%2Fv2%2Fmedia&parent=125036"}],"wp:term":[{"taxonomy":"category","embeddable":true,"href":"https:\/\/lospoliticosveracruz.com.mx\/index.php?rest_route=%2Fwp%2Fv2%2Fcategories&post=125036"},{"taxonomy":"post_tag","embeddable":true,"href":"https:\/\/lospoliticosveracruz.com.mx\/index.php?rest_route=%2Fwp%2Fv2%2Ftags&post=125036"}],"curies":[{"name":"wp","href":"https:\/\/api.w.org\/{rel}","templated":true}]}}