{"id":125042,"date":"2024-05-24T18:30:48","date_gmt":"2024-05-24T23:30:48","guid":{"rendered":"https:\/\/lospoliticosveracruz.com.mx\/?p=125042"},"modified":"2024-05-24T18:31:19","modified_gmt":"2024-05-24T23:31:19","slug":"cruzado-no-parejo-si","status":"publish","type":"post","link":"https:\/\/lospoliticosveracruz.com.mx\/?p=125042","title":{"rendered":"CRUZADO NO, PAREJO S\u00cd"},"content":{"rendered":"\n<p><\/p>\n\n\n\n<p><strong>Moloac\u00e1n<\/strong><br>El voto del pr\u00f3ximo 2 de junio debe ser parejo para Morena, PT, Partido Verde o Fuerza por M\u00e9xico, asegur\u00f3 la candidata de la Coalici\u00f3n \u201cSigamos Haciendo Historia\u201d a la gubernatura de Veracruz, Roc\u00edo Nahle Garc\u00eda.<\/p>\n\n\n\n<p>Destac\u00f3 que quien exhort\u00e9 a votar \u201cpor este s\u00ed y por este no\u201d, no est\u00e1 con el proyecto de naci\u00f3n sino a favor de intereses personales que no van con la Cuarta Transformaci\u00f3n.<\/p>\n\n\n\n<p>Revel\u00f3 que la oposici\u00f3n \u201cest\u00e1 zopiloteando\u201d la intenci\u00f3n de voto pero el pueblo es sabio, est\u00e1 informado y comprometido con la transformaci\u00f3n, m\u00e1s en el sureste, cuna de la 4T, asever\u00f3.<\/p>\n\n\n\n<p>\u201cVoto parejo, parejo, si somos de Morena, los cinco Morena, si somos del Verde, cinco del Verde, si son del PT, PT y si son Fuerza por M\u00e9xico, Fuerza por M\u00e9xico\u201d, explic\u00f3.<\/p>\n\n\n\n<p>Roc\u00edo Nahle agreg\u00f3 que para concretar el Plan C, el 2 de junio todos y todas deben salir a votar\u201ccinco de cinco\u201d<\/p>\n\n\n\n<p>Record\u00f3 que el movimiento est\u00e1 integrado por gente comprometida y cada cuadro que representa esta coalici\u00f3n, en cualquiera de los cargos de elecci\u00f3n popular que est\u00e1n en juego, tienen un compromiso con la Cuarta Transformaci\u00f3n.<\/p>\n\n\n\n<p>Ahora, indic\u00f3, est\u00e1n en campa\u00f1a los aspirantes al Senado de la Rep\u00fablica, a la C\u00e1mara de Diputados federal, al Congreso Local y a la Presidencia de la Rep\u00fablica as\u00ed como a la gubernatura de Veracruz \u201ctodo parejo compa\u00f1eros, parejo\u201d, concluy\u00f3.<\/p>\n","protected":false},"excerpt":{"rendered":"<p>Moloac\u00e1nEl voto del pr\u00f3ximo 2 de junio debe ser parejo para Morena, PT, Partido Verde o Fuerza por M\u00e9xico, asegur\u00f3 la candidata de la Coalici\u00f3n \u201cSigamos Haciendo Historia\u201d a la gubernatura de Veracruz, Roc\u00edo Nahle Garc\u00eda. Destac\u00f3 que quien exhort\u00e9 a votar \u201cpor este s\u00ed y por este no\u201d, no est\u00e1 con el proyecto de [&hellip;]<\/p>\n","protected":false},"author":2,"featured_media":0,"comment_status":"closed","ping_status":"closed","sticky":false,"template":"","format":"standard","meta":{"_jetpack_newsletter_access":"","_jetpack_dont_email_post_to_subs":false,"_jetpack_newsletter_tier_id":0,"_jetpack_memberships_contains_paywalled_content":false,"_jetpack_memberships_contains_paid_content":false,"footnotes":""},"categories":[73],"tags":[618,1026,965,2289,3578,195],"class_list":["post-125042","post","type-post","status-publish","format-standard","hentry","category-de-boleto","tag-andres-manuel-lopez-obrador","tag-morena","tag-partido-verde","tag-pt","tag-rocio-nahle","tag-veracruz"],"jetpack_featured_media_url":"","jetpack_sharing_enabled":true,"jetpack_shortlink":"https:\/\/wp.me\/p4Qcd3-wwO","_links":{"self":[{"href":"https:\/\/lospoliticosveracruz.com.mx\/index.php?rest_route=\/wp\/v2\/posts\/125042","targetHints":{"allow":["GET"]}}],"collection":[{"href":"https:\/\/lospoliticosveracruz.com.mx\/index.php?rest_route=\/wp\/v2\/posts"}],"about":[{"href":"https:\/\/lospoliticosveracruz.com.mx\/index.php?rest_route=\/wp\/v2\/types\/post"}],"author":[{"embeddable":true,"href":"https:\/\/lospoliticosveracruz.com.mx\/index.php?rest_route=\/wp\/v2\/users\/2"}],"replies":[{"embeddable":true,"href":"https:\/\/lospoliticosveracruz.com.mx\/index.php?rest_route=%2Fwp%2Fv2%2Fcomments&post=125042"}],"version-history":[{"count":1,"href":"https:\/\/lospoliticosveracruz.com.mx\/index.php?rest_route=\/wp\/v2\/posts\/125042\/revisions"}],"predecessor-version":[{"id":125044,"href":"https:\/\/lospoliticosveracruz.com.mx\/index.php?rest_route=\/wp\/v2\/posts\/125042\/revisions\/125044"}],"wp:attachment":[{"href":"https:\/\/lospoliticosveracruz.com.mx\/index.php?rest_route=%2Fwp%2Fv2%2Fmedia&parent=125042"}],"wp:term":[{"taxonomy":"category","embeddable":true,"href":"https:\/\/lospoliticosveracruz.com.mx\/index.php?rest_route=%2Fwp%2Fv2%2Fcategories&post=125042"},{"taxonomy":"post_tag","embeddable":true,"href":"https:\/\/lospoliticosveracruz.com.mx\/index.php?rest_route=%2Fwp%2Fv2%2Ftags&post=125042"}],"curies":[{"name":"wp","href":"https:\/\/api.w.org\/{rel}","templated":true}]}}