{"id":125280,"date":"2024-05-28T09:02:39","date_gmt":"2024-05-28T14:02:39","guid":{"rendered":"https:\/\/lospoliticosveracruz.com.mx\/?p=125280"},"modified":"2024-05-28T09:02:47","modified_gmt":"2024-05-28T14:02:47","slug":"se-hizo-humo","status":"publish","type":"post","link":"https:\/\/lospoliticosveracruz.com.mx\/?p=125280","title":{"rendered":"SE HIZO \u201cHUMO\u201d!"},"content":{"rendered":"\n<p><\/p>\n\n\n\n<p><strong>Xalapa, Veracruz, 27 de mayo de 2024<\/strong><\/p>\n\n\n\n<p>Ren\u00e9 Castro, representante de Movimiento Ciudadano ante el Consejo Distrital del OPLE, ha denunciado la desaparici\u00f3n de una boleta electoral correspondiente a la casilla 1895 contigua 3, destinada a la elecci\u00f3n de diputado local por el distrito XI Xalapa. La boleta extraviada ha sido identificada con el n\u00famero de folio 093 322.<\/p>\n\n\n<div class=\"wp-block-image\">\n<figure class=\"alignleft size-thumbnail\"><a href=\"https:\/\/lospoliticosveracruz.com.mx\/wp-content\/uploads\/2023\/08\/Alex.jpg\"><img decoding=\"async\" src=\"https:\/\/lospoliticosveracruz.com.mx\/wp-content\/uploads\/2023\/08\/Alex-150x150.jpg\" alt=\"\" class=\"wp-image-110522\"\/><\/a><\/figure><\/div>\n\n\n<p>Al respecto, el representante del partido Movimiento Ciudadano dijo: \u00abEs fundamental que el Consejo proporcione a los ciudadanos la certeza de que la elecci\u00f3n ser\u00e1 limpia. Este es un valor primordial para nuestra democracia\u00bb.<\/p>\n\n\n\n<p>Asimismo, Ren\u00e9 Castro enfatiz\u00f3 que no descartan tomar las acciones legales pertinentes para asegurar a la ciudadan\u00eda que Movimiento Ciudadano velar\u00e1 por la integridad del proceso electoral del pr\u00f3ximo domingo.<\/p>\n\n\n\n<p>Este incidente subraya la falta de transparencia y seguridad de los comicios en Xalapa.<\/p>\n","protected":false},"excerpt":{"rendered":"<p>Xalapa, Veracruz, 27 de mayo de 2024 Ren\u00e9 Castro, representante de Movimiento Ciudadano ante el Consejo Distrital del OPLE, ha denunciado la desaparici\u00f3n de una boleta electoral correspondiente a la casilla 1895 contigua 3, destinada a la elecci\u00f3n de diputado local por el distrito XI Xalapa. La boleta extraviada ha sido identificada con el n\u00famero [&hellip;]<\/p>\n","protected":false},"author":2,"featured_media":0,"comment_status":"closed","ping_status":"closed","sticky":false,"template":"","format":"standard","meta":{"_jetpack_newsletter_access":"","_jetpack_dont_email_post_to_subs":false,"_jetpack_newsletter_tier_id":0,"_jetpack_memberships_contains_paywalled_content":false,"_jetpack_memberships_contains_paid_content":false,"footnotes":""},"categories":[72],"tags":[2327,41067],"class_list":["post-125280","post","type-post","status-publish","format-standard","hentry","category-palomazos","tag-movimiento-ciudadano","tag-rene-castro"],"jetpack_featured_media_url":"","jetpack_sharing_enabled":true,"jetpack_shortlink":"https:\/\/wp.me\/p4Qcd3-wAE","_links":{"self":[{"href":"https:\/\/lospoliticosveracruz.com.mx\/index.php?rest_route=\/wp\/v2\/posts\/125280","targetHints":{"allow":["GET"]}}],"collection":[{"href":"https:\/\/lospoliticosveracruz.com.mx\/index.php?rest_route=\/wp\/v2\/posts"}],"about":[{"href":"https:\/\/lospoliticosveracruz.com.mx\/index.php?rest_route=\/wp\/v2\/types\/post"}],"author":[{"embeddable":true,"href":"https:\/\/lospoliticosveracruz.com.mx\/index.php?rest_route=\/wp\/v2\/users\/2"}],"replies":[{"embeddable":true,"href":"https:\/\/lospoliticosveracruz.com.mx\/index.php?rest_route=%2Fwp%2Fv2%2Fcomments&post=125280"}],"version-history":[{"count":1,"href":"https:\/\/lospoliticosveracruz.com.mx\/index.php?rest_route=\/wp\/v2\/posts\/125280\/revisions"}],"predecessor-version":[{"id":125281,"href":"https:\/\/lospoliticosveracruz.com.mx\/index.php?rest_route=\/wp\/v2\/posts\/125280\/revisions\/125281"}],"wp:attachment":[{"href":"https:\/\/lospoliticosveracruz.com.mx\/index.php?rest_route=%2Fwp%2Fv2%2Fmedia&parent=125280"}],"wp:term":[{"taxonomy":"category","embeddable":true,"href":"https:\/\/lospoliticosveracruz.com.mx\/index.php?rest_route=%2Fwp%2Fv2%2Fcategories&post=125280"},{"taxonomy":"post_tag","embeddable":true,"href":"https:\/\/lospoliticosveracruz.com.mx\/index.php?rest_route=%2Fwp%2Fv2%2Ftags&post=125280"}],"curies":[{"name":"wp","href":"https:\/\/api.w.org\/{rel}","templated":true}]}}