{"id":125282,"date":"2024-05-28T09:17:18","date_gmt":"2024-05-28T14:17:18","guid":{"rendered":"https:\/\/lospoliticosveracruz.com.mx\/?p=125282"},"modified":"2024-05-28T09:17:29","modified_gmt":"2024-05-28T14:17:29","slug":"cierra-fuerte-maryjose","status":"publish","type":"post","link":"https:\/\/lospoliticosveracruz.com.mx\/?p=125282","title":{"rendered":"CIERRA FUERTE MARYJOSE"},"content":{"rendered":"\n<p><strong>Oved Contreras<\/strong><\/p>\n\n\n\n<p><em>Secas Mecas<\/em><\/p>\n\n\n\n<p>Con el firme compromiso de representar dignamente a Veracruz y Boca del R\u00edo en el Congreso federal, con el creciente respaldo ciudadano y, sobre todo, con un enorme agradecimiento a quienes le han expresado su total confianza, Maryjose Gamboa concluye en esta semana su campa\u00f1a para la elecci\u00f3n con la confianza del triunfo el pr\u00f3ximo\u00a0\u00a02 de junio.<\/p>\n\n\n<div class=\"wp-block-image\">\n<figure class=\"alignleft size-thumbnail\"><a href=\"https:\/\/lospoliticosveracruz.com.mx\/wp-content\/uploads\/2023\/02\/Vinissimo.jpg\"><img decoding=\"async\" src=\"https:\/\/lospoliticosveracruz.com.mx\/wp-content\/uploads\/2023\/02\/Vinissimo-150x150.jpg\" alt=\"\" class=\"wp-image-102752\"\/><\/a><\/figure><\/div>\n\n\n<p>Luego de tres meses en los que salud\u00f3 de mano a m\u00e1s de 35 mil personas, camin\u00f3 m\u00e1s de 850 kil\u00f3metros durante 135 intensas jornadas y recorri\u00f3 255 colonias de ambos municipios a las que visit\u00f3 hasta cuatro veces, la abanderada panista expresa su agradecimiento a cada persona que le abri\u00f3 la puerta de su hogar y a quienes han avanzado con ella en busca de un futuro mejor para Veracruz.<\/p>\n\n\n\n<p>En las tres ocasiones que ha logrado el voto mayoritario de los ciudadanos para ser legisladora, dos veces local y una federal, Maryjose Gamboa ha defendido y luchado por los derechos de las y los veracruzanos, siempre alzando la voz ante las injusticias con valent\u00eda y claridad. En su trabajo legislativo, ha dejado constancia de su visi\u00f3n y conocimiento de la realidad y de su capacidad en el planteamiento de las soluciones a los problemas m\u00e1s apremiantes. Una de sus luchas es la reclasificaci\u00f3n de las tarifas el\u00e9ctricas por cada municipio de Veracruz y un servicio de calidad por parte de la Comisi\u00f3n Federal de Electricidad (CFE).<\/p>\n\n\n\n<p>Su cercan\u00eda con la gente le ha permitido conocer las dificultades de las y los emprendedores y propietarios de peque\u00f1os negocios y tiendas. Por eso, ahora busca que el gobierno federal otorgue los apoyos que les permitan crecer, as\u00ed como acceder al autoempleo y generar ingresos que refuercen la econom\u00eda familiar. C\u00f3mo una prueba de su compromiso social, Maryjose ha apoyado con recursos propios a personas que habitan en las colonias marginadas y ha impulsado talleres donde m\u00e1s de 40 mil personas se han capacitado en Veracruz y Boca del R\u00edo. Todos ellos son testigos del buen trabajo que hace Maryjose como representante popular.<\/p>\n\n\n\n<p><strong>TATANACHO<\/strong>&#8230; pide clemencia pa su cachorro&#8230;seg\u00fan el enterado columnista Edgar Hern\u00e1ndez&#8230;el profe Atanasio Garc\u00eda ya se le acerc\u00f3 a gente de PepeYU pa gestionar una negociaci\u00f3n en favor del hijazo de su vidaza&#8230;el Cuicaras bailar\u00edn, salsero e inventor de qui\u00e9n sabe qu\u00e9 cosa.<\/p>\n\n\n\n<p>Dice el columnista que ya una manada de cuitlahue\u00f1os se le arriman al perote\u00f1o pa que les tenga piedad a partir del primero de diciembre&#8230;y uno de ellos es el pap\u00e1 del gobers&#8230; \u00ablos \u201cmensajeros\u201d de Cuitl\u00e1huac interceden y apresuran en favor de un \u201cdi\u00e1logo\u201d con Pepe. Como que algo temen. Vaya, hasta la rara familia del Cu\u00edcaras ya fue a tocar a la Casa de Campa\u00f1a de Pepe\u2026 \u00bfo no Atanasio?, publica el columnista.<\/p>\n\n\n\n<p>O sease que si es cierto lo que se dice en torno a los cuitlahue\u00f1os que ya se est\u00e1n bajando del barco de Do\u00f1a Zacatecango de Los Pelones pa gestionar que no los entamben en el pr\u00f3ximo sexenio&#8230;y ya pa que el mero patriarca del Clan Garc\u00eda se le arrime al PepeYU&#8230;est\u00e1 canija la cosa&#8230;.el miedo no anda en burro ni el burro agarr\u00f3 rumb\u00f3 a Zacatecas.<\/p>\n\n\n\n<p><strong>HASTA\u00a0\u00a0TUNDES GUINDAS<\/strong>&#8230;Y\u00a0\u00a0no solo los \u00fanicos pues los \u00abperiodistas guindas\u00bb tambi\u00e9n emprendieron la huida del zacatequismo al pepeyunismo&#8230;.\u00bbVaya hasta medios oficiales -del sur del estado, la cadena period\u00edstica de un tramposos empresario, RTV y localizadas redes sociales que hasta hace un par de d\u00edas proclamaban a los cuatro vientos una ventaja de \u201c22 a 30 puntos en favor de Nahle\u201d tuvieron que bajarle dos rayitas\u00bb..<\/p>\n\n\n\n<p>\u00abPeriodistas, articulistas, viejos pol\u00edticos, los que se la pasaron dese\u00e1ndole lo peor (al Yunes), los calumniadores, todos, absolutamente todos ya est\u00e1n envueltos en la patri\u00f3tica bandera de la Coalici\u00f3n Fuerza y Coraz\u00f3n por Veracruz\u00bb, cuenta Edgar Hern\u00e1ndez que es uno de los periodistas m\u00e1s cercanos al perote\u00f1o.<\/p>\n\n\n\n<p><strong>TUCOFU<\/strong>&#8230;Todos Unidos contra el Furcio..as\u00ed se llama el frente que los mismos morenistas armaron contra el dirigente estatal de Morena&#8230;el Furcio Teby Ram\u00edrez Ze-empeda&#8230;.le cargan todas las travesuras contra la T\u00eda Ch\u00edo&#8230;.que si filtr\u00f3 las reuniones de Casa Veracruz para operar&#8230;pero en contra de la candidata&#8230;que si les pas\u00f3 el tip a la prensa de que el Checo Rodr\u00edguez anda repartieron un mel\u00f3n de pesos por candidato de Morena&#8230;.pero solo los cercanos al Cuicar\u00e1s.<\/p>\n\n\n\n<p>Y pa que promuevan el voto cruzado&#8230;por ellos&#8230;por la Sheinbaum y por PepeYu&#8230;pasu mechita&#8230;y ahora le sacaron un audio donde el Furcio echa pestes contra la zacatecana diciendo que ya no la aguanta a ella y sus caderotas&#8230;que lo maltrata y ningunea&#8230;y que no es su penitente&#8230;que pa todo lo rega\u00f1a&#8230;bien enojado que se oye el Furcio Ze-empeda.<\/p>\n\n\n\n<p>Corriendo sali\u00f3 a decir que no es su voz&#8230;que es culpa de la Inteligencia Artificial y que ese audio lo grab\u00f3 la Robotina de los Supers\u00f3nicos&#8230;que fue le metiche del Arturito..o sea el R2-d2 de la Guerra de las Galaxias y que a Chuchita la bolesaron&#8230;ya no sabe qu\u00e9 excusa inventar&#8230;pero los que lo conocen bien dicen que asi mesmamente se expresa el Furcio de la do\u00f1a de Zacatecas&#8230;que s\u00ed es su voz.<\/p>\n\n\n\n<p>LE COPI\u00d3 A DUARTOCHO\u2026no sali\u00f3 tan honesto como dec\u00eda su defensor el Peje Andr\u00e9s Manuel L\u00f3pez Obrador\u2026el s\u00faper reportaje que ayer public\u00f3 Animal Pol\u00edtico exhibi\u00f3 todas las piller\u00edas del gobierno de Cuitl\u00e1huac Garc\u00eda en Veracruz que copi\u00f3 el mismo mecanismo que, hace seis a\u00f1os, empleaba el priista Javier Duarte para desviar recursos p\u00fablicos y que lo llev\u00f3 a la c\u00e1rcel: contactan a personas de escasos recursos y los enga\u00f1an para que firmen los papeles necesarios que les permitan crear empresas fantasma; luego les dan contratos millonarios para obras de educaci\u00f3n, salud e infraestructura y los recursos desaparecen, porque las obras no se hacen.<\/p>\n\n\n\n<p>Igual que Duarte, la administraci\u00f3n de Morena enlist\u00f3 como empresarios a personas que viven en zonas marginales del estado. Esta vez no eran promotores del voto, como hac\u00eda el PRI y que fue revelado por Animal Pol\u00edtico hace seis a\u00f1os, sino eligieron a beneficiarios de los programas sociales del gobierno del presidente Andr\u00e9s Manuel L\u00f3pez Obrador: Adultos Mayores, J\u00f3venes Construyendo el Futuro, Apoyo al Empleo, Becas y Microcr\u00e9ditos para el Bienestar.<\/p>\n\n\n\n<p>En todos los casos se pudo comprobar que los supuestos due\u00f1os de las empresas contratadas eran beneficiarios de estos programas sociales, que fueron enga\u00f1ados para firmar los papeles necesarios. Cuatro empresas fantasma recibieron al menos 439 millones de pesos de SIOP, Espacios Educativos, DIF, Salud y Asipona\u2026tiene mucha raz\u00f3n Cuitl\u00e1huac en preocuparse por los resultados electorales\u2026si no gana la zacatecana tendr\u00e1 que poner tierra de por medio.<\/p>\n","protected":false},"excerpt":{"rendered":"<p>Oved Contreras Secas Mecas Con el firme compromiso de representar dignamente a Veracruz y Boca del R\u00edo en el Congreso federal, con el creciente respaldo ciudadano y, sobre todo, con un enorme agradecimiento a quienes le han expresado su total confianza, Maryjose Gamboa concluye en esta semana su campa\u00f1a para la elecci\u00f3n con la confianza [&hellip;]<\/p>\n","protected":false},"author":2,"featured_media":119816,"comment_status":"closed","ping_status":"closed","sticky":false,"template":"","format":"standard","meta":{"_jetpack_newsletter_access":"","_jetpack_dont_email_post_to_subs":false,"_jetpack_newsletter_tier_id":0,"_jetpack_memberships_contains_paywalled_content":false,"_jetpack_memberships_contains_paid_content":false,"footnotes":""},"categories":[70],"tags":[1937,39715],"class_list":["post-125282","post","type-post","status-publish","format-standard","has-post-thumbnail","hentry","category-de-opinion","tag-maryjose-gamboa","tag-oved-contreras"],"jetpack_featured_media_url":"https:\/\/lospoliticosveracruz.com.mx\/wp-content\/uploads\/2024\/03\/Oved-Contreras.jpg","jetpack_sharing_enabled":true,"jetpack_shortlink":"https:\/\/wp.me\/p4Qcd3-wAG","_links":{"self":[{"href":"https:\/\/lospoliticosveracruz.com.mx\/index.php?rest_route=\/wp\/v2\/posts\/125282","targetHints":{"allow":["GET"]}}],"collection":[{"href":"https:\/\/lospoliticosveracruz.com.mx\/index.php?rest_route=\/wp\/v2\/posts"}],"about":[{"href":"https:\/\/lospoliticosveracruz.com.mx\/index.php?rest_route=\/wp\/v2\/types\/post"}],"author":[{"embeddable":true,"href":"https:\/\/lospoliticosveracruz.com.mx\/index.php?rest_route=\/wp\/v2\/users\/2"}],"replies":[{"embeddable":true,"href":"https:\/\/lospoliticosveracruz.com.mx\/index.php?rest_route=%2Fwp%2Fv2%2Fcomments&post=125282"}],"version-history":[{"count":1,"href":"https:\/\/lospoliticosveracruz.com.mx\/index.php?rest_route=\/wp\/v2\/posts\/125282\/revisions"}],"predecessor-version":[{"id":125283,"href":"https:\/\/lospoliticosveracruz.com.mx\/index.php?rest_route=\/wp\/v2\/posts\/125282\/revisions\/125283"}],"wp:featuredmedia":[{"embeddable":true,"href":"https:\/\/lospoliticosveracruz.com.mx\/index.php?rest_route=\/wp\/v2\/media\/119816"}],"wp:attachment":[{"href":"https:\/\/lospoliticosveracruz.com.mx\/index.php?rest_route=%2Fwp%2Fv2%2Fmedia&parent=125282"}],"wp:term":[{"taxonomy":"category","embeddable":true,"href":"https:\/\/lospoliticosveracruz.com.mx\/index.php?rest_route=%2Fwp%2Fv2%2Fcategories&post=125282"},{"taxonomy":"post_tag","embeddable":true,"href":"https:\/\/lospoliticosveracruz.com.mx\/index.php?rest_route=%2Fwp%2Fv2%2Ftags&post=125282"}],"curies":[{"name":"wp","href":"https:\/\/api.w.org\/{rel}","templated":true}]}}