{"id":125284,"date":"2024-05-28T09:52:11","date_gmt":"2024-05-28T14:52:11","guid":{"rendered":"https:\/\/lospoliticosveracruz.com.mx\/?p=125284"},"modified":"2024-05-28T09:52:27","modified_gmt":"2024-05-28T14:52:27","slug":"nuestra-cita-con-la-democracia","status":"publish","type":"post","link":"https:\/\/lospoliticosveracruz.com.mx\/?p=125284","title":{"rendered":"NUESTRA CITA CON LA DEMOCRACIA\u00a0"},"content":{"rendered":"\n<p><strong>Yair Ademar Dom\u00ednguez<\/strong><\/p>\n\n\n\n<p><em>Punto y Coma<\/em><\/p>\n\n\n\n<p>La democracia de un pueblo, de un pa\u00eds, de una naci\u00f3n s\u00f3lo se construye con la participaci\u00f3n ciudadana. No hay otra ruta. Las instituciones electorales en M\u00e9xico han insistido mucho en la importancia de que el ciudadano se involucre en los problemas de su comunidad, de su demarcaci\u00f3n, de su estado o pa\u00eds. \u201cLuego no te quejes\u201d, suelen decir, para referir la apat\u00eda.<\/p>\n\n\n\n<figure class=\"wp-block-image size-large\"><a href=\"https:\/\/lospoliticosveracruz.com.mx\/wp-content\/uploads\/2016\/07\/Seguro-Julio-Cerecedo-2.jpg\"><img decoding=\"async\" src=\"https:\/\/lospoliticosveracruz.com.mx\/wp-content\/uploads\/2016\/07\/Seguro-Julio-Cerecedo-2-1024x381.jpg\" alt=\"\" class=\"wp-image-105879\"\/><\/a><\/figure>\n\n\n\n<p>Hace seis a\u00f1os, en una elecci\u00f3n hist\u00f3rica, el presidente Andr\u00e9s Manuel L\u00f3pez Obrador obtuvo una ventaja de 30 puntos sobre su segundo competidor, una diferencia, dicen los datos recopilados, que no se hab\u00eda dado en una elecci\u00f3n presidencial desde 1982. A pesar de la gran participaci\u00f3n, votaron 2 de cada 3 electores, cuando en 1994 salieron a las urnas el 77% de la poblaci\u00f3n.&nbsp; &nbsp;<\/p>\n\n\n\n<p>El propio Instituto Nacional Electoral ha se\u00f1alado que la victoria del actual mandatario mexicano, respecto de su m\u00e1s cercano competidor, fue en ese momento la m\u00e1s amplia en 30 a\u00f1os. En 1982, leo en referencias de medios, el candidato Miguel de la Madrid (del PRI, PPS y PARM) obtuvo cuatro veces m\u00e1s votos que quien qued\u00f3 en segundo lugar en n\u00famero de votos, el panista Pablo Emilio Madero.&nbsp;<\/p>\n\n\n\n<p>Motivar a la participaci\u00f3n ha representado un reto para los institutos pol\u00edticos en todos los procesos electorales. Hay quienes le han apostado a la disrupci\u00f3n, a la \u201crotura o interrupci\u00f3n brusca\u201d, como dice el diccionario, para motivar sobre todo a la juventud, en el mundo de la viralizaci\u00f3n tiktokera o de lo que parecer\u00eda grotesco o hilarante. En muchos casos eso funciona, para atraer la atenci\u00f3n, para generar inter\u00e9s, pero a todos nos queda claro que despu\u00e9s, gobernar o legislar, no es un tema menor, porque ah\u00ed se requiere seriedad y compromiso.&nbsp;<\/p>\n\n\n\n<p>En esta ocasi\u00f3n, lo apuntamos ya aqu\u00ed en una columna anterior, el 35.03 por ciento de los inscritos en el padr\u00f3n electoral, en el caso de Veracruz, es menor de 35 a\u00f1os. Si tenemos 6 millones 080 mil 509 ciudadanos inscritos, dos millones 129 mil 507 son j\u00f3venes. Eso, naturalmente, ha representado un reto para todos los candidatos, de todos los partidos pol\u00edticos.&nbsp;&nbsp;<\/p>\n\n\n\n<p>Pero en general, el reto es participar, involucrarnos, acudir a las urnas. Cada ciudadano tiene una preferencia espec\u00edfica. No siempre se tiene conocimiento de todo el proyecto de naci\u00f3n de un candidato, de sus propuestas legislativas o de su plan de gobierno. Por lo regular todo se mueve en la superficie, por simpat\u00edas, por intereses, por amistades, etc\u00e9tera. Sea como sea, lo importante es participar, acudir a las urnas, involucrarse.&nbsp;<\/p>\n\n\n\n<p>Si, no, como apunt\u00e1bamos al principio y es dicho com\u00fan, no nos quejemos. Si queremos ser parte de los nuevos gobiernos o congresos federales o estatales, acudamos a las urnas. Inform\u00e9monos un poco de qu\u00e9 es lo que le conviene al pa\u00eds. Muchos hablan de la importancia de los contrapesos en la vida p\u00fablica. Todo es bueno. Lo importante es que cada ciudadano se ponga en marcha, se ponga su camiseta de participaci\u00f3n y acuda a las urnas.&nbsp;<\/p>\n\n\n\n<p>La democracia moderna, m\u00e1s all\u00e1 de los postulados que la sostienen como r\u00e9gimen de gobierno, se fundamenta en el fondo en la participaci\u00f3n ciudadana. El de las urnas es uno de los mecanismos que la sostienen, pero no es todo. La participaci\u00f3n implica, despu\u00e9s de los comicios, estar atentos, opinar, acudir a las convocatorias, criticar, generar contrapesos, pensando siempre en el bien de la comunidad.&nbsp;<\/p>\n\n\n\n<p>Vayamos pues, con \u00e1nimo decidido a esta cita hist\u00f3rica del pr\u00f3ximo domingo 2 de junio. Pensemos en M\u00e9xico y en Veracruz y no s\u00f3lo en el poder.&nbsp; &nbsp;<\/p>\n\n\n\n<p>Comentarios: Facebook Yair Ademar Dominguez Twitter @YairAdemar<\/p>\n","protected":false},"excerpt":{"rendered":"<p>Yair Ademar Dom\u00ednguez Punto y Coma La democracia de un pueblo, de un pa\u00eds, de una naci\u00f3n s\u00f3lo se construye con la participaci\u00f3n ciudadana. No hay otra ruta. Las instituciones electorales en M\u00e9xico han insistido mucho en la importancia de que el ciudadano se involucre en los problemas de su comunidad, de su demarcaci\u00f3n, de [&hellip;]<\/p>\n","protected":false},"author":2,"featured_media":119940,"comment_status":"closed","ping_status":"closed","sticky":false,"template":"","format":"standard","meta":{"_jetpack_newsletter_access":"","_jetpack_dont_email_post_to_subs":false,"_jetpack_newsletter_tier_id":0,"_jetpack_memberships_contains_paywalled_content":false,"_jetpack_memberships_contains_paid_content":false,"footnotes":""},"categories":[70],"tags":[207],"class_list":["post-125284","post","type-post","status-publish","format-standard","has-post-thumbnail","hentry","category-de-opinion","tag-democracia"],"jetpack_featured_media_url":"https:\/\/lospoliticosveracruz.com.mx\/wp-content\/uploads\/2024\/03\/Yair-Ademar.jpg","jetpack_sharing_enabled":true,"jetpack_shortlink":"https:\/\/wp.me\/p4Qcd3-wAI","_links":{"self":[{"href":"https:\/\/lospoliticosveracruz.com.mx\/index.php?rest_route=\/wp\/v2\/posts\/125284","targetHints":{"allow":["GET"]}}],"collection":[{"href":"https:\/\/lospoliticosveracruz.com.mx\/index.php?rest_route=\/wp\/v2\/posts"}],"about":[{"href":"https:\/\/lospoliticosveracruz.com.mx\/index.php?rest_route=\/wp\/v2\/types\/post"}],"author":[{"embeddable":true,"href":"https:\/\/lospoliticosveracruz.com.mx\/index.php?rest_route=\/wp\/v2\/users\/2"}],"replies":[{"embeddable":true,"href":"https:\/\/lospoliticosveracruz.com.mx\/index.php?rest_route=%2Fwp%2Fv2%2Fcomments&post=125284"}],"version-history":[{"count":2,"href":"https:\/\/lospoliticosveracruz.com.mx\/index.php?rest_route=\/wp\/v2\/posts\/125284\/revisions"}],"predecessor-version":[{"id":125286,"href":"https:\/\/lospoliticosveracruz.com.mx\/index.php?rest_route=\/wp\/v2\/posts\/125284\/revisions\/125286"}],"wp:featuredmedia":[{"embeddable":true,"href":"https:\/\/lospoliticosveracruz.com.mx\/index.php?rest_route=\/wp\/v2\/media\/119940"}],"wp:attachment":[{"href":"https:\/\/lospoliticosveracruz.com.mx\/index.php?rest_route=%2Fwp%2Fv2%2Fmedia&parent=125284"}],"wp:term":[{"taxonomy":"category","embeddable":true,"href":"https:\/\/lospoliticosveracruz.com.mx\/index.php?rest_route=%2Fwp%2Fv2%2Fcategories&post=125284"},{"taxonomy":"post_tag","embeddable":true,"href":"https:\/\/lospoliticosveracruz.com.mx\/index.php?rest_route=%2Fwp%2Fv2%2Ftags&post=125284"}],"curies":[{"name":"wp","href":"https:\/\/api.w.org\/{rel}","templated":true}]}}