{"id":125287,"date":"2024-05-28T10:56:50","date_gmt":"2024-05-28T15:56:50","guid":{"rendered":"https:\/\/lospoliticosveracruz.com.mx\/?p=125287"},"modified":"2024-05-28T10:57:20","modified_gmt":"2024-05-28T15:57:20","slug":"vamos-a-arrasar-3","status":"publish","type":"post","link":"https:\/\/lospoliticosveracruz.com.mx\/?p=125287","title":{"rendered":"\u00a1VAMOS A ARRASAR!"},"content":{"rendered":"\n<p><strong>Sergio Gonz\u00e1lez Levet<\/strong><\/p>\n\n\n\n<p><em>Sin tacto<\/em><\/p>\n\n\n\n<p>Digamos que hay dos bandos en M\u00e9xico. Uno es menor, el de los seguidores de Andr\u00e9s Manuel L\u00f3pez Obrador, y el otro muy numeroso, el de los ciudadanos que a fuerza de sufrir violencia, corrupci\u00f3n, enga\u00f1os e incapacidades se han visto en la necesidad, ahora en 2024, de salvar al pa\u00eds de sus salvadores de 2018.<\/p>\n\n\n<div class=\"wp-block-image\">\n<figure class=\"alignleft size-medium\"><a href=\"https:\/\/lospoliticosveracruz.com.mx\/wp-content\/uploads\/2021\/10\/WhatsApp-Image-2021-10-02-at-15.20.25.jpeg\"><img loading=\"lazy\" decoding=\"async\" width=\"212\" height=\"300\" src=\"https:\/\/lospoliticosveracruz.com.mx\/wp-content\/uploads\/2021\/10\/WhatsApp-Image-2021-10-02-at-15.20.25-212x300.jpeg\" alt=\"\" class=\"wp-image-80177\" srcset=\"https:\/\/lospoliticosveracruz.com.mx\/wp-content\/uploads\/2021\/10\/WhatsApp-Image-2021-10-02-at-15.20.25-212x300.jpeg 212w, https:\/\/lospoliticosveracruz.com.mx\/wp-content\/uploads\/2021\/10\/WhatsApp-Image-2021-10-02-at-15.20.25-724x1024.jpeg 724w, https:\/\/lospoliticosveracruz.com.mx\/wp-content\/uploads\/2021\/10\/WhatsApp-Image-2021-10-02-at-15.20.25-768x1086.jpeg 768w, https:\/\/lospoliticosveracruz.com.mx\/wp-content\/uploads\/2021\/10\/WhatsApp-Image-2021-10-02-at-15.20.25.jpeg 905w\" sizes=\"auto, (max-width: 212px) 100vw, 212px\" \/><\/a><\/figure><\/div>\n\n\n<p>&nbsp;&nbsp; &nbsp;&nbsp;Los pocos tienen los recursos del Gobierno, la fuerza de las armas, la complicidad de la delincuencia organizada; pelean por sus privilegios que les han permitido hacer grandes fortunas, ostentar un gran poder, vengarse de su pasado de opositores sin oficio ni beneficio.<\/p>\n\n\n\n<p>&nbsp;&nbsp; &nbsp;&nbsp;Los muchos ostentan su gran amor por M\u00e9xico, su deseo de una vida pac\u00edfica, sus ganas de prosperar y de que sus hijos se preparen para un mundo mejor, en el que todos sean, seamos felices.<\/p>\n\n\n\n<p>&nbsp;&nbsp; &nbsp;&nbsp;En el lado del partido oficial campean la soberbia, el desprecio por la ley, la falta de \u00e9tica, la creencia de que el Patriarca es el due\u00f1o del pa\u00eds y puede hacer lo que sea, por encima de la Constituci\u00f3n y de la voluntad popular.<\/p>\n\n\n\n<p>&nbsp;&nbsp; &nbsp;&nbsp;Del lado de la oposici\u00f3n, es cierto, perviven los vicios ocultos de un pasado de corrupci\u00f3n inaudita, de 71 a\u00f1os de una dictadura perfecta. Pero tambi\u00e9n ah\u00ed est\u00e1 la decencia, la vocaci\u00f3n de servir a los dem\u00e1s, el conocimiento de las fuerzas que mueven al mundo\u2026 ah, y la inteligencia.<\/p>\n\n\n\n<p>&nbsp;&nbsp; &nbsp;&nbsp;Aqu\u00e9llos quieren que siga la ca\u00edda en picada; \u00e9stos luchan por salvar a la Rep\u00fablica del cataclismo de la Cuarta Transformaci\u00f3n.<\/p>\n\n\n\n<p>&nbsp;&nbsp; &nbsp;&nbsp;Y van a ganar los ciudadanos.<\/p>\n\n\n\n<p>&nbsp;&nbsp; &nbsp;&nbsp;Lo sabemos cuando asistimos al comportamiento err\u00e1tico del Mes\u00edas, cuando los candidatos oficiales y sus operadores no atinan m\u00e1s que a comprar encuestas en las que aparecen arriba de una inexistente simpat\u00eda popular, a decir que van tan arriba que s\u00f3lo falta el tr\u00e1mite, a exigir que les crean que van ganando.<\/p>\n\n\n\n<p>&nbsp;&nbsp; &nbsp;&nbsp;Al igual que su l\u00edder desbocado, sordo y ciego, exultan el discurso de que con ellos y a partir de ellos estamos mejor que nunca y que no es cierto que este pa\u00eds est\u00e1 atravesado por las muertes horripilantes, por las obras vac\u00edas, por el derroche de los dineros p\u00fablicos, por la desidia, por la perdici\u00f3n.<\/p>\n\n\n\n<p>&nbsp;&nbsp; &nbsp;&nbsp;Y lo peor, creen que les vamos a seguir creyendo. Piensan que todos vemos en Claudia a una candidata simp\u00e1tica, cercana, conciliadora, aut\u00f3noma; est\u00e1n seguros de que otra vez 30 millones de personas seguir\u00e1n siendo una masa de incautos e ir\u00e1n a las urnas a votar por ellos.<\/p>\n\n\n\n<p>&nbsp;&nbsp; &nbsp;&nbsp;Pero no. Las mexicanas y los mexicanos de bien saldremos el domingo a ejercer nuestro derecho a decidir, diremos con una cruz que no nos parece tanta desgracia, tanta p\u00e9rdida, tantos males innecesarios.<\/p>\n\n\n\n<p>&nbsp;&nbsp; &nbsp;&nbsp;X\u00f3chitl en todo el pa\u00eds, Pepe Yunes en Veracruz y a lo largo de los estados los candidatos de la oposici\u00f3n van a recibir el benepl\u00e1cito de la mayor\u00eda, y con \u00e9l una enorme responsabilidad, la de salvarnos de la calamidad que hemos sufrido estos seis a\u00f1os.<\/p>\n\n\n\n<p>&nbsp;&nbsp; &nbsp;&nbsp;2 de junio no se olvidar\u00e1.<\/p>\n\n\n\n<p>sglevet@gmail.com<\/p>\n","protected":false},"excerpt":{"rendered":"<p>Sergio Gonz\u00e1lez Levet Sin tacto Digamos que hay dos bandos en M\u00e9xico. Uno es menor, el de los seguidores de Andr\u00e9s Manuel L\u00f3pez Obrador, y el otro muy numeroso, el de los ciudadanos que a fuerza de sufrir violencia, corrupci\u00f3n, enga\u00f1os e incapacidades se han visto en la necesidad, ahora en 2024, de salvar al [&hellip;]<\/p>\n","protected":false},"author":2,"featured_media":119911,"comment_status":"closed","ping_status":"closed","sticky":false,"template":"","format":"standard","meta":{"_jetpack_newsletter_access":"","_jetpack_dont_email_post_to_subs":false,"_jetpack_newsletter_tier_id":0,"_jetpack_memberships_contains_paywalled_content":false,"_jetpack_memberships_contains_paid_content":false,"footnotes":""},"categories":[70],"tags":[618,266,1282,195,17531],"class_list":["post-125287","post","type-post","status-publish","format-standard","has-post-thumbnail","hentry","category-de-opinion","tag-andres-manuel-lopez-obrador","tag-pan","tag-sergio-gonzalez-levet","tag-veracruz","tag-xochitl-galvez"],"jetpack_featured_media_url":"https:\/\/lospoliticosveracruz.com.mx\/wp-content\/uploads\/2024\/03\/Levet.jpg","jetpack_sharing_enabled":true,"jetpack_shortlink":"https:\/\/wp.me\/p4Qcd3-wAL","_links":{"self":[{"href":"https:\/\/lospoliticosveracruz.com.mx\/index.php?rest_route=\/wp\/v2\/posts\/125287","targetHints":{"allow":["GET"]}}],"collection":[{"href":"https:\/\/lospoliticosveracruz.com.mx\/index.php?rest_route=\/wp\/v2\/posts"}],"about":[{"href":"https:\/\/lospoliticosveracruz.com.mx\/index.php?rest_route=\/wp\/v2\/types\/post"}],"author":[{"embeddable":true,"href":"https:\/\/lospoliticosveracruz.com.mx\/index.php?rest_route=\/wp\/v2\/users\/2"}],"replies":[{"embeddable":true,"href":"https:\/\/lospoliticosveracruz.com.mx\/index.php?rest_route=%2Fwp%2Fv2%2Fcomments&post=125287"}],"version-history":[{"count":2,"href":"https:\/\/lospoliticosveracruz.com.mx\/index.php?rest_route=\/wp\/v2\/posts\/125287\/revisions"}],"predecessor-version":[{"id":125289,"href":"https:\/\/lospoliticosveracruz.com.mx\/index.php?rest_route=\/wp\/v2\/posts\/125287\/revisions\/125289"}],"wp:featuredmedia":[{"embeddable":true,"href":"https:\/\/lospoliticosveracruz.com.mx\/index.php?rest_route=\/wp\/v2\/media\/119911"}],"wp:attachment":[{"href":"https:\/\/lospoliticosveracruz.com.mx\/index.php?rest_route=%2Fwp%2Fv2%2Fmedia&parent=125287"}],"wp:term":[{"taxonomy":"category","embeddable":true,"href":"https:\/\/lospoliticosveracruz.com.mx\/index.php?rest_route=%2Fwp%2Fv2%2Fcategories&post=125287"},{"taxonomy":"post_tag","embeddable":true,"href":"https:\/\/lospoliticosveracruz.com.mx\/index.php?rest_route=%2Fwp%2Fv2%2Ftags&post=125287"}],"curies":[{"name":"wp","href":"https:\/\/api.w.org\/{rel}","templated":true}]}}