{"id":125550,"date":"2024-06-02T10:57:18","date_gmt":"2024-06-02T15:57:18","guid":{"rendered":"https:\/\/lospoliticosveracruz.com.mx\/?p=125550"},"modified":"2024-06-02T10:57:29","modified_gmt":"2024-06-02T15:57:29","slug":"vengan","status":"publish","type":"post","link":"https:\/\/lospoliticosveracruz.com.mx\/?p=125550","title":{"rendered":"VENGAN!"},"content":{"rendered":"\n<p><\/p>\n\n\n\n<p><strong>Veracruz<\/strong><br>El candidato al senado por Movimiento Ciudadano, Dante Delgado Morales, ejerci\u00f3 su derecho al voto a la vez que llam\u00f3 a los veracruzanos a actuar con la responsabilidad que el momento amerita.<\/p>\n\n\n\n<p>\u201cEjercer es un derecho, salgan a ejercer su derecho, las urnas los espera, que decidan los ciudadanos, estamos en manos de los ciudadanos, es una invitaci\u00f3n a que prevalezca la civilidad\u201d, se\u00f1al\u00f3.<\/p>\n\n\n\n<p>Dante Delgado dijo estar en manos de los \u00f3rganos electorales, de los cuales dijo confiar, y anticip\u00f3 que respetar\u00e1 los resultados del proceso electoral federal.<\/p>\n","protected":false},"excerpt":{"rendered":"<p>VeracruzEl candidato al senado por Movimiento Ciudadano, Dante Delgado Morales, ejerci\u00f3 su derecho al voto a la vez que llam\u00f3 a los veracruzanos a actuar con la responsabilidad que el momento amerita. \u201cEjercer es un derecho, salgan a ejercer su derecho, las urnas los espera, que decidan los ciudadanos, estamos en manos de los ciudadanos, [&hellip;]<\/p>\n","protected":false},"author":2,"featured_media":0,"comment_status":"closed","ping_status":"closed","sticky":false,"template":"","format":"standard","meta":{"_jetpack_newsletter_access":"","_jetpack_dont_email_post_to_subs":false,"_jetpack_newsletter_tier_id":0,"_jetpack_memberships_contains_paywalled_content":false,"_jetpack_memberships_contains_paid_content":false,"footnotes":""},"categories":[73],"tags":[40380,2327],"class_list":["post-125550","post","type-post","status-publish","format-standard","hentry","category-de-boleto","tag-dante-delgado-morales","tag-movimiento-ciudadano"],"jetpack_featured_media_url":"","jetpack_sharing_enabled":true,"jetpack_shortlink":"https:\/\/wp.me\/s4Qcd3-vengan","_links":{"self":[{"href":"https:\/\/lospoliticosveracruz.com.mx\/index.php?rest_route=\/wp\/v2\/posts\/125550","targetHints":{"allow":["GET"]}}],"collection":[{"href":"https:\/\/lospoliticosveracruz.com.mx\/index.php?rest_route=\/wp\/v2\/posts"}],"about":[{"href":"https:\/\/lospoliticosveracruz.com.mx\/index.php?rest_route=\/wp\/v2\/types\/post"}],"author":[{"embeddable":true,"href":"https:\/\/lospoliticosveracruz.com.mx\/index.php?rest_route=\/wp\/v2\/users\/2"}],"replies":[{"embeddable":true,"href":"https:\/\/lospoliticosveracruz.com.mx\/index.php?rest_route=%2Fwp%2Fv2%2Fcomments&post=125550"}],"version-history":[{"count":1,"href":"https:\/\/lospoliticosveracruz.com.mx\/index.php?rest_route=\/wp\/v2\/posts\/125550\/revisions"}],"predecessor-version":[{"id":125552,"href":"https:\/\/lospoliticosveracruz.com.mx\/index.php?rest_route=\/wp\/v2\/posts\/125550\/revisions\/125552"}],"wp:attachment":[{"href":"https:\/\/lospoliticosveracruz.com.mx\/index.php?rest_route=%2Fwp%2Fv2%2Fmedia&parent=125550"}],"wp:term":[{"taxonomy":"category","embeddable":true,"href":"https:\/\/lospoliticosveracruz.com.mx\/index.php?rest_route=%2Fwp%2Fv2%2Fcategories&post=125550"},{"taxonomy":"post_tag","embeddable":true,"href":"https:\/\/lospoliticosveracruz.com.mx\/index.php?rest_route=%2Fwp%2Fv2%2Ftags&post=125550"}],"curies":[{"name":"wp","href":"https:\/\/api.w.org\/{rel}","templated":true}]}}