{"id":125691,"date":"2024-06-06T06:24:31","date_gmt":"2024-06-06T11:24:31","guid":{"rendered":"https:\/\/lospoliticosveracruz.com.mx\/?p=125691"},"modified":"2024-06-06T06:24:41","modified_gmt":"2024-06-06T11:24:41","slug":"el-gabinete-de-nahle-2","status":"publish","type":"post","link":"https:\/\/lospoliticosveracruz.com.mx\/?p=125691","title":{"rendered":"EL GABINETE DE NAHLE"},"content":{"rendered":"\n<p><strong>Ricardo Chua<\/strong><\/p>\n\n\n\n<p><em>Sale y Vale<\/em><\/p>\n\n\n\n<p>Entre el senador suplente que gan\u00f3 la elecci\u00f3n al Senado por Veracruz, el empresario porte\u00f1o, Ricardo Exsome y el a\u00fan coordinador de la bancada de MORENA del Congreso del Estado, Juan Javier G\u00f3mez Cazar\u00edn, se encuentra el pr\u00f3ximo delegado federal en la entidad de Bienestar.. Cargo que ostent\u00f3 hasta hace unos meses, el ahora senador electo, Manuel Huerta Ladr\u00f3n de Guevara.. Qui\u00e9n tendr\u00e1 m\u00e1s fuerza.. Huerta o Cazarin con Claudia Sheinbaum.. Ese cargo es decisi\u00f3n de ella.. NO HAY DE OTRA \u00abSOPA\u00bb..<\/p>\n\n\n\n<p>EL GABINETE DE NAHLE.. \u00abGarganta Profunda\u00bb ya empez\u00f3 a \u00abfiltrar\u00bb los futuros NUEVOS nombramientos de lo que ser\u00e1 la conformaci\u00f3n del gabinete de Roc\u00edo Nahle en Veracruz.. Si los tribunales electorales avalan su triunfo como gobernadora del Estado.. De los que no se sab\u00edan.. Est\u00e1 el de Jos\u00e9 Luis Lima Franco, que repetir\u00e1 en SEFIPLAN.. Ya sin el Primo Eleazar como subsecretario.. Se dice que Lima s\u00f3lo estar\u00e1 unos meses y luego se va a CDMX con Claudia Shienbaum a trabajar en su secretaria Privada.. All\u00e1 lo esperan..<\/p>\n\n\n\n<p>Lo que Nahle quiere de Lima es que le CORRIJA todo el \u00abdesmother\u00bb que le dejar\u00e1 Cuitl\u00e1huac Garc\u00eda en el gobierno de Veracruz.. Ella sabe todo lo que hicieron ah\u00ed y Eleazar.. Pero ya \u00abperdon\u00f3\u00bb.. Pero no \u00abolvid\u00f3\u00bb.. As\u00ed que Lima Franco tendr\u00e1 que \u00ablimpiar\u00bb todo porque ella no quiere entrar sin liquidez y con la deuda de casi 60 mil millones de pesos que tiene Veracruz.. Ta ca\u00f1\u00f3n.. Habr\u00e1 que ver cuanto resiste Pepe Luis y no sale corriendo a ver a su \u00abpadrino\u00bb que despachar\u00e1 en la oficina contigua a la Shienbaum..<\/p>\n\n\n\n<p>La sorpresa de \u00abGarganta Profunda\u00bb es que anuncia que Anil\u00fa Ingram NO ir\u00e1 a Comunicaci\u00f3n Social como mencionan.. Ella va a SEDEMA.. Esa es la posici\u00f3n de Claudia en Veracruz.. MOCOS PETRA.. El \u00fanico \u00abfrijol en el arroz\u00bb es la llegada de Luis Arturo Santiago a la Contralor\u00eda del Estado.. El a\u00fan diputado local es investigado por el ORFIS, Cazar\u00edn y Rafael Fararoni, de todo lo que \u00abdes-hizo\u00bb en la Comisi\u00f3n de Vigilancia del Congreso Local.. Esa cuenta no se olvida.. Y es el acuerdo de Pepe.. Se le puede caer el nombramiento..<\/p>\n\n\n\n<p>La noticia \u00abbomba\u00bb de \u00abGarganta Profunda\u00bb es que la indecisi\u00f3n que a\u00fan tiene Roc\u00edo Nahle es con la propuesta que le pueda hacer a Eduardo Vega Yunes (El Primo-Hermano Moreno de los Yunes Azules) para que este personaje de Fuerza Por M\u00e9xico.. Puede ser el Procurador del Medio Ambiente, ah\u00ed junto Anil\u00fa o tambi\u00e9n pueda llegar a la direcci\u00f3n de la Comisi\u00f3n de Agua del Estado de Veracruz (CAEV).. El \u00abTato\u00bb trae la \u00abbuena estrella\u00bb de la 4T.. Estos son los nuevos.. Pronto daremos algunos del gabinete ampliado.. EST\u00c9N ATENTOS.. AMEN<\/p>\n\n\n\n<p>PVEM DEL GRUPO \u00abVERACRUZ\u00bb.. Cuando Roc\u00edo Nahle ley\u00f3 un libelo que Marcelo Ruiz, le hab\u00eda cumplido en la elecci\u00f3n a gobernador, d\u00e1ndole 184 mil votos que representa el 5 por ciento para que el PVEM conservar\u00e1 el registro en el OPLE\u2026 La se\u00f1ora se ech\u00f3 a re\u00edr a lado de otro dirigente estatal de partido, que junto con PVEM hizo coalici\u00f3n.. Y s\u00f3lo expres\u00f3: \u00abEste Marcelo cree que me va a enga\u00f1ar\u00bb.. Los presentes vieron que el otro l\u00edder pol\u00edtico guard\u00f3 silencio.. Que tal si a \u00e9l le tocaba tambi\u00e9n.. En boca cerrada, no entran \u00abmoscas\u00bb<\/p>\n\n\n\n<p>Los OTROS DATOS que tiene Roc\u00edo Nahle y su s\u00e9quito.. Es que el Grupo \u00abVeracruz\u00bb que eran priistas hasta el pasado mes de diciembre y que se fueron al PVEM, despu\u00e9s de que la diputada local, Anil\u00fa Ingram \u00abrompi\u00f3\u00bb con el PRI junto con Jorge Carvallo y Fernando Kuri.. Al no ser tomados en cuenta para la candidatura a la gubernatura y a la dirigencia del PRI estatal.. Y que fue por sus \u00abamarres\u00bb y \u00abquiebres\u00bb.. Le dieron alrededor de 100 mil votos a Roc\u00edo Nahle v\u00eda PVEM.. Es decir, fueron Carvallo y Kuri.. No Marchello de Orizaba..<\/p>\n\n\n\n<p>En pocas palabras, Marcelo Ruiz le debe, por fin, su diputaci\u00f3n local plurinominal a Jorge Carvallo y Fernando Kuri.. Ya que sin ellos dos, entonces, Marcelo se iba a quedar con 80 mil votos para el PVEM.. Con lo cual, ni siquiera el registro del partido a nivel estatal iba a lograr.. Menos iba a ser diputado local.. Sin el Grupo \u00abVeracruz\u00bb el PVEM no tendr\u00eda nada en este momento en la entidad.. Y Nahle lo sabe y lo sab\u00eda.. Por eso, Claudia Shienbaum lo mand\u00f3 al \u00abVerde\u00bb.. Y eso es as\u00ed.. Ni modo que Marcelo desmienta a Roc\u00edo y Claudia..<\/p>\n\n\n\n<p>REFLEXI\u00d3N.. El Grupo \u00abVeracruz\u00bb se convirti\u00f3 este 2 de junio en el PRINCIPAL ACTIVO pol\u00edtico que tiene el PVEM.. Carvallo y Kuri fueron parte de ese \u00abengranaje\u00bb que impuls\u00f3 a los dirigentes a lograr esos cargos de elecci\u00f3n popular.. Los tres siempre respetaron el liderazgo de Manuel Velasco y Javier Herrera en Veracruz.. Ahora s\u00f3lo esperan las \u00abse\u00f1ales\u00bb de quien la tienen que esperar.. Para saber en donde seguir\u00e1n haciendo pol\u00edtica, si en la administraci\u00f3n p\u00fablica, sector privado o partidista.. La \u00abT\u00eda Chio\u00bb lo sabe.. CONSUMATUM EST..<\/p>\n","protected":false},"excerpt":{"rendered":"<p>Ricardo Chua Sale y Vale Entre el senador suplente que gan\u00f3 la elecci\u00f3n al Senado por Veracruz, el empresario porte\u00f1o, Ricardo Exsome y el a\u00fan coordinador de la bancada de MORENA del Congreso del Estado, Juan Javier G\u00f3mez Cazar\u00edn, se encuentra el pr\u00f3ximo delegado federal en la entidad de Bienestar.. Cargo que ostent\u00f3 hasta hace [&hellip;]<\/p>\n","protected":false},"author":2,"featured_media":119817,"comment_status":"closed","ping_status":"closed","sticky":false,"template":"","format":"standard","meta":{"_jetpack_newsletter_access":"","_jetpack_dont_email_post_to_subs":false,"_jetpack_newsletter_tier_id":0,"_jetpack_memberships_contains_paywalled_content":false,"_jetpack_memberships_contains_paid_content":false,"footnotes":""},"categories":[70],"tags":[9407,13713,35171,17843,1026,3578,195],"class_list":["post-125691","post","type-post","status-publish","format-standard","has-post-thumbnail","hentry","category-de-opinion","tag-fernando-kuri","tag-jose-luis-lima-franco","tag-luis-arturo-santiago","tag-marcelo-ruiz-sanchez","tag-morena","tag-rocio-nahle","tag-veracruz"],"jetpack_featured_media_url":"https:\/\/lospoliticosveracruz.com.mx\/wp-content\/uploads\/2024\/03\/Ricardo-Chua.jpg","jetpack_sharing_enabled":true,"jetpack_shortlink":"https:\/\/wp.me\/p4Qcd3-wHh","_links":{"self":[{"href":"https:\/\/lospoliticosveracruz.com.mx\/index.php?rest_route=\/wp\/v2\/posts\/125691","targetHints":{"allow":["GET"]}}],"collection":[{"href":"https:\/\/lospoliticosveracruz.com.mx\/index.php?rest_route=\/wp\/v2\/posts"}],"about":[{"href":"https:\/\/lospoliticosveracruz.com.mx\/index.php?rest_route=\/wp\/v2\/types\/post"}],"author":[{"embeddable":true,"href":"https:\/\/lospoliticosveracruz.com.mx\/index.php?rest_route=\/wp\/v2\/users\/2"}],"replies":[{"embeddable":true,"href":"https:\/\/lospoliticosveracruz.com.mx\/index.php?rest_route=%2Fwp%2Fv2%2Fcomments&post=125691"}],"version-history":[{"count":1,"href":"https:\/\/lospoliticosveracruz.com.mx\/index.php?rest_route=\/wp\/v2\/posts\/125691\/revisions"}],"predecessor-version":[{"id":125692,"href":"https:\/\/lospoliticosveracruz.com.mx\/index.php?rest_route=\/wp\/v2\/posts\/125691\/revisions\/125692"}],"wp:featuredmedia":[{"embeddable":true,"href":"https:\/\/lospoliticosveracruz.com.mx\/index.php?rest_route=\/wp\/v2\/media\/119817"}],"wp:attachment":[{"href":"https:\/\/lospoliticosveracruz.com.mx\/index.php?rest_route=%2Fwp%2Fv2%2Fmedia&parent=125691"}],"wp:term":[{"taxonomy":"category","embeddable":true,"href":"https:\/\/lospoliticosveracruz.com.mx\/index.php?rest_route=%2Fwp%2Fv2%2Fcategories&post=125691"},{"taxonomy":"post_tag","embeddable":true,"href":"https:\/\/lospoliticosveracruz.com.mx\/index.php?rest_route=%2Fwp%2Fv2%2Ftags&post=125691"}],"curies":[{"name":"wp","href":"https:\/\/api.w.org\/{rel}","templated":true}]}}