{"id":125733,"date":"2024-06-06T15:40:12","date_gmt":"2024-06-06T20:40:12","guid":{"rendered":"https:\/\/lospoliticosveracruz.com.mx\/?p=125733"},"modified":"2024-06-06T15:40:26","modified_gmt":"2024-06-06T20:40:26","slug":"granaderos","status":"publish","type":"post","link":"https:\/\/lospoliticosveracruz.com.mx\/?p=125733","title":{"rendered":"GRANADEROS"},"content":{"rendered":"\n<p><\/p>\n\n\n\n<p><br><strong>Guadalupe H. Mar<\/strong><br><em>Mira Pol\u00edtica<\/em><\/p>\n\n\n\n<p><strong>A FALTA DE ESTADO<\/strong> \u2026 Desalojarlos mediante el uso de la fuerza p\u00fablica, fue la contundente respuesta del gobierno del estado de Veracruz a la ciudadan\u00eda que tuvo que cerrar carreteras y calles como medida extrema para demandar que esa entelequia llamada Estado, interviniera con todos sus recursos en el combate de varios incendios forestales que, en su avance y descontrol, obligan a la gente a abandonar sus hogares, sus patrimonios.<br>El martes de la semana pasada, <strong>granaderos<\/strong> o como les llaman pomposamente, polic\u00edas antimotines de la <strong>Secretar\u00eda de Seguridad P\u00fablica<\/strong> (SSP) del gobierno estatal veracruzano, arremetieron contra ciudadanos que manten\u00edan cerrada la carretera estatal Coatepec-Las Trancas a la altura del lugar conocido como Puente Seco, en las inmediaciones a la comunidad La Ordu\u00f1a.<br>Los manifestantes demandaban al gobierno estatal su intervenci\u00f3n para combatir el fuego en la zona monta\u00f1osa conocida como \u201cBarranca Grande\u201d, que se encuentra en la zona lim\u00edtrofe del municipio de Ixhuacan de Los Reyes, Veracruz y la localidad de La <strong>Concepci\u00f3n Quimixtl\u00e1n, Puebla<\/strong>.<br>Ese mismo d\u00eda otro grupo de granaderos desaloj\u00f3 a los ciudadanos que manten\u00edan un bloqueo en la Carretera Federal 150 Orizaba- C\u00f3rdoba y la Autopista 150D Puebla- Veracruz, a la altura del Distribuidor conocido como Escamela.<br>Obviamente, hubo ciudadanos que se opusieron al desalojo, pero los granaderos arremetieron en contra de ellos sin miramiento alguno, porque esas eran las \u00f3rdenes superiores.<br><strong>MUCHO AYUDA<\/strong> \u2026 Es tal la falta de Estado e inesperada su respuesta en estos casos de incendios forestales, que otros ciudadanos, los de la comunidad de la Universidad Veracruzana (UV), se organizaron para a trav\u00e9s de la Direcci\u00f3n del Sistema Universitario de Gesti\u00f3n Integral del Riesgo y la Direcci\u00f3n General de Vinculaci\u00f3n, montar centros de acopio de v\u00edveres en sus cinco campus, donde se recibieron donaciones de productos para ser llevados a los municipios de Xico, Teocelo, Ixhuac\u00e1n de los Reyes y Cosautl\u00e1n.<br>Adem\u00e1s de v\u00edveres, la comunidad de la Universidad Veracruzana solicitaba herramientas de trabajo como palas, picos, azadones, machetes, guantes de carnaza, cuerdas, rastrillos, l\u00e1mparas, limas y diversos medicamentos no solo para los habitantes de las zonas de los incendios, sino para los voluntarios que se apersonaron en los sitios de la conflagraci\u00f3n.<br>Los aportantes de v\u00edveres e insumos para quienes sufren por los incendios forestales hacen la observaci\u00f3n de que la ayuda hubiera llegado m\u00e1s pronto a su destino si en lugar de ocupar a los granaderos para arremeter en contra de la ciudadan\u00eda, los hubieran comisionado para llevar la ayuda a los lugares donde se requiere.<br><strong>NUESTRA SOLIDARIDAD<\/strong> \u2026 Para la comunicadora y periodista Patricia Vela Aguilar, quien ayer fue severamente lastimada por un sujeto que a bordo de una motocicleta quiso darle el arrebat\u00f3n a su bolso de mano, arrastr\u00e1ndola sobre el pavimento en la zona habitacional de R\u00edo Medio, al norte de la ciudad de Veracruz.<br>De no haber sido por un ciudadano que a bordo de su bicicleta triciclo pasaba por el lugar y auxili\u00f3 a Paty Vela, como se le llama cari\u00f1osamente, el asaltante hubiera arremetido nuevamente en contra de ella.<br>Por ello amables lectores y lectoras, habr\u00e1 que sugerirle a los jefes de los granaderos y al pr\u00f3ximo integrante del gabinete de la presidenta Claudia Sheinbaum Pardo, el actual gobernador del estado de Veracruz, el ingeniero mec\u00e1nico electricista Cuitl\u00e1huac Garc\u00eda Jim\u00e9nez, que, as\u00ed como hacen sus agentes de tr\u00e1nsito en calles, bulevares y zonas pobladas, los env\u00eden a las colonias de la zona norte para retener a todos los motociclistas que no hayan emplacado sus unidades.<br>Son tantos los motociclistas que viajan en unidades sin placas que ya dan miedo.<br>NUNCA ES TARDE \u2026 Las notables carencias de agua potable en la zona metropolitana Veracruz- Boca del R\u00edo- Medell\u00edn- Alvarado hacen necesario repensar la instalaci\u00f3n de la mega f\u00e1brica de cervezas Constellation Brands en esta regi\u00f3n, pues parafraseando a Celia Cruz, no hay agua para tanta gente.<br>D\u00cdGALO SIN MIEDO \u2026 Al correo electr\u00f3nico guadalupehmar@gmail.com<\/p>\n","protected":false},"excerpt":{"rendered":"<p>Guadalupe H. MarMira Pol\u00edtica A FALTA DE ESTADO \u2026 Desalojarlos mediante el uso de la fuerza p\u00fablica, fue la contundente respuesta del gobierno del estado de Veracruz a la ciudadan\u00eda que tuvo que cerrar carreteras y calles como medida extrema para demandar que esa entelequia llamada Estado, interviniera con todos sus recursos en el combate [&hellip;]<\/p>\n","protected":false},"author":2,"featured_media":119929,"comment_status":"closed","ping_status":"closed","sticky":false,"template":"","format":"standard","meta":{"_jetpack_newsletter_access":"","_jetpack_dont_email_post_to_subs":false,"_jetpack_newsletter_tier_id":0,"_jetpack_memberships_contains_paywalled_content":false,"_jetpack_memberships_contains_paid_content":false,"footnotes":""},"categories":[70],"tags":[41118,3132],"class_list":["post-125733","post","type-post","status-publish","format-standard","has-post-thumbnail","hentry","category-de-opinion","tag-concepcion-quimixtlan","tag-puebla"],"jetpack_featured_media_url":"https:\/\/lospoliticosveracruz.com.mx\/wp-content\/uploads\/2024\/03\/Lupita-Mar.jpg","jetpack_sharing_enabled":true,"jetpack_shortlink":"https:\/\/wp.me\/p4Qcd3-wHX","_links":{"self":[{"href":"https:\/\/lospoliticosveracruz.com.mx\/index.php?rest_route=\/wp\/v2\/posts\/125733","targetHints":{"allow":["GET"]}}],"collection":[{"href":"https:\/\/lospoliticosveracruz.com.mx\/index.php?rest_route=\/wp\/v2\/posts"}],"about":[{"href":"https:\/\/lospoliticosveracruz.com.mx\/index.php?rest_route=\/wp\/v2\/types\/post"}],"author":[{"embeddable":true,"href":"https:\/\/lospoliticosveracruz.com.mx\/index.php?rest_route=\/wp\/v2\/users\/2"}],"replies":[{"embeddable":true,"href":"https:\/\/lospoliticosveracruz.com.mx\/index.php?rest_route=%2Fwp%2Fv2%2Fcomments&post=125733"}],"version-history":[{"count":1,"href":"https:\/\/lospoliticosveracruz.com.mx\/index.php?rest_route=\/wp\/v2\/posts\/125733\/revisions"}],"predecessor-version":[{"id":125734,"href":"https:\/\/lospoliticosveracruz.com.mx\/index.php?rest_route=\/wp\/v2\/posts\/125733\/revisions\/125734"}],"wp:featuredmedia":[{"embeddable":true,"href":"https:\/\/lospoliticosveracruz.com.mx\/index.php?rest_route=\/wp\/v2\/media\/119929"}],"wp:attachment":[{"href":"https:\/\/lospoliticosveracruz.com.mx\/index.php?rest_route=%2Fwp%2Fv2%2Fmedia&parent=125733"}],"wp:term":[{"taxonomy":"category","embeddable":true,"href":"https:\/\/lospoliticosveracruz.com.mx\/index.php?rest_route=%2Fwp%2Fv2%2Fcategories&post=125733"},{"taxonomy":"post_tag","embeddable":true,"href":"https:\/\/lospoliticosveracruz.com.mx\/index.php?rest_route=%2Fwp%2Fv2%2Ftags&post=125733"}],"curies":[{"name":"wp","href":"https:\/\/api.w.org\/{rel}","templated":true}]}}