{"id":125735,"date":"2024-06-06T15:49:06","date_gmt":"2024-06-06T20:49:06","guid":{"rendered":"https:\/\/lospoliticosveracruz.com.mx\/?p=125735"},"modified":"2024-06-06T15:49:16","modified_gmt":"2024-06-06T20:49:16","slug":"naveda-apoya-al-senderito","status":"publish","type":"post","link":"https:\/\/lospoliticosveracruz.com.mx\/?p=125735","title":{"rendered":"NAVEDA APOYA AL SENDERITO"},"content":{"rendered":"\n<p>La visita de <strong>Adri\u00e1n Gonz\u00e1lez Naveda<\/strong> ganador del distrito federal 09 qui\u00e9n sin despeinarse le arrebato al candidato a gobernador por la oposici\u00f3n Jos\u00e9 Yunes Zorrilla la diputaci\u00f3n de la que es diputado con licencia, fue demasiado apresurada, Adri\u00e1n es una persona sensible al trabajo realizado por la <strong>asociaci\u00f3n civil Ruta de la Niebla<\/strong>, en una regi\u00f3n que a\u00fan conserva bosque mes\u00f3filo y que el egresado del Tecnol\u00f3gico de Monterrey proveniendo de una familia de academicos de la Universidad Veracruzana, se\u00a0\u00a0comprometi\u00f3 aterrizar iniciativas para preservar cuidar y detener el deterioro\u00a0\u00a0\u00a0del entorno ambiental, para beneficio de las futuras generaciones. La visita la hizo en el marco del d\u00eda internacional del medio ambiente, con un breve recorrido disfrutando de la vista del mirador identificando al Macuiltepetl y desde el Coatepetl o Cerro de las Culebras junto al Acamalin y otros cerros que se erigen como miradores naturales.<\/p>\n\n\n\n<p>Le indicamos como identificar a los \u00e1rboles v\u00eda las hojas: las hojas rudas gruesas del chicalaba y las hojas tiernas y de sabor dulz\u00f3n del fresno mexicano.<\/p>\n\n\n\n<p>Ten\u00eda prisa porque junto con ganador del distrito local 12 el profesor Ram\u00f3n D\u00edaz \u00c1vila se hab\u00edan cooperado para comprar picos palas azadones machetes etc para hacerlos llegar a Comalixhuatla a las brigadas que combat\u00edan el incendio en los <strong>cerros de Barranca Grande<\/strong> por supuesto el Senderito de Bosque de Niebla tambi\u00e9n don\u00f3 cuatro palas planas tres curvas y dos picos de su peque\u00f1o inventario.<\/p>\n\n\n\n<p>Hubo tiempo para externar la gran oportunidad que viene para el cuidado de la naturaleza por las expresiones de la doctora Claudia Sheinbaum&nbsp;&nbsp; &nbsp;<\/p>\n\n\n\n<p>\u00abToda mi vida me he dedicado a estudiar el medio ambiente, es parte de mi causa qui\u00e9n fue secretaria de medio ambiente de la Ciudad de M\u00e9xico y form\u00f3 parte del Grupo intergubernamental de expertos sobre el cambio clim\u00e1tico de la ONU, que recibi\u00f3 el Premio Nobel de la Paz, lamentablemente el medio ambiente nunca ha sido prioridad gubernamental, olvidando que un medio ambiente sano es imprescindible para forjar econom\u00edas s\u00f3lidas y sociedades justas que haga cumplir nuestro derecho constitucional a respirar y vivir en un ambiente sano, un ambiente sano es un de las bases para combatir la pobreza.<\/p>\n\n\n\n<p>La emergencia clim\u00e1tica ya est\u00e1 aqu\u00ed, impactando de forma negativa la vida de millones de mexicanas y mexicanos, la protecci\u00f3n del medio ambiente, de la tierra y el territorio, as\u00ed como de las personas que cuidan de ellos, son el punto de partida para planear y dise\u00f1ar la ruta del pr\u00f3ximo sexenio. Terminemos con una reflexi\u00f3n de Claudia<\/p>\n\n\n\n<p>\u00abComo pr\u00f3xima presidenta de M\u00e9xico garantizar\u00e9 el respeto, protecci\u00f3n y desarrollo de nuestros recursos naturales\u00bb<\/p>\n\n\n\n<p>\u00abTodo es tuyo, cu\u00eddalo\u00bb.<\/p>\n","protected":false},"excerpt":{"rendered":"<p>La visita de Adri\u00e1n Gonz\u00e1lez Naveda ganador del distrito federal 09 qui\u00e9n sin despeinarse le arrebato al candidato a gobernador por la oposici\u00f3n Jos\u00e9 Yunes Zorrilla la diputaci\u00f3n de la que es diputado con licencia, fue demasiado apresurada, Adri\u00e1n es una persona sensible al trabajo realizado por la asociaci\u00f3n civil Ruta de la Niebla, en [&hellip;]<\/p>\n","protected":false},"author":2,"featured_media":0,"comment_status":"closed","ping_status":"closed","sticky":false,"template":"","format":"standard","meta":{"_jetpack_newsletter_access":"","_jetpack_dont_email_post_to_subs":false,"_jetpack_newsletter_tier_id":0,"_jetpack_memberships_contains_paywalled_content":false,"_jetpack_memberships_contains_paid_content":false,"footnotes":""},"categories":[73],"tags":[18598,29775],"class_list":["post-125735","post","type-post","status-publish","format-standard","hentry","category-de-boleto","tag-adrian-gonzalez-naveda","tag-ruta-de-la-niebla"],"jetpack_featured_media_url":"","jetpack_sharing_enabled":true,"jetpack_shortlink":"https:\/\/wp.me\/p4Qcd3-wHZ","_links":{"self":[{"href":"https:\/\/lospoliticosveracruz.com.mx\/index.php?rest_route=\/wp\/v2\/posts\/125735","targetHints":{"allow":["GET"]}}],"collection":[{"href":"https:\/\/lospoliticosveracruz.com.mx\/index.php?rest_route=\/wp\/v2\/posts"}],"about":[{"href":"https:\/\/lospoliticosveracruz.com.mx\/index.php?rest_route=\/wp\/v2\/types\/post"}],"author":[{"embeddable":true,"href":"https:\/\/lospoliticosveracruz.com.mx\/index.php?rest_route=\/wp\/v2\/users\/2"}],"replies":[{"embeddable":true,"href":"https:\/\/lospoliticosveracruz.com.mx\/index.php?rest_route=%2Fwp%2Fv2%2Fcomments&post=125735"}],"version-history":[{"count":1,"href":"https:\/\/lospoliticosveracruz.com.mx\/index.php?rest_route=\/wp\/v2\/posts\/125735\/revisions"}],"predecessor-version":[{"id":125737,"href":"https:\/\/lospoliticosveracruz.com.mx\/index.php?rest_route=\/wp\/v2\/posts\/125735\/revisions\/125737"}],"wp:attachment":[{"href":"https:\/\/lospoliticosveracruz.com.mx\/index.php?rest_route=%2Fwp%2Fv2%2Fmedia&parent=125735"}],"wp:term":[{"taxonomy":"category","embeddable":true,"href":"https:\/\/lospoliticosveracruz.com.mx\/index.php?rest_route=%2Fwp%2Fv2%2Fcategories&post=125735"},{"taxonomy":"post_tag","embeddable":true,"href":"https:\/\/lospoliticosveracruz.com.mx\/index.php?rest_route=%2Fwp%2Fv2%2Ftags&post=125735"}],"curies":[{"name":"wp","href":"https:\/\/api.w.org\/{rel}","templated":true}]}}