{"id":125833,"date":"2024-06-09T13:02:33","date_gmt":"2024-06-09T18:02:33","guid":{"rendered":"https:\/\/lospoliticosveracruz.com.mx\/?p=125833"},"modified":"2024-06-09T13:02:41","modified_gmt":"2024-06-09T18:02:41","slug":"ponte-trucha-2","status":"publish","type":"post","link":"https:\/\/lospoliticosveracruz.com.mx\/?p=125833","title":{"rendered":"PONTE TRUCHA!"},"content":{"rendered":"\n<p><\/p>\n\n\n\n<p><strong>Xalapa<\/strong><br>Con un aforo estimado para m\u00e1s de 200 participantes, el comit\u00e9 organizador realizar\u00e1 la segunda fecha de la Liga Veracruzana de Nataci\u00f3n en la alberca de la Escuela Salvador D\u00edaz Mir\u00f3n, la primera Copa \u201cPonte Trucha\u201d.<br>Este evento fue reprogramado, originalmente estaba prevista para el 1 de junio, modific\u00e1ndose la fecha de la competencia, acordando comit\u00e9 organizador y la LVN desarrollar el certamen este 28 de julio en la capital del estado.<br>\u201cAgradecemos la comprensi\u00f3n de nuestros nadadores, nadadoras, clubes acu\u00e1ticos y entrenadores. Los invitamos a participar en esta nueva fecha de la Liga Veracruzana.<br>Los esperamos con sus pre-equipos y nadadores de fundamentos, estamos organizando un evento con la mejor calidad posible que agrade a nadadores, familiares, p\u00fablico en general y patrocinadores\u201d, indic\u00f3 el entrenador y director del Club Truchas Xalapa, Sergio Valle Hern\u00e1ndez.<br>Cabe se\u00f1alar que en esta segunda fecha de la LVN en coordinaci\u00f3n con el club anfitri\u00f3n, Truchas Xalapa se le brindar\u00e1 un reconocimiento al profesor Alejandro J\u00e1come Rold\u00e1n, director de la Escuela Primaria \u201cSalvador D\u00edaz Mir\u00f3n\u201d en honor a su aporte al deporte acu\u00e1tico.<br>\u201cLa Liga Veracruzana de Nataci\u00f3n sigue avanzando, mostrando calidad en sus nadadores y nadadoras en cada fecha; con entrenadores que aplican \u00f3ptimamente sus especializados conocimientos a sus deportistas.<br>Seguimos visibilizando el progreso en cada prueba de los competidores y competidoras, mejoran sus tiempos, avanzan en su t\u00e9cnica y se motivan al obtener resultados positivos\u201d, indic\u00f3 el presidente de la LVN, Miguel \u00c1ngel Mart\u00ednez Rodr\u00edguez.<br>La invitaci\u00f3n a participar en la primera Copa \u201cPonte Trucha\u201d se encuentra abierta a la comunidad acu\u00e1tica, pueden dirigirse v\u00eda email: <strong><a href=\"mailto:ligaveracruzanadenatacion@gmail.com\"><em>ligaveracruzanadenatacion@gmail.com<\/em><\/a><\/strong> o al whatsapp 2291195732<br>Tambi\u00e9n a disposici\u00f3n para informes la p\u00e1gina de Truchas Xalapa en Facebook o al numero telefonico 2281092298<\/p>\n","protected":false},"excerpt":{"rendered":"<p>XalapaCon un aforo estimado para m\u00e1s de 200 participantes, el comit\u00e9 organizador realizar\u00e1 la segunda fecha de la Liga Veracruzana de Nataci\u00f3n en la alberca de la Escuela Salvador D\u00edaz Mir\u00f3n, la primera Copa \u201cPonte Trucha\u201d.Este evento fue reprogramado, originalmente estaba prevista para el 1 de junio, modific\u00e1ndose la fecha de la competencia, acordando comit\u00e9 [&hellip;]<\/p>\n","protected":false},"author":2,"featured_media":0,"comment_status":"closed","ping_status":"closed","sticky":false,"template":"","format":"standard","meta":{"_jetpack_newsletter_access":"","_jetpack_dont_email_post_to_subs":false,"_jetpack_newsletter_tier_id":0,"_jetpack_memberships_contains_paywalled_content":false,"_jetpack_memberships_contains_paid_content":false,"footnotes":""},"categories":[40050],"tags":[40674,40146,41137],"class_list":["post-125833","post","type-post","status-publish","format-standard","hentry","category-juega","tag-club-truchas-xalapa","tag-liga-veracruzana-de-natacion","tag-sergio-valle-hernandez"],"jetpack_featured_media_url":"","jetpack_sharing_enabled":true,"jetpack_shortlink":"https:\/\/wp.me\/p4Qcd3-wJz","_links":{"self":[{"href":"https:\/\/lospoliticosveracruz.com.mx\/index.php?rest_route=\/wp\/v2\/posts\/125833","targetHints":{"allow":["GET"]}}],"collection":[{"href":"https:\/\/lospoliticosveracruz.com.mx\/index.php?rest_route=\/wp\/v2\/posts"}],"about":[{"href":"https:\/\/lospoliticosveracruz.com.mx\/index.php?rest_route=\/wp\/v2\/types\/post"}],"author":[{"embeddable":true,"href":"https:\/\/lospoliticosveracruz.com.mx\/index.php?rest_route=\/wp\/v2\/users\/2"}],"replies":[{"embeddable":true,"href":"https:\/\/lospoliticosveracruz.com.mx\/index.php?rest_route=%2Fwp%2Fv2%2Fcomments&post=125833"}],"version-history":[{"count":1,"href":"https:\/\/lospoliticosveracruz.com.mx\/index.php?rest_route=\/wp\/v2\/posts\/125833\/revisions"}],"predecessor-version":[{"id":125835,"href":"https:\/\/lospoliticosveracruz.com.mx\/index.php?rest_route=\/wp\/v2\/posts\/125833\/revisions\/125835"}],"wp:attachment":[{"href":"https:\/\/lospoliticosveracruz.com.mx\/index.php?rest_route=%2Fwp%2Fv2%2Fmedia&parent=125833"}],"wp:term":[{"taxonomy":"category","embeddable":true,"href":"https:\/\/lospoliticosveracruz.com.mx\/index.php?rest_route=%2Fwp%2Fv2%2Fcategories&post=125833"},{"taxonomy":"post_tag","embeddable":true,"href":"https:\/\/lospoliticosveracruz.com.mx\/index.php?rest_route=%2Fwp%2Fv2%2Ftags&post=125833"}],"curies":[{"name":"wp","href":"https:\/\/api.w.org\/{rel}","templated":true}]}}