{"id":12601,"date":"2014-10-13T15:41:53","date_gmt":"2014-10-13T15:41:53","guid":{"rendered":"http:\/\/www.lospoliticosveracruz.com.mx\/?p=12601"},"modified":"2014-10-13T15:41:53","modified_gmt":"2014-10-13T15:41:53","slug":"iglesia-levanta-la-voz","status":"publish","type":"post","link":"https:\/\/lospoliticosveracruz.com.mx\/?p=12601","title":{"rendered":"Iglesia levanta la voz"},"content":{"rendered":"<p><a href=\"http:\/\/www.lospoliticosveracruz.com.mx\/wp-content\/uploads\/2014\/10\/Hip\u00f3lito-Reyes.jpg\"><img loading=\"lazy\" decoding=\"async\" class=\"alignnone size-medium wp-image-12603\" src=\"http:\/\/www.lospoliticosveracruz.com.mx\/wp-content\/uploads\/2014\/10\/Hip\u00f3lito-Reyes-300x201.jpg\" alt=\"Hip\u00f3lito Reyes\" width=\"300\" height=\"201\" \/><\/a><\/p>\n<p>&nbsp;<\/p>\n<p><strong>Gabriel Arellano L\u00f3pez<\/strong><\/p>\n<p><em>Escenario<\/em><\/p>\n<p>&nbsp;<\/p>\n<p>Ante acontecimientos de tanta resonancia y que han estremecido al pa\u00eds entero, como el secuestro y asesinato de estudiantes normalistas en Iguala, la Iglesia Cat\u00f3lica tambi\u00e9n alz\u00f3 ya su voz advirtiendo que los reclamos de justicia, en este y muchos otros casos, no encuentran respuestas satisfactorias de las autoridades.<\/p>\n<p>En el comunicado oficial de ayer domingo, la Arquidi\u00f3cesis de Xalapa expresa que tal parece que las autoridades est\u00e1n rebasadas por la realidad. \u201cHay muchos cr\u00edmenes pero no aparecen los criminales. S\u00f3lo fantasmas y presuntos implicados. La historia sigue siendo la misma, los criminales se escapan antes de que llegue la justicia. El discurso oficial sigue s\u00f3lo prometiendo que se castigar\u00e1 a los responsables\u201d.<\/p>\n<p>El documento suscrito por el presb\u00edtero Jos\u00e9 Manuel Suazo Reyes, director de la oficina de Comunicaci\u00f3n, puntualiza que \u201cel optimismo que se anunciaba con las reformas estructurales, no resisti\u00f3 este otro movimiento que se gesta por el contubernio y la complicidad entre autoridades y delincuentes que siguen golpeando a la sociedad y deja detr\u00e1s de s\u00ed sospechas y desconfianza. Necesitamos renovar el coraz\u00f3n, no s\u00f3lo las leyes\u201d.<\/p>\n<p>Consigna que \u201ctambi\u00e9n en nuestro Estado hay sombras de muerte, gente torturada y brutalmente masacrada, el fantasma de la desconfianza y la sospecha va ganado espacio entre los veracruzanos\u201d.<\/p>\n<p>Ante estos signos que llenan de luto e indignaci\u00f3n, la Iglesia Cat\u00f3lica convoca a \u201ccolaborar para restaurar la salud y la unidad en las familias, as\u00ed como la seguridad y la paz de nuestra sociedad veracruzana\u201d, mediante la vivencia del \u201cesp\u00edritu de la oraci\u00f3n confiada, pacificadora y alegre dirigida a Dios en comuni\u00f3n con Mar\u00eda, la reina de la paz y de la familia\u201d.<\/p>\n<p>Ciertamente, la realidad va siendo tal que hasta la Iglesia Cat\u00f3lica asume un posicionamiento cr\u00edtico y firme al lado de las demandas de justicia, pues la corrupci\u00f3n y la impunidad siguen lacerando al pa\u00eds ante el solapamiento de muchas autoridades.<\/p>\n<p>NUMERALIA<\/p>\n<p>1.- Seg\u00fan argumenta \u201cante la creciente inseguridad que se registra en ciudades de esta Entidad\u201d, el Grupo Impulsor de Desarrollo Social A.C., que preside Francisco Carmona Oliveros, exige la destituci\u00f3n del secretario de Seguridad P\u00fablica, Arturo Berm\u00fadez Zurita. Lo responsabilizan de no poder contener \u201cla oleada de cr\u00edmenes\u201d como el reciente asesinato de Antonio P\u00e9rez Luna, sobrino de Antonio Luna Andrade, dirigente del Partido Cardenista, ejecutado a balazos en C\u00f3rdoba, cuando acababa de dejar a sus hijas en la escuela.<\/p>\n<p>2.- El alcalde Am\u00e9rico Z\u00fa\u00f1iga Mart\u00ednez da sobradas muestras de su apego a la rendici\u00f3n de cuentas y transparencia en el ejercicio del poder gubernamental. La semana que termin\u00f3 suscribi\u00f3 con el auditor general del Orfis, Lorenzo Antonio Portilla, un convenio de colaboraci\u00f3n que permitir\u00e1 a Xalapa \u201ctener un respaldo en las acciones de fiscalizaci\u00f3n que fortalecer\u00e1n el compromiso de la autoridad municipal en el manejo honesto, transparente, eficiente y con estricto apego a la normatividad de los recursos p\u00fablicos municipales\u201d. Por otra parte, al asistir al \u201cHackat\u00f3n, Xalapa 2014, Soluciones para Nuestra Capital\u201d, Rodolfo Wilhelmy, director de Datos Abiertos de la Coordinaci\u00f3n de Estrategia Digital Nacional en la Oficina de la Presidencia de la Rep\u00fablica, reconoci\u00f3 que Xalapa es el primer municipio del pa\u00eds que se suma a la pol\u00edtica de datos abiertos implementada por el presidente Enrique Pe\u00f1a Nieto, lo que adem\u00e1s de refrendar el compromiso con la transparencia, permitir\u00e1 a la capital generar desarrollo econ\u00f3mico.<\/p>\n<p>3.- Algunos acuciosos se preguntan si ante la posibilidad de una reforma electoral en Veracruz no se topar\u00eda frente a la imposibilidad legal de llevarla a cabo porque estamos en medio de un proceso electoral, que si bien es federal y no local, despierta la interrogante. Ojal\u00e1 que en el Congreso estatal no vuelvan a incurrir en pifias jur\u00eddicas. El profesor Juan Nicol\u00e1s Callejas Arroyo deber\u00e1 estar muy atento.<\/p>\n<p>CORREOS.- Escr\u00edbanos a gabrielarellano_hechos@yahoo.com.mx<\/p>\n","protected":false},"excerpt":{"rendered":"<p>&nbsp; Gabriel Arellano L\u00f3pez Escenario &nbsp; Ante acontecimientos de tanta resonancia y que han estremecido al pa\u00eds entero, como el secuestro y asesinato de estudiantes normalistas en Iguala, la Iglesia Cat\u00f3lica tambi\u00e9n alz\u00f3 ya su voz advirtiendo que los reclamos de justicia, en este y muchos otros casos, no encuentran respuestas satisfactorias de las autoridades. [&hellip;]<\/p>\n","protected":false},"author":2,"featured_media":0,"comment_status":"open","ping_status":"open","sticky":false,"template":"","format":"standard","meta":{"_jetpack_newsletter_access":"","_jetpack_dont_email_post_to_subs":false,"_jetpack_newsletter_tier_id":0,"_jetpack_memberships_contains_paywalled_content":false,"_jetpack_memberships_contains_paid_content":false,"footnotes":""},"categories":[70],"tags":[320,319],"class_list":["post-12601","post","type-post","status-publish","format-standard","hentry","category-de-opinion","tag-hipolito-reyes-larios","tag-iglesia"],"jetpack_featured_media_url":"","jetpack_sharing_enabled":true,"jetpack_shortlink":"https:\/\/wp.me\/p4Qcd3-3hf","_links":{"self":[{"href":"https:\/\/lospoliticosveracruz.com.mx\/index.php?rest_route=\/wp\/v2\/posts\/12601","targetHints":{"allow":["GET"]}}],"collection":[{"href":"https:\/\/lospoliticosveracruz.com.mx\/index.php?rest_route=\/wp\/v2\/posts"}],"about":[{"href":"https:\/\/lospoliticosveracruz.com.mx\/index.php?rest_route=\/wp\/v2\/types\/post"}],"author":[{"embeddable":true,"href":"https:\/\/lospoliticosveracruz.com.mx\/index.php?rest_route=\/wp\/v2\/users\/2"}],"replies":[{"embeddable":true,"href":"https:\/\/lospoliticosveracruz.com.mx\/index.php?rest_route=%2Fwp%2Fv2%2Fcomments&post=12601"}],"version-history":[{"count":2,"href":"https:\/\/lospoliticosveracruz.com.mx\/index.php?rest_route=\/wp\/v2\/posts\/12601\/revisions"}],"predecessor-version":[{"id":12604,"href":"https:\/\/lospoliticosveracruz.com.mx\/index.php?rest_route=\/wp\/v2\/posts\/12601\/revisions\/12604"}],"wp:attachment":[{"href":"https:\/\/lospoliticosveracruz.com.mx\/index.php?rest_route=%2Fwp%2Fv2%2Fmedia&parent=12601"}],"wp:term":[{"taxonomy":"category","embeddable":true,"href":"https:\/\/lospoliticosveracruz.com.mx\/index.php?rest_route=%2Fwp%2Fv2%2Fcategories&post=12601"},{"taxonomy":"post_tag","embeddable":true,"href":"https:\/\/lospoliticosveracruz.com.mx\/index.php?rest_route=%2Fwp%2Fv2%2Ftags&post=12601"}],"curies":[{"name":"wp","href":"https:\/\/api.w.org\/{rel}","templated":true}]}}