{"id":126112,"date":"2024-06-14T08:35:10","date_gmt":"2024-06-14T13:35:10","guid":{"rendered":"https:\/\/lospoliticosveracruz.com.mx\/?p=126112"},"modified":"2024-06-14T08:35:23","modified_gmt":"2024-06-14T13:35:23","slug":"la-primera-mujer-del-gabinete","status":"publish","type":"post","link":"https:\/\/lospoliticosveracruz.com.mx\/?p=126112","title":{"rendered":"LA PRIMERA MUJER DEL GABINETE"},"content":{"rendered":"\n<p><strong>Oved Contreras<\/strong><\/p>\n\n\n\n<p><em>Secas Mecas<\/em><\/p>\n\n\n\n<p>La t\u00eda Ch\u00edo ya empez\u00f3 a revelar los nombres de quienes integrar\u00e1n su gabinete a pesar de que todav\u00eda falta que los tribunales resuelvan las impugnaciones que presentar\u00e1 la oposici\u00f3n por las irregularidades en la jornada electoral\u2026si proceden o no ya ser\u00e1 otra cosa pero esto no se acaba hasta que se acaba.<\/p>\n\n\n\n<p>Mar\u00eda X\u00f3chitl Molina Gonz\u00e1lez asumir\u00e1 en diciembre la titularidad de la Secretar\u00eda de Cultura del Estado a invitaci\u00f3n de la gobernadora electa Roc\u00edo Nahle Garc\u00eda\u2026ocupar\u00e1 el lugar de Silvia Alejandre quien pas\u00f3 sin pena ni gloria por el IVEC que despu\u00e9s se convirti\u00f3 en secretaria\u2026todav\u00eda falta mucho para que \u00e9l sector cultural reciba el respaldo de una administraci\u00f3n estatal porque no basta brincar de un instituto a una de secretar\u00eda si al final de cuentas es la misma gata pero revolcada.<\/p>\n\n\n\n<p>X\u00f3chitl Molina, originaria de Tatahuicapan de Ju\u00e1rez, fue suplente entre 2006 y 2009 del diputado federal plurinominal del PRI Roberto Badillo Mart\u00ednez. En el gobierno de Cuitl\u00e1huac Garc\u00eda fue comisionada de los Pueblos Ind\u00edgenas y titular del Instituto Veracruzano de Asuntos Ind\u00edgenas (IVAIS), de donde fue cesada en mayo de 2022, luego de ser acusada de despojo de recursos a familias ind\u00edgenas.<\/p>\n\n\n\n<p>Tambi\u00e9n fue se\u00f1alada de exigir a sus subordinados en el IVAIS \u201cmoche\u201d del dinero de sus vi\u00e1ticos e incluso de robar proyectos que aplicaba en sus propias tierras en Tatahuicapan, en donde presuntamente utilizaba al personal del organismo para cultivarlas. Al anunciarse la destituci\u00f3n de X\u00f3chitl Molina Gonz\u00e1lez del IVAIS, el Ku\u00edkaras dijo que fue por \u201ccambios normales\u201d y no por malos manejos como se hab\u00eda se\u00f1alado.<\/p>\n\n\n\n<p>Trasciende que la otra mujer que ser\u00eda parte del gabinete es Carmen Medel, actual alcaldesa de Minatitl\u00e1n, quien ser\u00eda secretaria de Salud pero trascendi\u00f3 que la ex diputada federal declin\u00f3 aceptar la invitaci\u00f3n por lo menos hasta que termine su gesti\u00f3n como alcaldesa.<\/p>\n\n\n\n<p>Por cierto, oscuros intereses pretenden imponer la narrativa de que el Car\u00f3n Cazar\u00edn se opondr\u00eda al nombramiento de Ricardo Ahued como secretario de Gobierno o quiera debilitarlo antes de que llegue al puesto\u2026lo primero era que la t\u00eda Ch\u00edo ganara, ya despu\u00e9s ser\u00e1 decisi\u00f3n y facultad de la gobernadora hacer los nombramientos\u2026y Car\u00f3n Cazar\u00edn est\u00e1 listo para jugar donde lo pongan: as\u00ed sea rapartiendo el Regeneraci\u00f3n en las colonias, cargando bultos de cemento para pavimentar calles en zona rural o cantando chunchaka para animar los eventos proselitistas\u2026el pr\u00f3ximo a\u00f1o se renuevan las 212 alcald\u00edas y otra vez sonar\u00e1 el \u201cQu\u00e9 tienen las mujeres que est\u00e1n transformando\u201d al ritmo de los poderos\u00edsimos Junior Klan.<\/p>\n\n\n\n<p>LA CONCESI\u00d3N DE M\u00c1S\u2026Ante la falta de agua que se registr\u00f3 en las \u00faltimas semanas en la zona conurbada Veracruz-Boca del R\u00edo, el presidente Andr\u00e9s Manuel L\u00f3pez Obrador dijo que se deben revisar las concesiones de agua y corregir lo que est\u00e9 fallando en pro de que la ciudadan\u00eda reciba el vital l\u00edquido.<\/p>\n\n\n\n<p>\u201cS\u00ed hay que revisar todos esos contratos, es lo que habl\u00e1bamos, era privatizar todo, privatizar el agua, la recolecci\u00f3n de basura, entonces hay que revisar esos contratos, esa es la recomendaci\u00f3n\u201d, dijo el mandatario pero curiosamente existe la orden al interior de los principales actores pol\u00edticos de Morena en Veracruz de enfriar el tema y que se deje de tratar en lo medi\u00e1tico\u2026se ver\u00e1 en los pr\u00f3ximos d\u00edas si Morena insiste en quitarle a M\u00e1s el control del agua o se apaga el fuego.<\/p>\n\n\n\n<p>Como diputado local, Fernando \u201cel huevo\u201d Arteaga cumpli\u00f3 su palabra de mover el tema en el Congreso local pero nunca tuvo el respaldo de la bancada morenista en la lucha contra el grupo M\u00e1s, y como Presidente de la Comisi\u00f3n de Agua Potable, ha culpado de incumplimiento de la obligaci\u00f3n de dar mantenimiento a los pozos y en general a la instalaciones que forman la red de agua potable perjudicando con ello a la poblaci\u00f3n de Veracruz y Medellin quienes padecen un ineficiente servicio, agua de p\u00e9sima calidad, tarifas elevadas y cortes de suministro que atentan contra los derechos humanos de los veracruzanos.<\/p>\n\n\n\n<p>Fernando Arteaga afirma nunca recibi\u00f3 el apoyo de su bancada para poner un alto a los abusos del grupo MAS, revocar la concesi\u00f3n con la que opera y sacarlo de una vez por todas de Veracruz. El legislador sostiene que separarse de esa bancada no tuvo nada que ver con el proceso electoral y mucho menos hubiera pactado con aquellos a quienes \u00e9l enfrent\u00f3 en el 2021, adem\u00e1s reitera su apoyo en campa\u00f1a en favor de todos los candidatos de la 4T en la zona conurbada Veracruz-Boca del R\u00edo, como es el caso de Rosa Mar\u00eda Hern\u00e1ndez Espejo, Manuel Huerta, Claudia Tello, Bertha Ahued Malpica y desde luego a Roc\u00edo Nahle.<\/p>\n","protected":false},"excerpt":{"rendered":"<p>Oved Contreras Secas Mecas La t\u00eda Ch\u00edo ya empez\u00f3 a revelar los nombres de quienes integrar\u00e1n su gabinete a pesar de que todav\u00eda falta que los tribunales resuelvan las impugnaciones que presentar\u00e1 la oposici\u00f3n por las irregularidades en la jornada electoral\u2026si proceden o no ya ser\u00e1 otra cosa pero esto no se acaba hasta que [&hellip;]<\/p>\n","protected":false},"author":2,"featured_media":119816,"comment_status":"closed","ping_status":"closed","sticky":false,"template":"","format":"standard","meta":{"_jetpack_newsletter_access":"","_jetpack_dont_email_post_to_subs":false,"_jetpack_newsletter_tier_id":0,"_jetpack_memberships_contains_paywalled_content":false,"_jetpack_memberships_contains_paid_content":false,"footnotes":""},"categories":[70],"tags":[13091,1563,20129,28048,1026,3578,195],"class_list":["post-126112","post","type-post","status-publish","format-standard","has-post-thumbnail","hentry","category-de-opinion","tag-carmen-medel","tag-cuitlahuac-garcia-jimenez","tag-fernando-arteaga","tag-grupo-mas-2","tag-morena","tag-rocio-nahle","tag-veracruz"],"jetpack_featured_media_url":"https:\/\/lospoliticosveracruz.com.mx\/wp-content\/uploads\/2024\/03\/Oved-Contreras.jpg","jetpack_sharing_enabled":true,"jetpack_shortlink":"https:\/\/wp.me\/p4Qcd3-wO4","_links":{"self":[{"href":"https:\/\/lospoliticosveracruz.com.mx\/index.php?rest_route=\/wp\/v2\/posts\/126112","targetHints":{"allow":["GET"]}}],"collection":[{"href":"https:\/\/lospoliticosveracruz.com.mx\/index.php?rest_route=\/wp\/v2\/posts"}],"about":[{"href":"https:\/\/lospoliticosveracruz.com.mx\/index.php?rest_route=\/wp\/v2\/types\/post"}],"author":[{"embeddable":true,"href":"https:\/\/lospoliticosveracruz.com.mx\/index.php?rest_route=\/wp\/v2\/users\/2"}],"replies":[{"embeddable":true,"href":"https:\/\/lospoliticosveracruz.com.mx\/index.php?rest_route=%2Fwp%2Fv2%2Fcomments&post=126112"}],"version-history":[{"count":1,"href":"https:\/\/lospoliticosveracruz.com.mx\/index.php?rest_route=\/wp\/v2\/posts\/126112\/revisions"}],"predecessor-version":[{"id":126113,"href":"https:\/\/lospoliticosveracruz.com.mx\/index.php?rest_route=\/wp\/v2\/posts\/126112\/revisions\/126113"}],"wp:featuredmedia":[{"embeddable":true,"href":"https:\/\/lospoliticosveracruz.com.mx\/index.php?rest_route=\/wp\/v2\/media\/119816"}],"wp:attachment":[{"href":"https:\/\/lospoliticosveracruz.com.mx\/index.php?rest_route=%2Fwp%2Fv2%2Fmedia&parent=126112"}],"wp:term":[{"taxonomy":"category","embeddable":true,"href":"https:\/\/lospoliticosveracruz.com.mx\/index.php?rest_route=%2Fwp%2Fv2%2Fcategories&post=126112"},{"taxonomy":"post_tag","embeddable":true,"href":"https:\/\/lospoliticosveracruz.com.mx\/index.php?rest_route=%2Fwp%2Fv2%2Ftags&post=126112"}],"curies":[{"name":"wp","href":"https:\/\/api.w.org\/{rel}","templated":true}]}}