{"id":126148,"date":"2024-06-15T07:00:33","date_gmt":"2024-06-15T12:00:33","guid":{"rendered":"https:\/\/lospoliticosveracruz.com.mx\/?p=126148"},"modified":"2024-06-15T07:00:46","modified_gmt":"2024-06-15T12:00:46","slug":"la-coalicion-a-medias","status":"publish","type":"post","link":"https:\/\/lospoliticosveracruz.com.mx\/?p=126148","title":{"rendered":"LA COALICI\u00d3N, A MEDIAS\u2026"},"content":{"rendered":"\n<p><strong>Ricardo Chua<\/strong><\/p>\n\n\n\n<p><em>Sale y Vale<\/em><\/p>\n\n\n\n<p>EXCLUSIVA\u2026 Cuenta \u00abGarganta Profunda\u00bb que ya est\u00e1 al interior de MORENA en Veracruz.. El balance que hicieron al final de las elecciones a gobernador y diputados locales del pasado 2 de junio.. Y de acuerdo a los n\u00fameros obtenidos de ambos procesos, le presentaron un an\u00e1lisis a la que manda en Veracruz y le recomiendan que para la elecci\u00f3n a renovaci\u00f3n de alcald\u00edas en 2025.. S\u00f3lo se hagan coalici\u00f3n con el PVEM y PT.. De manera muy, pero muy \u00abparcial\u00bb\u2026 Pr\u00e1cticamente en menos de 20 municipios.. ZAS..<\/p>\n\n\n\n<p>En pocas palabras, \u00abGarganta Profunda\u00bb revela que si hay coalici\u00f3n de MORENA-PVEM-PT s\u00f3lo hagan alianzas en 20 de los 212 municipios que hay en Veracruz.. Es decir, que en alrededor de 190 a 195 presidencias municipales en la entidad.. Los \u00abMorenos\u00bb la podr\u00edan \u00abjugar\u00bb solos, sin la necesidad de ocupar la militancia y simpatizantes que votaron por los candidatos del \u00abVerde\u00bb y petistas en la elecci\u00f3n local pasada.. NO LOS NECESITAN.. ABROOOONNN<\/p>\n\n\n\n<p>Los n\u00fameros y argumentos que presentaron, estos \u00abexpertos\u00bb electorales, es que en la elecci\u00f3n a gobernador, Roc\u00edo Nahle gan\u00f3 su proceso en 210 de los 212 municipios.. S\u00f3lo perdi\u00f3 en Xalapa y Boca del R\u00edo, fueron los \u00fanicos lugares donde Pepe Yunes le gan\u00f3 la contienda.. En los dem\u00e1s, Nahle gan\u00f3 sin problemas, en unos sitios arras\u00f3 hasta 4 a 1, entonces, basados en los resultados de esos procesos.. La pueden \u00abjugar\u00bb solos y sin partidos aliados como en el \u00abviejo\u00bb PRI..<\/p>\n\n\n\n<p>Menciona \u00abGarganta Profunda\u00bb, que de darse esta situaci\u00f3n, MORENA pr\u00e1cticamente ir\u00eda solo en todos los municipios del norte de Veracruz, ah\u00ed no habr\u00eda necesidad de alianzas.. Desde Mart\u00ednez de la Torre hasta P\u00e1nuco.. Misma situaci\u00f3n podr\u00eda pasar en el sureste de la entidad donde desde La Cuenca, Los Tuxtlas, El Sotavento y la costera del Golfo tampoco necesitan nada para ganar.. Ah\u00ed fue donde m\u00e1s diferencias hubo en votos en comparaci\u00f3n de la oposici\u00f3n..<\/p>\n\n\n\n<p>Esas alianzas de presentarse.. Ser\u00edan en la zona centro de Veracruz.. Donde hubo unas elecciones m\u00e1s cerradas.. Y esa coalici\u00f3n de MORENA-PVEM-PT podr\u00eda ser en la zona conurbada de Veracruz-Boca del R\u00edo.. Toda el \u00e1rea que abarcan Xalapa y sus municipios aleda\u00f1os.. Tambi\u00e9n en la zona de Perote y quiz\u00e1s en las Altas Monta\u00f1as (Orizaba y su regi\u00f3n).. De ah\u00ed en fuera MORENA estar\u00eda en posibilidad de \u00abjugar\u00bb solo y agenciarse el mayor n\u00famero de alcaldes.. EL PODER ABSOLUTO.. CONSUMATUM EST..<\/p>\n\n\n\n<p>ORGANIZACIONES PRIISTAS EXTINTAS EN VERACRUZ.. Si bien es cierto, la dirigencia estatal del PRI tiene mucha responsabilidad en la debacle pol\u00edtica que tuvo este partido en la elecci\u00f3n a gobernador del pasado 2 de junio, donde perdi\u00f3 su candidato, Pepe Yunes.. Provocado en parte por la mala estrategia del organismo.. Tanto en la selecci\u00f3n de los candidatos a diputados locales, como aquellos que fueron operadores de campa\u00f1a para las distintas zonas del estado.. Pero tambi\u00e9n hubo otros culpables de esa derrota..<\/p>\n\n\n\n<p>Adem\u00e1s de la falla del uso y distribuci\u00f3n de los recursos en campa\u00f1a junto con las malas negociaciones pol\u00edticas.. Hubo otro factor que contribuy\u00f3 a la debacle\u2026 Que fueron las FALLAS de las organizaciones y grupos adheridos al PRI.. Que ya no funcionan y est\u00e1n en peligro de \u00abextinci\u00f3n\u00bb.. Hasta el momento, no hay evaluaci\u00f3n alguna hacia estos grupos, pues, muchas de ellas simularon hacer campa\u00f1a en favor de Pepe.. Con la \u00abilusi\u00f3n\u00bb de que todav\u00eda cuentan con la membres\u00eda que ten\u00edan en los tiempos de Fidel Herrera Beltr\u00e1n y Javier Duarte..<\/p>\n\n\n\n<p>Pero no fue as\u00ed. Ya que estas iban en \u00abpicada\u00bb desde antes que MORENA tomara las riendas del pa\u00eds.. Ah\u00ed est\u00e1n como la organizaci\u00f3n \u00abAntorcha Campesina\u00bb, de Samuel Aguirre Ochoa; que era ese organismo que llenaba los m\u00edtines pol\u00edticos del PRI de banderas rojas con la antorcha pintada.. Hoy esa antorcha se apag\u00f3.. Ya que los miles de votos que siempre promet\u00eda Samuel Aguirre.. Alrededor de 150 mil para ser exactos, no se vieron en ni una de las casillas ubicadas en las colonias y pueblos de la entidad donde ten\u00edan presencia.. FALLARON\u2026<\/p>\n\n\n\n<p>Por cierto, muchas de esas colonias a \u00abAntorcha Campesina\u00bb fueron obsequiadas en los tiempos gloriosos del PRI.. Lo mismo pas\u00f3 con la Uni\u00f3n Estatal de Ca\u00f1eros y la CNC, esos organismo que tanto se quejan del abandono al campo, pero que en la elecci\u00f3n, no se vio su voto en las urnas donde dicen tener arraigo.. La CNOP solo se vio en las fotos con Pepe Yunes.. Pero en acci\u00f3n.. Se podr\u00eda decir que estas organizaciones dejaron de ser pri\u00edstas y han emigrado a MORENA.. No hay otra explicaci\u00f3n de su ca\u00edda el 2 de junio pasado..<\/p>\n\n\n\n<p>As\u00ed que el \u201capoyo\u201d a Pepe Yunes fue s\u00f3lo simulaci\u00f3n o traici\u00f3n.. \u00abAntorcha Campesina\u00bb prometi\u00f3 150 mil votos y otras organizaciones, no hicieron campa\u00f1a con masas.. S\u00f3lo fue por redes sociales y grupos de whatsapps.. Hubo poca propaganda en colonias y pueblos.. S\u00f3lo se vieron espectaculares en zonas urbanas, pero por negociaciones de Pepe con empresarios.. Y se dividieron por disputar las posiciones a diputados locales plurinominales.. Esta fue una raz\u00f3n de la derrota.. As\u00ed como ya no hay caciques priistas.. Dej\u00f3 de haber l\u00edderes de organizaciones priistas en Veracruz.. REQUIEM..<\/p>\n","protected":false},"excerpt":{"rendered":"<p>Ricardo Chua Sale y Vale EXCLUSIVA\u2026 Cuenta \u00abGarganta Profunda\u00bb que ya est\u00e1 al interior de MORENA en Veracruz.. El balance que hicieron al final de las elecciones a gobernador y diputados locales del pasado 2 de junio.. Y de acuerdo a los n\u00fameros obtenidos de ambos procesos, le presentaron un an\u00e1lisis a la que manda [&hellip;]<\/p>\n","protected":false},"author":2,"featured_media":119817,"comment_status":"closed","ping_status":"closed","sticky":false,"template":"","format":"standard","meta":{"_jetpack_newsletter_access":"","_jetpack_dont_email_post_to_subs":false,"_jetpack_newsletter_tier_id":0,"_jetpack_memberships_contains_paywalled_content":false,"_jetpack_memberships_contains_paid_content":false,"footnotes":""},"categories":[70],"tags":[1026,251,2289,264,3578,195],"class_list":["post-126148","post","type-post","status-publish","format-standard","has-post-thumbnail","hentry","category-de-opinion","tag-morena","tag-pri","tag-pt","tag-pvem","tag-rocio-nahle","tag-veracruz"],"jetpack_featured_media_url":"https:\/\/lospoliticosveracruz.com.mx\/wp-content\/uploads\/2024\/03\/Ricardo-Chua.jpg","jetpack_sharing_enabled":true,"jetpack_shortlink":"https:\/\/wp.me\/p4Qcd3-wOE","_links":{"self":[{"href":"https:\/\/lospoliticosveracruz.com.mx\/index.php?rest_route=\/wp\/v2\/posts\/126148","targetHints":{"allow":["GET"]}}],"collection":[{"href":"https:\/\/lospoliticosveracruz.com.mx\/index.php?rest_route=\/wp\/v2\/posts"}],"about":[{"href":"https:\/\/lospoliticosveracruz.com.mx\/index.php?rest_route=\/wp\/v2\/types\/post"}],"author":[{"embeddable":true,"href":"https:\/\/lospoliticosveracruz.com.mx\/index.php?rest_route=\/wp\/v2\/users\/2"}],"replies":[{"embeddable":true,"href":"https:\/\/lospoliticosveracruz.com.mx\/index.php?rest_route=%2Fwp%2Fv2%2Fcomments&post=126148"}],"version-history":[{"count":1,"href":"https:\/\/lospoliticosveracruz.com.mx\/index.php?rest_route=\/wp\/v2\/posts\/126148\/revisions"}],"predecessor-version":[{"id":126149,"href":"https:\/\/lospoliticosveracruz.com.mx\/index.php?rest_route=\/wp\/v2\/posts\/126148\/revisions\/126149"}],"wp:featuredmedia":[{"embeddable":true,"href":"https:\/\/lospoliticosveracruz.com.mx\/index.php?rest_route=\/wp\/v2\/media\/119817"}],"wp:attachment":[{"href":"https:\/\/lospoliticosveracruz.com.mx\/index.php?rest_route=%2Fwp%2Fv2%2Fmedia&parent=126148"}],"wp:term":[{"taxonomy":"category","embeddable":true,"href":"https:\/\/lospoliticosveracruz.com.mx\/index.php?rest_route=%2Fwp%2Fv2%2Fcategories&post=126148"},{"taxonomy":"post_tag","embeddable":true,"href":"https:\/\/lospoliticosveracruz.com.mx\/index.php?rest_route=%2Fwp%2Fv2%2Ftags&post=126148"}],"curies":[{"name":"wp","href":"https:\/\/api.w.org\/{rel}","templated":true}]}}