{"id":126262,"date":"2024-06-18T13:48:45","date_gmt":"2024-06-18T18:48:45","guid":{"rendered":"https:\/\/lospoliticosveracruz.com.mx\/?p=126262"},"modified":"2024-06-18T13:48:57","modified_gmt":"2024-06-18T18:48:57","slug":"ponganse-en-sus-zapatos","status":"publish","type":"post","link":"https:\/\/lospoliticosveracruz.com.mx\/?p=126262","title":{"rendered":"P\u00d3NGANSE EN SUS ZAPATOS!"},"content":{"rendered":"\n<p><strong>Karla M\u00e9ndez\u00a0<\/strong><\/p>\n\n\n\n<p><em>Xalapa<\/em><\/p>\n\n\n\n<p>Las madres buscadoras exhortaron a vecinos del Pante\u00f3n Palo Verde, a qu\u00e9 se pongan un poco en sus zapatos, luego de que se pusieran a la construcci\u00f3n de un semefo en el lugar para la identificaci\u00f3n de cuerpos inhumados de manera irregular.<\/p>\n\n\n\n<p>Est\u00e9 d\u00eda integrantes de colectivos que buscan a sus desaparecidos informaron que la construcci\u00f3n de este centro de identificaci\u00f3n humana fue formalmente cancelado por el alcalde Ricardo Ahued Bardahuil.&nbsp;<\/p>\n\n\n\n<p>Ante esta noticia, Mar\u00eda Elena Guti\u00e9rrez, quien busca a su sobrino desde el 2013, al igual que otras mujeres que buscan sus familiares desaparecidos, pidieron a los vecinos quienes se oponen al proyecto que reconsideren su postura.<\/p>\n\n\n\n<p>Las madres se\u00f1alaron que este proyecto es una lucha que han mantenido desde el 2016 cuando se descubre que en el lugar se enterraban de manera irregular cuerpos de personas y que existe una gran probabilidad de que sus hijos e hijas se encuentren ah\u00ed.&nbsp;<\/p>\n\n\n\n<p>\u201cQue se pongan esas madres a platicar entre ellas y que nos den un tantito que nos apoyen como madres buscadoras&nbsp;&nbsp;para que pongan en un pedacito de nuestros zapatos para que nos den permiso de hacerlo, no creo que valga m\u00e1s un arbolito que mi hijo.\u00bb<\/p>\n\n\n\n<p>Cabe mencionar que est\u00e1 pol\u00e9mica por la construcci\u00f3n del centro de identificaci\u00f3n humana se desat\u00f3&nbsp;&nbsp;luego de que personal de Ayuntamiento de Xalapa, llegara al lugar a marcar la zona donde ser\u00eda construido; los colectivos se\u00f1alan que no hubo una socializaci\u00f3n del proyecto con los vecinos, quienes se oponen a la construcci\u00f3n.&nbsp;<\/p>\n\n\n\n<p>Algunos de los argumentos que han dado los vecinos es que este Centro despedir\u00e1 malos olores que llegar\u00e1n hasta sus viviendas , otro es el corte de \u00e1rboles que se dar\u00e1 en la zona.&nbsp;<\/p>\n\n\n\n<p>Las integrantes de los colectivos dieron una conferencia esta ma\u00f1ana donde se\u00f1alaron que se debe de priorizar el derecho humano de hallar a susdesaparecidos y no el tema del corte de \u00e1rboles, ya que incluso el proyecto se\u00f1ala el corte de solo un \u00e1rbol.&nbsp;<\/p>\n\n\n\n<p>Los colectivos se\u00f1alaron que el proyecto debi\u00f3 ser dado a conocer de la manera correcta por las autoridades municipales, as\u00ed como la Fiscal\u00eda General del Estado (FGE) sin embargo, no se hizo.<\/p>\n\n\n\n<p>El pasado lunes 17 de junio se dio a conocer que personal de la fiscal\u00eda acudi\u00f3 a intentar hablar con los vecinos para mostrarles en qu\u00e9 consiste el proyecto, sin embargo, estos se negaron a la construcci\u00f3n y deriv\u00f3 la cancelaci\u00f3n del mismo.<\/p>\n","protected":false},"excerpt":{"rendered":"<p>Karla M\u00e9ndez\u00a0 Xalapa Las madres buscadoras exhortaron a vecinos del Pante\u00f3n Palo Verde, a qu\u00e9 se pongan un poco en sus zapatos, luego de que se pusieran a la construcci\u00f3n de un semefo en el lugar para la identificaci\u00f3n de cuerpos inhumados de manera irregular. Est\u00e9 d\u00eda integrantes de colectivos que buscan a sus desaparecidos [&hellip;]<\/p>\n","protected":false},"author":2,"featured_media":0,"comment_status":"closed","ping_status":"closed","sticky":false,"template":"","format":"standard","meta":{"_jetpack_newsletter_access":"","_jetpack_dont_email_post_to_subs":false,"_jetpack_newsletter_tier_id":0,"_jetpack_memberships_contains_paywalled_content":false,"_jetpack_memberships_contains_paid_content":false,"footnotes":""},"categories":[6446],"tags":[32671,1026,195],"class_list":["post-126262","post","type-post","status-publish","format-standard","hentry","category-la-nota","tag-karla-mendez","tag-morena","tag-veracruz"],"jetpack_featured_media_url":"","jetpack_sharing_enabled":true,"jetpack_shortlink":"https:\/\/wp.me\/p4Qcd3-wQu","_links":{"self":[{"href":"https:\/\/lospoliticosveracruz.com.mx\/index.php?rest_route=\/wp\/v2\/posts\/126262","targetHints":{"allow":["GET"]}}],"collection":[{"href":"https:\/\/lospoliticosveracruz.com.mx\/index.php?rest_route=\/wp\/v2\/posts"}],"about":[{"href":"https:\/\/lospoliticosveracruz.com.mx\/index.php?rest_route=\/wp\/v2\/types\/post"}],"author":[{"embeddable":true,"href":"https:\/\/lospoliticosveracruz.com.mx\/index.php?rest_route=\/wp\/v2\/users\/2"}],"replies":[{"embeddable":true,"href":"https:\/\/lospoliticosveracruz.com.mx\/index.php?rest_route=%2Fwp%2Fv2%2Fcomments&post=126262"}],"version-history":[{"count":1,"href":"https:\/\/lospoliticosveracruz.com.mx\/index.php?rest_route=\/wp\/v2\/posts\/126262\/revisions"}],"predecessor-version":[{"id":126263,"href":"https:\/\/lospoliticosveracruz.com.mx\/index.php?rest_route=\/wp\/v2\/posts\/126262\/revisions\/126263"}],"wp:attachment":[{"href":"https:\/\/lospoliticosveracruz.com.mx\/index.php?rest_route=%2Fwp%2Fv2%2Fmedia&parent=126262"}],"wp:term":[{"taxonomy":"category","embeddable":true,"href":"https:\/\/lospoliticosveracruz.com.mx\/index.php?rest_route=%2Fwp%2Fv2%2Fcategories&post=126262"},{"taxonomy":"post_tag","embeddable":true,"href":"https:\/\/lospoliticosveracruz.com.mx\/index.php?rest_route=%2Fwp%2Fv2%2Ftags&post=126262"}],"curies":[{"name":"wp","href":"https:\/\/api.w.org\/{rel}","templated":true}]}}