{"id":126403,"date":"2024-06-21T14:56:22","date_gmt":"2024-06-21T19:56:22","guid":{"rendered":"https:\/\/lospoliticosveracruz.com.mx\/?p=126403"},"modified":"2024-06-21T14:56:37","modified_gmt":"2024-06-21T19:56:37","slug":"marea-rosa-como-una-ola","status":"publish","type":"post","link":"https:\/\/lospoliticosveracruz.com.mx\/?p=126403","title":{"rendered":"MAREA ROSA\u2026 COMO UNA OLA"},"content":{"rendered":"\n<p><em><strong>Vicente Luna Hern\u00e1ndez\u00a0<\/strong><\/em><\/p>\n\n\n\n<p>La irrupci\u00f3n de X\u00f3chitl G\u00e1lvez fue ox\u00edgeno puro para una oposici\u00f3n que desesperada buscaba una candidatura fresca para impulsarla contra el partido oficial, ante el desgaste de sus principales figura partidistas, el PAN, PRI y el PRD se frotaron las manos ante el cobijo que le dieron organizaciones de la sociedad civil a la senadora de Hidalgo, \u00bfqu\u00e9 paso despu\u00e9s? \u00bfAcaso la Marea Rosa solo llen\u00f3 plazas p\u00fablicas pero se desencant\u00f3 un d\u00eda antes? \u00bfEn qu\u00e9 consisti\u00f3 el desencanto?<\/p>\n\n\n<div class=\"wp-block-image\">\n<figure class=\"alignleft size-medium\"><a href=\"https:\/\/lospoliticosveracruz.com.mx\/wp-content\/uploads\/2021\/10\/Zacauilt.jpg\"><img decoding=\"async\" src=\"https:\/\/lospoliticosveracruz.com.mx\/wp-content\/uploads\/2021\/10\/Zacauilt-150x300.jpg\" alt=\"\" class=\"wp-image-80558\"\/><\/a><\/figure><\/div>\n\n\n<p>Las manifestaciones p\u00fablicas y entusiastas provocaron que X\u00f3chitl G\u00e1lvez se animara a buscar la candidatura presidencial \u2013 sin importar el desgaste de los partidos que ir\u00edan con ella \u2013 segura que la sociedad civil acudir\u00eda al llamado de la oposici\u00f3n para enfrentar a la candidata oficial, su romance con la famosa Marea rosa la motiv\u00f3 a cantarle as\u00ed:<\/p>\n\n\n\n<p>\u201cGrab\u00e9 tu nombre en mi barca, me hice por ti marinero\/Para cruzar los mares surcando los deseos\/Fui tan feliz en tus brazos, fui tan feliz en tu puerto\/Que el coraz\u00f3n qued\u00f3 preso de tu cuerpo y de tu piel\/Como una ola tu amor lleg\u00f3 a mi vida\/Como una ola de fuego y de caricias\/De espuma blanca y rumor de caracolas\/Como una ola\/\u201d<\/p>\n\n\n\n<p>A pesar de las condiciones adversas antes y durante el proceso electoral, no hubo una coordinaci\u00f3n entre candidata y partidos digna de los retos que se ten\u00edan que enfrentar, la candidata presum\u00eda ser la candidata de la sociedad civil y no tanto de los partidos\u2026y ah\u00ed perdi\u00f3 el tim\u00f3n:<\/p>\n\n\n\n<p>\u201cY yo qued\u00e9 prendida a tu tormenta\/Perd\u00ed el tim\u00f3n sin darme apenas cuenta\/Como una ola tu amor creci\u00f3\/Como una ola\/Baj\u00e9 del cielo una estrella en el hueco de mis manos\/Y la prend\u00ed a tu cuello cuando te dije te amo\/\u201d<\/p>\n\n\n\n<p>Durante la campa\u00f1a la candidata presumi\u00f3 su cercan\u00eda con figuras prominentes de la sociedad civil, festej\u00f3 que organizaciones sociales salieran a las calles a impulsar su candidatura, lleg\u00f3 un momento que su discurso de: \u201cVerdad, Vida y Libertad\u201d fue una luz de Esperanza entre diversos sectores de la sociedad civil que aliment\u00f3 la posibilidad de ser una candidata con posibilidades e triunfo, es cierto que representantes impresentables de los 3 partidos que la rodeaban no le generaban simpat\u00edas ciudadanas, estas malas compa\u00f1\u00edas no pudo o no quiso mantenerlas al margen, sin embrago, la candidata siempre quiso dejar en claro que eran m\u00e1s una candidata de la sociedad civil que una candidata de los partidos y por eso a la famosa Marea Rosa al o\u00eddo le canto:<\/p>\n\n\n\n<p>\u201cPero al mirarte a los ojos vi una luz de desencanto\/Me avergonc\u00e9 de mi estrella y llorando me dorm\u00ed\/Como una ola tu amor lleg\u00f3 a mi vida\/Como una ola de fuerza desmedida\/Sent\u00ed en mis labios tus labios de amapola\/Como una ola\/Y me escap\u00e9 contigo mar adentro\/Sin escuchar las voces en el viento\/\u201d<\/p>\n\n\n\n<p>La realidad es que ante los resultados electorales \u2013 pendientes de resolver las impugnaciones por los \u00f3rganos electorales competentes &#8211; la Marea Rosa camin\u00f3 por las calles de las principales ciudades del pa\u00eds, llen\u00f3 el Z\u00f3calo de la Ciudad de M\u00e9xico pero no camin\u00f3 hacia las casillas ni menos lleno las urnas y la candidata llorando se sent\u00f3 a cantar:<\/p>\n\n\n\n<p>\u201cComo una ola se fue tu amor\/Como una ola\/Y me escap\u00e9 contigo mar adentro\/Sin escuchar las voces en el viento\/Como una ola se fue tu amor\/Como una ola\/\u201d<\/p>\n\n\n\n<p>\u00bfQu\u00e9 fallo? \u00bfEn serio se hubiese ganado con otra u otro candidato? \u00bfLos malos resultados fueron por la candidata o por los partidos? \u00bfAcaso no sab\u00edan los dirigentes partidistas a lo que se enfrentaban? \u00bfPecaron de ingenuos o fueron vulgares ambiciosos? \u00bfTodo fue culpa del INE?<\/p>\n\n\n\n<p>P.D.- Con el \u00e1nimo que se hable m\u00e1s de las causas de la derrota electoral y no de las \u201ccosas\u201d que pasaron en campa\u00f1a\u2026Escribir\u00e9 otro d\u00eda.<\/p>\n","protected":false},"excerpt":{"rendered":"<p>Vicente Luna Hern\u00e1ndez\u00a0 La irrupci\u00f3n de X\u00f3chitl G\u00e1lvez fue ox\u00edgeno puro para una oposici\u00f3n que desesperada buscaba una candidatura fresca para impulsarla contra el partido oficial, ante el desgaste de sus principales figura partidistas, el PAN, PRI y el PRD se frotaron las manos ante el cobijo que le dieron organizaciones de la sociedad civil [&hellip;]<\/p>\n","protected":false},"author":2,"featured_media":120017,"comment_status":"closed","ping_status":"closed","sticky":false,"template":"","format":"standard","meta":{"_jetpack_newsletter_access":"","_jetpack_dont_email_post_to_subs":false,"_jetpack_newsletter_tier_id":0,"_jetpack_memberships_contains_paywalled_content":false,"_jetpack_memberships_contains_paid_content":false,"footnotes":""},"categories":[70],"tags":[17531],"class_list":["post-126403","post","type-post","status-publish","format-standard","has-post-thumbnail","hentry","category-de-opinion","tag-xochitl-galvez"],"jetpack_featured_media_url":"https:\/\/lospoliticosveracruz.com.mx\/wp-content\/uploads\/2024\/03\/Vicente-Luna.jpg","jetpack_sharing_enabled":true,"jetpack_shortlink":"https:\/\/wp.me\/p4Qcd3-wSL","_links":{"self":[{"href":"https:\/\/lospoliticosveracruz.com.mx\/index.php?rest_route=\/wp\/v2\/posts\/126403","targetHints":{"allow":["GET"]}}],"collection":[{"href":"https:\/\/lospoliticosveracruz.com.mx\/index.php?rest_route=\/wp\/v2\/posts"}],"about":[{"href":"https:\/\/lospoliticosveracruz.com.mx\/index.php?rest_route=\/wp\/v2\/types\/post"}],"author":[{"embeddable":true,"href":"https:\/\/lospoliticosveracruz.com.mx\/index.php?rest_route=\/wp\/v2\/users\/2"}],"replies":[{"embeddable":true,"href":"https:\/\/lospoliticosveracruz.com.mx\/index.php?rest_route=%2Fwp%2Fv2%2Fcomments&post=126403"}],"version-history":[{"count":1,"href":"https:\/\/lospoliticosveracruz.com.mx\/index.php?rest_route=\/wp\/v2\/posts\/126403\/revisions"}],"predecessor-version":[{"id":126404,"href":"https:\/\/lospoliticosveracruz.com.mx\/index.php?rest_route=\/wp\/v2\/posts\/126403\/revisions\/126404"}],"wp:featuredmedia":[{"embeddable":true,"href":"https:\/\/lospoliticosveracruz.com.mx\/index.php?rest_route=\/wp\/v2\/media\/120017"}],"wp:attachment":[{"href":"https:\/\/lospoliticosveracruz.com.mx\/index.php?rest_route=%2Fwp%2Fv2%2Fmedia&parent=126403"}],"wp:term":[{"taxonomy":"category","embeddable":true,"href":"https:\/\/lospoliticosveracruz.com.mx\/index.php?rest_route=%2Fwp%2Fv2%2Fcategories&post=126403"},{"taxonomy":"post_tag","embeddable":true,"href":"https:\/\/lospoliticosveracruz.com.mx\/index.php?rest_route=%2Fwp%2Fv2%2Ftags&post=126403"}],"curies":[{"name":"wp","href":"https:\/\/api.w.org\/{rel}","templated":true}]}}