{"id":126603,"date":"2024-06-26T13:38:12","date_gmt":"2024-06-26T18:38:12","guid":{"rendered":"https:\/\/lospoliticosveracruz.com.mx\/?p=126603"},"modified":"2024-06-26T13:45:33","modified_gmt":"2024-06-26T18:45:33","slug":"gobierno-de-cuic-miente-barzon","status":"publish","type":"post","link":"https:\/\/lospoliticosveracruz.com.mx\/?p=126603","title":{"rendered":"GOBIERNO DE CUIC MIENTE: BARZ\u00d3N"},"content":{"rendered":"\n<p><\/p>\n\n\n\n<p>\u200b\u200b\u200b<br><strong>Xalapa<\/strong><br>El supuesto programa de agroecolog\u00eda con el que la SEDARPA pretende deslindarse de su responsabilidad por los da\u00f1os que sufri\u00f3 el campo veracruzano con la sequ\u00eda no se difundi\u00f3 entre los productores veracruzanos y la dependencia no cuenta con capacitaci\u00f3n ni asistencia t\u00e9cnica para el campo.<\/p>\n\n\n\n<p>Por a\u00f1os los campesinos veracruzanos hemos exigido medidas que nos permitan garantizar nuestras cosechas, mejorar los precios al productor, y acceder a seguros catastr\u00f3ficos que verdaderamente ayuden a afrontar da\u00f1os a las cosechas sin que el gobierno de Veracruz escuche, y sabemos que en muchos casos se busca justificar la operaci\u00f3n de recursos p\u00fablicos con actividades como esta que no llegan a los interesados.<\/p>\n\n\n\n<p>Los da\u00f1os a los cultivos de c\u00edtricos, caf\u00e9, ca\u00f1a de az\u00facar y otros productos b\u00e1sicos no solo afectar\u00e1n a las familias que trabajan el campo, no es un da\u00f1o particular, significan el alza de precios que se va a mantener hasta por cuatro a\u00f1os. Ese efecto se va a revertir solo si se aplican de una vez por todas los recursos que los productores necesitan, pero la SEDARPA ni siquiera tiene un diagn\u00f3stico del problema al que nos enfrentamos y que traer\u00e1 desabasto de productos, mayor alza de precios, m\u00e1s empobrecimiento y migraci\u00f3n.<\/p>\n\n\n\n<p>El motivo del da\u00f1o es que durante la actual administraci\u00f3n se han retirado recursos al campo para destinarlos a otros fines, no se previ\u00f3 el impacto de la sequ\u00eda ni se implementaron medidas emergentes a la altura de las necesidades de nuestros productores.<\/p>\n\n\n\n<p>Los campesinos necesitamos con urgencia que las autoridades implementen programas de reforestaci\u00f3n, nos garanticen el acceso a los recursos del seguro catastr\u00f3fico y mejoren las condiciones de vida de las familias productoras y de los consumidores finales, quienes sufren con nosotros, pero en la mesa, la escasez, la carest\u00eda y la crisis.<\/p>\n\n\n\n<p>Todos vamos a pagar el precio de la incompetencia del actual gobierno, de su indiferencia y de una falta de visi\u00f3n para avanzar en la suficiencia alimentaria de Veracruz.<\/p>\n\n\n\n<p>El Barz\u00f3n de Resistencia Civil del Estado de Veracruz y la Uni\u00f3n Nacional de Productores de Caf\u00e9 el Barz\u00f3n Cafetalero, condenamos las declaraciones de la Subsecretaria de Desarrollo Rural, Agronegocios e Infraestructura de la SEDARPA, Mar\u00eda Josefa Hern\u00e1ndez Santiago, los productores veracruzanos \u00a1no son flojos! como ella pretende y le cuestionamos abiertamente, \u00bfqui\u00e9nes accedieron a los recursos de las actividades agroecol\u00f3gicas y por qu\u00e9 no se difundi\u00f3 a todos los campesinos de nuestro estado? Es hora de ponerse a trabajar y abandonar la pol\u00edtica ociosa de \u201cechar culpas\u201d.<\/p>\n\n\n\n<p>Atentamente<\/p>\n\n\n\n<p>Teresa Carbajal<br>Representante legal del Barz\u00f3n RC<\/p>\n\n\n\n<p>R\u00f3mulo Melchor Vallejo<br>Presidente de La Uni\u00f3n Nacional de Productores de Caf\u00e9 el Barz\u00f3n Cafetalero<\/p>\n","protected":false},"excerpt":{"rendered":"<p>\u200b\u200b\u200bXalapaEl supuesto programa de agroecolog\u00eda con el que la SEDARPA pretende deslindarse de su responsabilidad por los da\u00f1os que sufri\u00f3 el campo veracruzano con la sequ\u00eda no se difundi\u00f3 entre los productores veracruzanos y la dependencia no cuenta con capacitaci\u00f3n ni asistencia t\u00e9cnica para el campo. Por a\u00f1os los campesinos veracruzanos hemos exigido medidas que [&hellip;]<\/p>\n","protected":false},"author":2,"featured_media":0,"comment_status":"closed","ping_status":"closed","sticky":false,"template":"","format":"standard","meta":{"_jetpack_newsletter_access":"","_jetpack_dont_email_post_to_subs":false,"_jetpack_newsletter_tier_id":0,"_jetpack_memberships_contains_paywalled_content":false,"_jetpack_memberships_contains_paid_content":false,"footnotes":""},"categories":[72],"tags":[],"class_list":["post-126603","post","type-post","status-publish","format-standard","hentry","category-palomazos"],"jetpack_featured_media_url":"","jetpack_sharing_enabled":true,"jetpack_shortlink":"https:\/\/wp.me\/p4Qcd3-wVZ","_links":{"self":[{"href":"https:\/\/lospoliticosveracruz.com.mx\/index.php?rest_route=\/wp\/v2\/posts\/126603","targetHints":{"allow":["GET"]}}],"collection":[{"href":"https:\/\/lospoliticosveracruz.com.mx\/index.php?rest_route=\/wp\/v2\/posts"}],"about":[{"href":"https:\/\/lospoliticosveracruz.com.mx\/index.php?rest_route=\/wp\/v2\/types\/post"}],"author":[{"embeddable":true,"href":"https:\/\/lospoliticosveracruz.com.mx\/index.php?rest_route=\/wp\/v2\/users\/2"}],"replies":[{"embeddable":true,"href":"https:\/\/lospoliticosveracruz.com.mx\/index.php?rest_route=%2Fwp%2Fv2%2Fcomments&post=126603"}],"version-history":[{"count":2,"href":"https:\/\/lospoliticosveracruz.com.mx\/index.php?rest_route=\/wp\/v2\/posts\/126603\/revisions"}],"predecessor-version":[{"id":126607,"href":"https:\/\/lospoliticosveracruz.com.mx\/index.php?rest_route=\/wp\/v2\/posts\/126603\/revisions\/126607"}],"wp:attachment":[{"href":"https:\/\/lospoliticosveracruz.com.mx\/index.php?rest_route=%2Fwp%2Fv2%2Fmedia&parent=126603"}],"wp:term":[{"taxonomy":"category","embeddable":true,"href":"https:\/\/lospoliticosveracruz.com.mx\/index.php?rest_route=%2Fwp%2Fv2%2Fcategories&post=126603"},{"taxonomy":"post_tag","embeddable":true,"href":"https:\/\/lospoliticosveracruz.com.mx\/index.php?rest_route=%2Fwp%2Fv2%2Ftags&post=126603"}],"curies":[{"name":"wp","href":"https:\/\/api.w.org\/{rel}","templated":true}]}}