{"id":126608,"date":"2024-06-26T15:36:48","date_gmt":"2024-06-26T20:36:48","guid":{"rendered":"https:\/\/lospoliticosveracruz.com.mx\/?p=126608"},"modified":"2024-06-26T15:37:00","modified_gmt":"2024-06-26T20:37:00","slug":"indemnizacion-a-viuda-becas-a-los-hijos-de-totalco","status":"publish","type":"post","link":"https:\/\/lospoliticosveracruz.com.mx\/?p=126608","title":{"rendered":"INDEMNIZACI\u00d3N A VIUDA, BECAS A LOS HIJOS DE TOTALCO"},"content":{"rendered":"\n<p><strong>Karla M\u00e9ndez\u00a0<\/strong><\/p>\n\n\n\n<p>Xalapa<\/p>\n\n\n\n<p>Desde el primer momento se mantiene el di\u00e1logo con los pobladores de Totalco, sin embargo en breve se instalar\u00e1 una mesa de di\u00e1logo, donde asistir\u00e1n las familias de los dos campesinos asesinados, para acordar la indemnizaci\u00f3n.<\/p>\n\n\n\n<p>Al respecto, el subsecretario de Gobierno, Sergio Ulises Montes, puntualiz\u00f3 que buscan dar un pago para las familias, adem\u00e1s, de que se va a garantizar una beca a los tres hijos de cada viuda de los campesinos.<\/p>\n\n\n\n<p>As\u00ed mismo, evit\u00f3 opinar sobre qui\u00e9n dio la instrucci\u00f3n de accionar las armas contra los manifestantes, pues, dijo, eso podr\u00eda interferir en la investigaci\u00f3n que sigue la Fiscal\u00eda General de la Rep\u00fablica (FGE), tras la muerte de dos campesinos.<\/p>\n\n\n\n<p>\u201cNo se sabr\u00eda decir y aunque lo supiera no me corresponder\u00eda a m\u00ed decir porque estar\u00eda yo transgrediendo las investigaciones, o sea, estar\u00eda yo obstaculizando un proceso jurisdiccional.\u00bb<\/p>\n\n\n\n<p>Asegur\u00f3 que el gobierno ha sido respetuoso de las manifestaciones, \u201cLa prueba est\u00e1 que, bueno, tuvimos ah\u00ed por casi un a\u00f1o una manifestaci\u00f3n y jam\u00e1s se les molest\u00f3 en nada. Ha habido otro tipo de manifestaciones a las que se les ha accedido. Lamentablemente, pues, este.<\/p>\n\n\n\n<p>Finalmente, puntualiz\u00f3 que la instrucci\u00f3n del gobernador Cuitl\u00e1huac Garc\u00eda, es que se hagan las investigaciones hasta las \u00faltimas consecuencias, por lo que pudieran haber funcionarios p\u00fablicos sancionados si as\u00ed se resuelve.<\/p>\n\n\n\n<p>\u200b\u200b\u200b&nbsp;<\/p>\n","protected":false},"excerpt":{"rendered":"<p>Karla M\u00e9ndez\u00a0 Xalapa Desde el primer momento se mantiene el di\u00e1logo con los pobladores de Totalco, sin embargo en breve se instalar\u00e1 una mesa de di\u00e1logo, donde asistir\u00e1n las familias de los dos campesinos asesinados, para acordar la indemnizaci\u00f3n. Al respecto, el subsecretario de Gobierno, Sergio Ulises Montes, puntualiz\u00f3 que buscan dar un pago para [&hellip;]<\/p>\n","protected":false},"author":2,"featured_media":0,"comment_status":"closed","ping_status":"closed","sticky":false,"template":"","format":"standard","meta":{"_jetpack_newsletter_access":"","_jetpack_dont_email_post_to_subs":false,"_jetpack_newsletter_tier_id":0,"_jetpack_memberships_contains_paywalled_content":false,"_jetpack_memberships_contains_paid_content":false,"footnotes":""},"categories":[6446],"tags":[41247,3546],"class_list":["post-126608","post","type-post","status-publish","format-standard","hentry","category-la-nota","tag-sergio-ulises-montes","tag-subsecretario-de-gobierno"],"jetpack_featured_media_url":"","jetpack_sharing_enabled":true,"jetpack_shortlink":"https:\/\/wp.me\/p4Qcd3-wW4","_links":{"self":[{"href":"https:\/\/lospoliticosveracruz.com.mx\/index.php?rest_route=\/wp\/v2\/posts\/126608","targetHints":{"allow":["GET"]}}],"collection":[{"href":"https:\/\/lospoliticosveracruz.com.mx\/index.php?rest_route=\/wp\/v2\/posts"}],"about":[{"href":"https:\/\/lospoliticosveracruz.com.mx\/index.php?rest_route=\/wp\/v2\/types\/post"}],"author":[{"embeddable":true,"href":"https:\/\/lospoliticosveracruz.com.mx\/index.php?rest_route=\/wp\/v2\/users\/2"}],"replies":[{"embeddable":true,"href":"https:\/\/lospoliticosveracruz.com.mx\/index.php?rest_route=%2Fwp%2Fv2%2Fcomments&post=126608"}],"version-history":[{"count":2,"href":"https:\/\/lospoliticosveracruz.com.mx\/index.php?rest_route=\/wp\/v2\/posts\/126608\/revisions"}],"predecessor-version":[{"id":126611,"href":"https:\/\/lospoliticosveracruz.com.mx\/index.php?rest_route=\/wp\/v2\/posts\/126608\/revisions\/126611"}],"wp:attachment":[{"href":"https:\/\/lospoliticosveracruz.com.mx\/index.php?rest_route=%2Fwp%2Fv2%2Fmedia&parent=126608"}],"wp:term":[{"taxonomy":"category","embeddable":true,"href":"https:\/\/lospoliticosveracruz.com.mx\/index.php?rest_route=%2Fwp%2Fv2%2Fcategories&post=126608"},{"taxonomy":"post_tag","embeddable":true,"href":"https:\/\/lospoliticosveracruz.com.mx\/index.php?rest_route=%2Fwp%2Fv2%2Ftags&post=126608"}],"curies":[{"name":"wp","href":"https:\/\/api.w.org\/{rel}","templated":true}]}}