{"id":126616,"date":"2024-06-26T19:03:42","date_gmt":"2024-06-27T00:03:42","guid":{"rendered":"https:\/\/lospoliticosveracruz.com.mx\/?p=126616"},"modified":"2024-06-26T19:03:59","modified_gmt":"2024-06-27T00:03:59","slug":"se-queda-lima","status":"publish","type":"post","link":"https:\/\/lospoliticosveracruz.com.mx\/?p=126616","title":{"rendered":"SE QUEDA LIMA!"},"content":{"rendered":"\n<p><\/p>\n\n\n\n<p><strong>Boca del R\u00edo<\/strong><br>Jos\u00e9 Luis Lima Franco repetir\u00e1 como Secretario de Finanzas y Planeaci\u00f3n del Estado por su impecable desempe\u00f1o y ser\u00e1 acompa\u00f1ado en la Subsecretar\u00eda de Egresos por Pedro Miguel Rosaldo Garc\u00eda, anunci\u00f3 la gobernadora electa de Veracruz, Roc\u00edo Nahle.<\/p>\n\n\n\n<p>Ambos con grado de doctorado, experiencia y egresados de instituciones internacionales, acompa\u00f1ar\u00e1n en la administraci\u00f3n de las finanzas p\u00fablicas a la primera mujer gobernadora del estado.<\/p>\n\n\n\n<p>Jos\u00e9 Luis Lima Franco, naci\u00f3 en la ciudad de Poza Rica, es egresado de la Licenciatura en Econom\u00eda por la Universidad Veracruzana, campus Xalapa y maestro en Finanzas por la Universidad Nacional Aut\u00f3noma de M\u00e9xico (UNAM) con especialidad en Econom\u00eda Monetaria y Financiera.<\/p>\n\n\n\n<p>En 2023, obtuvo el grado de Doctor en Ciencias Econ\u00f3micas y Empresariales por la<br>Universida de Xalapa y como parte de su formaci\u00f3n acad\u00e9mica sobresale una estancia de investigaci\u00f3n de maestr\u00eda en la Universidad Friedrich Alexander de N\u00faremberg, Alemania.<\/p>\n\n\n\n<p>Actualmente es miembro del Colegio Nacional de Economistas y desde hace 15 a\u00f1os se desempe\u00f1a como servidor p\u00fablico a nivel estatal y federal.<\/p>\n\n\n\n<p>Asimismo, ha sido auditor y asesor en temas financieros y presupuestales en la iniciativa privada y colaborado con prestigiosos despachos de consultor\u00eda en temas de financiamiento p\u00fablico am\u00e9n de participar en publicaciones como \u201cEl Financiamiento otorgado al Sector Privado\u201d y \u201cEl Papel de las Cajas de Ahorro en M\u00e9xico y Alemania.\u201d<\/p>\n\n\n\n<p>En tanto, Pedro Miguel Rosaldo Garc\u00eda, pr\u00f3ximo Subsecretario de Egresos de Sefiplan, es Licenciado en Derecho por la Universidad Tecnol\u00f3gica de Xalapa y Licenciado en Mercadotecnia en el Instituto Tecnol\u00f3gico y de Estudios Superiores Monterrey (ITESM) campus Quer\u00e9taro adem\u00e1s de Master en Finanzas por la Universidad Aut\u00f3noma de Barcelona.<\/p>\n\n\n\n<p>Cuenta con una especialidad en Direcci\u00f3n Financiera por University of Chicago y otra m\u00e1s en AD-2 IPADE Business School as\u00ed como con diferentes cursos y diplomados adscritos a la SFP sobre temas geopol\u00edticos y presupuestarios.<\/p>\n\n\n\n<p>Es Doctor en Administraci\u00f3n P\u00fablica en el Instituto Nacional de Administraci\u00f3n P\u00fablica (INAP)y en su haber acad\u00e9mico resaltan intercambios con la Northwestern University, la Pontificia Universidad Cat\u00f3lica de Chile y con la Escuela Internacional de Cine y Televisi\u00f3n de Cuba.<\/p>\n","protected":false},"excerpt":{"rendered":"<p>Boca del R\u00edoJos\u00e9 Luis Lima Franco repetir\u00e1 como Secretario de Finanzas y Planeaci\u00f3n del Estado por su impecable desempe\u00f1o y ser\u00e1 acompa\u00f1ado en la Subsecretar\u00eda de Egresos por Pedro Miguel Rosaldo Garc\u00eda, anunci\u00f3 la gobernadora electa de Veracruz, Roc\u00edo Nahle. Ambos con grado de doctorado, experiencia y egresados de instituciones internacionales, acompa\u00f1ar\u00e1n en la administraci\u00f3n [&hellip;]<\/p>\n","protected":false},"author":2,"featured_media":0,"comment_status":"closed","ping_status":"closed","sticky":false,"template":"","format":"standard","meta":{"_jetpack_newsletter_access":"","_jetpack_dont_email_post_to_subs":false,"_jetpack_newsletter_tier_id":0,"_jetpack_memberships_contains_paywalled_content":false,"_jetpack_memberships_contains_paid_content":false,"footnotes":""},"categories":[73],"tags":[13713,1026,41248],"class_list":["post-126616","post","type-post","status-publish","format-standard","hentry","category-de-boleto","tag-jose-luis-lima-franco","tag-morena","tag-pedro-miguel-rosaldo-garcia"],"jetpack_featured_media_url":"","jetpack_sharing_enabled":true,"jetpack_shortlink":"https:\/\/wp.me\/p4Qcd3-wWc","_links":{"self":[{"href":"https:\/\/lospoliticosveracruz.com.mx\/index.php?rest_route=\/wp\/v2\/posts\/126616","targetHints":{"allow":["GET"]}}],"collection":[{"href":"https:\/\/lospoliticosveracruz.com.mx\/index.php?rest_route=\/wp\/v2\/posts"}],"about":[{"href":"https:\/\/lospoliticosveracruz.com.mx\/index.php?rest_route=\/wp\/v2\/types\/post"}],"author":[{"embeddable":true,"href":"https:\/\/lospoliticosveracruz.com.mx\/index.php?rest_route=\/wp\/v2\/users\/2"}],"replies":[{"embeddable":true,"href":"https:\/\/lospoliticosveracruz.com.mx\/index.php?rest_route=%2Fwp%2Fv2%2Fcomments&post=126616"}],"version-history":[{"count":1,"href":"https:\/\/lospoliticosveracruz.com.mx\/index.php?rest_route=\/wp\/v2\/posts\/126616\/revisions"}],"predecessor-version":[{"id":126618,"href":"https:\/\/lospoliticosveracruz.com.mx\/index.php?rest_route=\/wp\/v2\/posts\/126616\/revisions\/126618"}],"wp:attachment":[{"href":"https:\/\/lospoliticosveracruz.com.mx\/index.php?rest_route=%2Fwp%2Fv2%2Fmedia&parent=126616"}],"wp:term":[{"taxonomy":"category","embeddable":true,"href":"https:\/\/lospoliticosveracruz.com.mx\/index.php?rest_route=%2Fwp%2Fv2%2Fcategories&post=126616"},{"taxonomy":"post_tag","embeddable":true,"href":"https:\/\/lospoliticosveracruz.com.mx\/index.php?rest_route=%2Fwp%2Fv2%2Ftags&post=126616"}],"curies":[{"name":"wp","href":"https:\/\/api.w.org\/{rel}","templated":true}]}}