{"id":126828,"date":"2024-07-01T17:07:38","date_gmt":"2024-07-01T22:07:38","guid":{"rendered":"https:\/\/lospoliticosveracruz.com.mx\/?p=126828"},"modified":"2024-07-01T17:07:46","modified_gmt":"2024-07-01T22:07:46","slug":"lluvias-y-desastres-naturales","status":"publish","type":"post","link":"https:\/\/lospoliticosveracruz.com.mx\/?p=126828","title":{"rendered":"LLUVIAS Y DESASTRES NATURALES"},"content":{"rendered":"\n<p><strong>Agust\u00edn Basilio de la Vega<\/strong><\/p>\n\n\n\n<p>Una de las practicas que m\u00e1s ayudan a prevenir y atender las emergencias ocasionadas por fen\u00f3menos atmosf\u00e9ricos como el viento y la lluvia son la educaci\u00f3n y la mejora de la cultura de protecci\u00f3n civil en la familia y en la escuela, as\u00ed como en los distintos centros de trabajo.<\/p>\n\n\n<div class=\"wp-block-image\">\n<figure class=\"alignleft size-thumbnail\"><a href=\"https:\/\/lospoliticosveracruz.com.mx\/wp-content\/uploads\/2023\/02\/Vinissimo.jpg\"><img decoding=\"async\" src=\"https:\/\/lospoliticosveracruz.com.mx\/wp-content\/uploads\/2023\/02\/Vinissimo-150x150.jpg\" alt=\"\" class=\"wp-image-102752\"\/><\/a><\/figure><\/div>\n\n\n<p>Estas tareas deben ser coordinadas por las instituciones que se especializan en la meteorolog\u00eda y protecci\u00f3n civil, para lo cual es necesario que el gobierno las dote de los recursos cient\u00edficos, tecnol\u00f3gicos, materiales y humanos indispensables. Lamentablemente, en M\u00e9xico la Conagua, el Servicio Meteorol\u00f3gico Nacional y el CONAHCyT, entre otras instituciones, se han considerado poco \u00fatiles para los actuales pol\u00edticos.<\/p>\n\n\n\n<p>Los recortes presupuestales han afectado las estaciones meteorol\u00f3gicas, pluviom\u00e9tricas y en general los equipos cient\u00edficos y t\u00e9cnicos para alertar, registrar y evaluar la intensidad de los vientos, las lluvias y evoluci\u00f3n de los huracanes. En la pr\u00e1ctica es preferible atender los reportes del National Hurricane Center y Central Pacific Hurricane Center o los boletines para los pilotos (notam) de la Federal Aviation Administration de los Estados Unidos.&nbsp;<\/p>\n\n\n\n<p>El actual gobierno cree que la austeridad republicana es dejar sin recursos a instituciones y programas de prevenci\u00f3n y atenci\u00f3n de desastres naturales a cambio de derrochar recursos en corrupci\u00f3n de toda clase de ocurrencias e improvisaciones. Es como si un padre de familia no guarda recursos ni se prepara para posibles imprevistos como enfermedades, accidentes o la vejez y se la pasa todo el tiempo gastando en cervezas y gustos para quedar bien con los amigos y la familia.<\/p>\n\n\n\n<p>La temporada de huracanes en el Atl\u00e1ntico, en el hemisferio norte, empieza el 1\u00ba de junio y termina el 30 de noviembre.&nbsp;&nbsp;Al momento de escribir estas l\u00edneas se est\u00e1n sintiendo los efectos de Alberto y Chris y se espera el impacto en la pen\u00ednsula de Yucat\u00e1n y en el Golfo de M\u00e9xico de Beryl, que es un cicl\u00f3n categor\u00eda 4. Cada a\u00f1o se dan nombres masculinos o femeninos y en orden alfab\u00e9tico a los potenciales fen\u00f3menos atmosf\u00e9ricos.<\/p>\n\n\n\n<p>As\u00ed como se necesita que existan los bomberos bien equipados para cuando se ofrezca, tambi\u00e9n es necesario prever las inundaciones, deslaves y derrumbes que ocasiona el exceso de agua con instituciones s\u00f3lidas. Este gobierno, por el contrario, en lugar de mejorar a los cuerpos de emergencia y fortalecer los ahorros para atender emergencias, elimin\u00f3 el FONDEN (Fondo Nacional para la Atenci\u00f3n de Desastres Naturales) y ha reducido los presupuestos a dependencias importantes, como a la Comisi\u00f3n Nacional del Agua.<\/p>\n\n\n\n<p>Lo anterior es como si, en lugar de pagar un seguro para el autom\u00f3vil se gasta el dinero en adornos innecesarios, creyendo que nunca va a pasar algo. Si el gobierno escuchara a los expertos sabr\u00eda que los fen\u00f3menos meteorol\u00f3gicos se pueden presentar en cualquier momento y para ello hay que estar preparados. La improvisaci\u00f3n es una forma de corrupci\u00f3n y por tratarse de vidas humanas, no deber\u00eda escatimarse en prevenci\u00f3n.<\/p>\n\n\n\n<p>X @basiliodelavega<\/p>\n","protected":false},"excerpt":{"rendered":"<p>Agust\u00edn Basilio de la Vega Una de las practicas que m\u00e1s ayudan a prevenir y atender las emergencias ocasionadas por fen\u00f3menos atmosf\u00e9ricos como el viento y la lluvia son la educaci\u00f3n y la mejora de la cultura de protecci\u00f3n civil en la familia y en la escuela, as\u00ed como en los distintos centros de trabajo. [&hellip;]<\/p>\n","protected":false},"author":2,"featured_media":126080,"comment_status":"closed","ping_status":"closed","sticky":false,"template":"","format":"standard","meta":{"_jetpack_newsletter_access":"","_jetpack_dont_email_post_to_subs":false,"_jetpack_newsletter_tier_id":0,"_jetpack_memberships_contains_paywalled_content":false,"_jetpack_memberships_contains_paid_content":false,"footnotes":""},"categories":[70],"tags":[18665],"class_list":["post-126828","post","type-post","status-publish","format-standard","has-post-thumbnail","hentry","category-de-opinion","tag-agustin-basilio-de-la-vega"],"jetpack_featured_media_url":"https:\/\/lospoliticosveracruz.com.mx\/wp-content\/uploads\/2024\/06\/Agustin-Basilio-de-la-Vega.jpg","jetpack_sharing_enabled":true,"jetpack_shortlink":"https:\/\/wp.me\/p4Qcd3-wZC","_links":{"self":[{"href":"https:\/\/lospoliticosveracruz.com.mx\/index.php?rest_route=\/wp\/v2\/posts\/126828","targetHints":{"allow":["GET"]}}],"collection":[{"href":"https:\/\/lospoliticosveracruz.com.mx\/index.php?rest_route=\/wp\/v2\/posts"}],"about":[{"href":"https:\/\/lospoliticosveracruz.com.mx\/index.php?rest_route=\/wp\/v2\/types\/post"}],"author":[{"embeddable":true,"href":"https:\/\/lospoliticosveracruz.com.mx\/index.php?rest_route=\/wp\/v2\/users\/2"}],"replies":[{"embeddable":true,"href":"https:\/\/lospoliticosveracruz.com.mx\/index.php?rest_route=%2Fwp%2Fv2%2Fcomments&post=126828"}],"version-history":[{"count":1,"href":"https:\/\/lospoliticosveracruz.com.mx\/index.php?rest_route=\/wp\/v2\/posts\/126828\/revisions"}],"predecessor-version":[{"id":126829,"href":"https:\/\/lospoliticosveracruz.com.mx\/index.php?rest_route=\/wp\/v2\/posts\/126828\/revisions\/126829"}],"wp:featuredmedia":[{"embeddable":true,"href":"https:\/\/lospoliticosveracruz.com.mx\/index.php?rest_route=\/wp\/v2\/media\/126080"}],"wp:attachment":[{"href":"https:\/\/lospoliticosveracruz.com.mx\/index.php?rest_route=%2Fwp%2Fv2%2Fmedia&parent=126828"}],"wp:term":[{"taxonomy":"category","embeddable":true,"href":"https:\/\/lospoliticosveracruz.com.mx\/index.php?rest_route=%2Fwp%2Fv2%2Fcategories&post=126828"},{"taxonomy":"post_tag","embeddable":true,"href":"https:\/\/lospoliticosveracruz.com.mx\/index.php?rest_route=%2Fwp%2Fv2%2Ftags&post=126828"}],"curies":[{"name":"wp","href":"https:\/\/api.w.org\/{rel}","templated":true}]}}