{"id":126837,"date":"2024-07-01T18:59:56","date_gmt":"2024-07-01T23:59:56","guid":{"rendered":"https:\/\/lospoliticosveracruz.com.mx\/?p=126837"},"modified":"2024-07-01T19:00:04","modified_gmt":"2024-07-02T00:00:04","slug":"nido-y-pirata-sin-concluir","status":"publish","type":"post","link":"https:\/\/lospoliticosveracruz.com.mx\/?p=126837","title":{"rendered":"NIDO Y PIRATA, SIN CONCLUIR\u00a0"},"content":{"rendered":"\n<p><strong>Jos\u00e9 Luis Enr\u00edquez Ambell<\/strong>&nbsp;<\/p>\n\n\n\n<p><em>Caf\u00e9 de Ma\u00f1ana<\/em><\/p>\n\n\n\n<p>Los inmuebles deportivos son instalaciones que requieren de alta ingenier\u00eda para resultar ser lugares que a trav\u00e9s de la pr\u00e1ctica de alguna disciplina &#8211; sobre todo en lo profesional &#8211; se contribuya a la armon\u00eda entre las comunidades y que fomenten la identidad y el orgullo local, y en los \u00faltimos tiempos esos sitios suelen ser de usos m\u00faltiples; o sea, la alta ingenier\u00eda los dise\u00f1a para albergar diversos eventos incluso art\u00edsticos y sociales.<\/p>\n\n\n\n<figure class=\"wp-block-image size-large\"><a href=\"https:\/\/lospoliticosveracruz.com.mx\/wp-content\/uploads\/2016\/07\/Seguro-Julio-Cerecedo-2.jpg\"><img decoding=\"async\" src=\"https:\/\/lospoliticosveracruz.com.mx\/wp-content\/uploads\/2016\/07\/Seguro-Julio-Cerecedo-2-1024x381.jpg\" alt=\"\" class=\"wp-image-105879\"\/><\/a><\/figure>\n\n\n\n<p>En este sentido, las arenas de orden deportivo tienen el poder de iluminar el paisaje de una ciudad o localidad, poner a una regi\u00f3n en el mapa y unir a todas las partes de una comunidad a\u00fan diversa en religiones, condici\u00f3n social, costumbres, entre otros factores.<\/p>\n\n\n\n<p>En Veracruz hist\u00f3ricamente se ha tratado de equilibrar a las necesidades y sensibilidades locales o regionales con las pasiones deportivas e incluso, con las intensas presiones del mundo deportivo internacional, y hemos sido sede de algunos cert\u00e1menes m\u00e1s all\u00e1 de M\u00e9xico.<\/p>\n\n\n\n<p>El Estadio de F\u00fatbol Luis \u00abPirata\u00bb Fuente y donde alguna vez jugaron los Tiburones Rojos del Veracruz, las obras van con retraso en lo f\u00edsico y otros aseguran que no es as\u00ed en lo financiero &#8211; o sea, a contratistas se les han pagado trabajos por adelantado y ni as\u00ed terminan las obras asignadas &#8211; pero, lo real es la velocidad para remodelar, rehabilitar o volver a construir, lo que va a paso de tortuga.<\/p>\n\n\n\n<p>Y es que este tipo de obras no solo es campo de juego, torres de alumbrado, gradas y \u00e1rea de vestidores, sino que tambi\u00e9n requiere de un estacionamiento, accesos e igualmente incluye trabajos de drenaje y esquema hidr\u00e1ulico, entre otros conceptos de obra.<\/p>\n\n\n\n<p>La intenci\u00f3n de tener estadio y equipo este 2024, es tan lejana, como que nuestra Selecci\u00f3n Nacional de F\u00fatbol iguale o supere a las grandes escuadras del balompi\u00e9 mundial.<\/p>\n\n\n\n<p>Mientras que por otro lado, el complejo deportivo llamado \u00abNido del Halc\u00f3n\u00bb, se anunci\u00f3 por el Gobernador Cuitl\u00e1huac Garc\u00eda que en el primer trimestre de este a\u00f1o se concluir\u00eda y parece que no hay para cuando, incluso se desliz\u00f3 el anuncio que podr\u00eda ser con la actuaci\u00f3n del cantante Luis Miguel la inauguraci\u00f3n; sin embargo, la obra no ha sido terminada.<\/p>\n\n\n\n<p>Desde su origen nos llam\u00f3 la atenci\u00f3n que la dependencia responsable de la obra p\u00fablica; Secretaria de Infraestructura y Obras P\u00fablicas (SIOP), no fuese responsable; sino, otros sectores como la SEV&nbsp;&nbsp;y SEFIPLAN, de esos trabajos, al menos por lo que Roberto Zenyazen Escobar y Jos\u00e9 Luis Lima, han declarado, al no ser que a Elio Garc\u00eda lo hayan convertido simplemente en responsable de las obras de infraestructura caminera.<\/p>\n\n\n\n<p><strong>DE SOBREMESA&nbsp;<\/strong><\/p>\n\n\n\n<p>Y por cierto, lo anunciado por el (IVD), Instituto Veracruzano del Deporte en torno al Vel\u00f3dromo de Xalapa y que se convertir\u00eda en un escenario&nbsp;&nbsp;\u00abPolideportivo\u00bb, no se ha explicado en que consiste&nbsp;&nbsp;esa denominaci\u00f3n ni sabemos que las canchas ah\u00ed anunciadas&nbsp;<\/p>\n\n\n\n<p>para diversas disciplinas, est\u00e9n siendo utilizadas en lo&nbsp;&nbsp;deportivo y la salud f\u00edsica&nbsp;<\/p>\n\n\n\n<p>Salvar y ocupar al Vel\u00f3dromo,- ahora Polideportivo,- beneficiar\u00e1 a deportistas y al Turismo en casi todas sus vertientes y al desarrollo econ\u00f3mico, la cultura, la recreaci\u00f3n, la convivencia, el comercio formal, y hasta el informal en Xalapa y la regi\u00f3n metropolitana, pero parece que esto ser\u00e1 tarea para el pr\u00f3ximo gobierno.<\/p>\n\n\n\n<p><strong>UN CAF\u00c9 CON DOBLE CARGA&nbsp;<\/strong><\/p>\n\n\n\n<p>Frente al mar de Veracruz, d\u00edas de carnaval y b\u00e9isbol, pero sin f\u00fatbol.<\/p>\n\n\n\n<p>En el verano del 2022 el titular de la SEFIPLAN Jos\u00e9 Luis Lima Franco, asegur\u00f3 que planeaban estrategias para el regreso del f\u00fatbol profesional al Estadio<\/p>\n\n\n\n<p>Luis \u00abPirata\u00bb Fuente en 2023 y a dos a\u00f1os, ni estadio terminado existe, y ni el equipo.<\/p>\n\n\n\n<p>Lo anterior, fue difundido en las redes del Secretario de Finanzas y Planeaci\u00f3n de Veracruz, y&nbsp;&nbsp;ofreci\u00f3 f\u00fatbol profesional en el inmueble del Fraccionamiento Virginia de Boca del R\u00edo por la desaparici\u00f3n de los Tiburones Rojos.<\/p>\n\n\n\n<p><strong>UN CAF\u00c9 LECHERO LIGTH<\/strong>&nbsp;<\/p>\n\n\n\n<p>En 2022 Lima Franco poste\u00f3: \u00a1 Volver\u00e1 el f\u00fatbol a nuestro puerto jarocho y el bal\u00f3n volver\u00e1 a rodar en El Pirata !,&nbsp;&nbsp;ojal\u00e1 que la mala planeaci\u00f3n y desatinada estrategia anunciada,- y que muy posiblemente le presentaron los responsables de las obras,- no le&nbsp;&nbsp;vayan a seguir quedando mal en el sexenio por concluir, pues eso no abonar\u00eda a favor de la \u00e9poca transexenal de gobierno.<\/p>\n\n\n\n<p>Y es que el anuncio fallido y que resulta desafortunado para toda la poblaci\u00f3n, Jos\u00e9 Luis Lima lo acompa\u00f1\u00f3 de palabras, con unas im\u00e1genes donde se le pudo ver dentro del Luis \u00abPirata\u00bb Fuente, junto a trabajadores, tratando de mostrar los avances f\u00edsicos y financieros de las obras en todo el inmueble.<\/p>\n\n\n\n<p><strong>UN CAFE CON PILONCILLO<\/strong>&nbsp;<\/p>\n\n\n\n<p>Incluso se atrevi\u00f3 a afirmar que uno de los compromisos del gobernador Cuitl\u00e1huac Garc\u00eda, \u00abera reactivar el deporte para fomentarlo en la juventud veracruzana; y que por eso era la intenci\u00f3n que Veracruz contase con un equipo de f\u00fatbol en la Liga MX para 2023\u00bb, lo que no ha sucedido.<\/p>\n\n\n\n<p>Lima Franco, entra a los tiempos extras con un desgaste severo y creo el Mtro., nortveracruzano de no tener mayor cuidado en estos anuncios, estar\u00e1 cerca de una contractura o hasta un sobre entrenamiento que le lesionaria durante la transici\u00f3n, y que ni el mejor kinesi\u00f3logo deportivo le aliviar\u00eda esa lesi\u00f3n muscular y pol\u00edtica.<\/p>\n\n\n\n<p>Los 100 a\u00f1os del carnaval con b\u00e9isbol y f\u00fatbol pudo ser un mejor acontecimiento hist\u00f3rico social, pero ya ni hablar.<\/p>\n\n\n\n<p><strong>UNA CHELA PAL MEDIO DIA<\/strong><\/p>\n\n\n\n<p>Y por cierto, el inmueble que se encuentra en el Campus para la Cultura, Arte y Deportes, mejor conocido como USBI en Xalapa, es \u00abel Nido del Halc\u00f3n\u00bb, y se sabe que lo tiene el nombre registrado la&nbsp;&nbsp;UV. Por lo que la edificaci\u00f3n cercana al arco sur, y que parece pretenden ponerle el mismo nombre,- Nido del Halc\u00f3n,- \u00abeso no ser\u00e1 posible\u00bb, ya que ese&nbsp;&nbsp;nombre, pertenece a la UV.<\/p>\n\n\n\n<p>\u00a1 ES CUANTO !<\/p>\n","protected":false},"excerpt":{"rendered":"<p>Jos\u00e9 Luis Enr\u00edquez Ambell&nbsp; Caf\u00e9 de Ma\u00f1ana Los inmuebles deportivos son instalaciones que requieren de alta ingenier\u00eda para resultar ser lugares que a trav\u00e9s de la pr\u00e1ctica de alguna disciplina &#8211; sobre todo en lo profesional &#8211; se contribuya a la armon\u00eda entre las comunidades y que fomenten la identidad y el orgullo local, y [&hellip;]<\/p>\n","protected":false},"author":2,"featured_media":119814,"comment_status":"closed","ping_status":"closed","sticky":false,"template":"","format":"standard","meta":{"_jetpack_newsletter_access":"","_jetpack_dont_email_post_to_subs":false,"_jetpack_newsletter_tier_id":0,"_jetpack_memberships_contains_paywalled_content":false,"_jetpack_memberships_contains_paid_content":false,"footnotes":""},"categories":[70],"tags":[1563,8383,1026,195],"class_list":["post-126837","post","type-post","status-publish","format-standard","has-post-thumbnail","hentry","category-de-opinion","tag-cuitlahuac-garcia-jimenez","tag-jose-luis-enriquez-ambell","tag-morena","tag-veracruz"],"jetpack_featured_media_url":"https:\/\/lospoliticosveracruz.com.mx\/wp-content\/uploads\/2024\/03\/Ambell.jpg","jetpack_sharing_enabled":true,"jetpack_shortlink":"https:\/\/wp.me\/p4Qcd3-wZL","_links":{"self":[{"href":"https:\/\/lospoliticosveracruz.com.mx\/index.php?rest_route=\/wp\/v2\/posts\/126837","targetHints":{"allow":["GET"]}}],"collection":[{"href":"https:\/\/lospoliticosveracruz.com.mx\/index.php?rest_route=\/wp\/v2\/posts"}],"about":[{"href":"https:\/\/lospoliticosveracruz.com.mx\/index.php?rest_route=\/wp\/v2\/types\/post"}],"author":[{"embeddable":true,"href":"https:\/\/lospoliticosveracruz.com.mx\/index.php?rest_route=\/wp\/v2\/users\/2"}],"replies":[{"embeddable":true,"href":"https:\/\/lospoliticosveracruz.com.mx\/index.php?rest_route=%2Fwp%2Fv2%2Fcomments&post=126837"}],"version-history":[{"count":1,"href":"https:\/\/lospoliticosveracruz.com.mx\/index.php?rest_route=\/wp\/v2\/posts\/126837\/revisions"}],"predecessor-version":[{"id":126838,"href":"https:\/\/lospoliticosveracruz.com.mx\/index.php?rest_route=\/wp\/v2\/posts\/126837\/revisions\/126838"}],"wp:featuredmedia":[{"embeddable":true,"href":"https:\/\/lospoliticosveracruz.com.mx\/index.php?rest_route=\/wp\/v2\/media\/119814"}],"wp:attachment":[{"href":"https:\/\/lospoliticosveracruz.com.mx\/index.php?rest_route=%2Fwp%2Fv2%2Fmedia&parent=126837"}],"wp:term":[{"taxonomy":"category","embeddable":true,"href":"https:\/\/lospoliticosveracruz.com.mx\/index.php?rest_route=%2Fwp%2Fv2%2Fcategories&post=126837"},{"taxonomy":"post_tag","embeddable":true,"href":"https:\/\/lospoliticosveracruz.com.mx\/index.php?rest_route=%2Fwp%2Fv2%2Ftags&post=126837"}],"curies":[{"name":"wp","href":"https:\/\/api.w.org\/{rel}","templated":true}]}}