{"id":126841,"date":"2024-07-02T06:45:57","date_gmt":"2024-07-02T11:45:57","guid":{"rendered":"https:\/\/lospoliticosveracruz.com.mx\/?p=126841"},"modified":"2024-07-02T06:46:03","modified_gmt":"2024-07-02T11:46:03","slug":"los-yunes-el-trofeo-peroooo","status":"publish","type":"post","link":"https:\/\/lospoliticosveracruz.com.mx\/?p=126841","title":{"rendered":"LOS YUNES, \u00bfEL \u00abTROFEO\u00bb?, PEROOOO"},"content":{"rendered":"\n<p><strong>Ricardo Chua<\/strong><\/p>\n\n\n\n<p><em>Sale y Vale<\/em><\/p>\n\n\n\n<p>Cuenta el \u00abGarganta Profunda\u00bb de la Fiscal\u00eda General del Estado, que en efecto el senador electo, Miguel \u00c1ngel Yunes M\u00e1rquez, fue NOTIFICADO v\u00eda sus abogados para que acuda este pr\u00f3ximo viernes a las 08:30 al juzgado del penal de Pacho Viejo, para seguir su proceso penal 151\/2021, sobre el uso de documentos falsos, falsedad ante la autoridad y fraude procesal.. El tema es que el ex alcalde de Boca del R\u00edo sigue convaleciente y enfermo.. \u00bfY as\u00ed c\u00f3mo?.. ABROOOONN<\/p>\n\n\n\n<p>Seg\u00fan nos dice \u00abGarganta Profunda\u00bb que en la misma FGE se\u00f1ala qu\u00e9 c\u00f3mo va a presentarse ante el juez.. LEGALMENTE ES CASI IMPOSIBLE.. Ya que el DERECHO A LA SALUD en el art\u00edculo 4o Constitucional protege la integridad f\u00edsica de una persona ante cualquier situaci\u00f3n legal o penal.. Y que mientras Yunes M\u00e1rquez presente los justificantes m\u00e9dicos necesarios, pues, no hay forma en que lo puedan obligar acudir ante el citatorio del Juez porque el derecho a la salud NO ES LIMITATIVO.. As\u00ed lo marca el c\u00f3digo penal de Veracruz..<\/p>\n\n\n\n<p>As\u00ed que dif\u00edcilmente ver\u00e1n a Miguel Yunes junior acudir a Pacho Viejo este viernes.. Seguro s\u00f3lo ir\u00e1 su abogado, Jos\u00e9 Kuri Pazos.. Quien lo representa en el caso.. Lo raro del tema comenta \u00abGarganta Profunda\u00bb es que ahora el juzgado ya no est\u00e1 citando a nadie m\u00e1s por este proceso.. S\u00f3lo a \u00abChiquiYunes\u00bb, entonces, eso hace sospechar que esto es s\u00f3lo un esc\u00e1ndalo pol\u00edtico y medi\u00e1tico.. Donde los \u00abtent\u00e1culos\u00bb de MORENA en el poder judicial quieren exhibir a un Yunes \u00abAzul\u00bb esposado o con la foto siendo detenido por la FGE.. NO HAY M\u00c1S..<\/p>\n\n\n\n<p>Tambi\u00e9n nos asegura \u00abGarganta Profunda que desde la misma FGE, le informaron que su personal calificado en temas m\u00e9dicos.. Llegaron al Hospital Espa\u00f1ol (La Beneficiencia Espa\u00f1ola) de este puerto de Veracruz.. A checar todo lo referente al estado de salud de Miguel \u00c1ngel Yunes M\u00e1rquez.. Y parece ser que no encontraron NADA incorrecto.. Todo por la derecha.. Revisaron todo v\u00eddeos, expendientes, preguntaron a los m\u00e9dicos.. Y no huno nada ilegal.. Lo que pensaban que era \u00abFake\u00bb result\u00f3 ser real.. Y se fueron con las manos vac\u00edas..<\/p>\n\n\n\n<p>\u00abGarganta Profunda\u00bb se\u00f1ala que queda m\u00e1s convencido que el tema en contra de Yunes M\u00e1rquez.. Independientemente de darle un \u00abgolpe\u00bb medi\u00e1tico y legal al grupo de la oposici\u00f3n m\u00e1s fuerte de Veracruz.. Tambi\u00e9n es un tema pol\u00edtico a nivel nacional.. El no dejar llegar al \u00abChiquiYunes\u00bb tomar protesta como senador, le facilita las cosas a MORENA para lograr la mayor\u00eda calificada en el Senado.. Situaci\u00f3n que no tiene.. En pol\u00edtica, las coincidencias no existen.. Y con Los Yunes \u00abAzules\u00bb menos.. Miguel no va el viernes.. EL QUE ENTENDI\u00d3, ENTENDI\u00d3..<\/p>\n\n\n\n<p>MIGUEL PINTOS, EL OTRO \u00abAP\u00d3STOL\u00bb DE NAHLE.. Roc\u00edo Nahle, como gobernadora electa de Veracruz, est\u00e1 colocando tan bien sus piezas para tener el control total del Congreso del Estado y sus diputados locales.. Que s\u00f3lo sus incondicionales y todos aquellos que se la \u00abjugaron\u00bb con ella desde sus tiempos que hizo \u00abgrilla\u00bb con el PRD en Coatzacoalcos, son los que est\u00e1n siendo \u00abbendecidos\u00bb con sus decisiones.. El primero de ellos fue su secretario Particular, Diego Casta\u00f1eda.. El otro es Miguel Pintos tan poderoso o quiz\u00e1s m\u00e1s que el propio Casta\u00f1eda..<\/p>\n\n\n\n<p>As\u00ed como Nahle hizo a Casta\u00f1eda el futuro coordinador de la bancada de MORENA en la pr\u00f3xima Legislatura del Estado.. Pintos no \u00abcanta mal las rancheras\u00bb.. Ya que \u00abGarganta Profunda \u00bb adelant\u00f3 que el nuevo Presidente de la Comisi\u00f3n de Vigilancia (La segunda comisi\u00f3n m\u00e1s importante del Congreso Local despu\u00e9s de la Junta de Coordinaci\u00f3n Pol\u00edtica), ya tiene nombre y apellido y est\u00e1 ser\u00e1 para Miguel Pintos.. De esa manera, Rafael Fararoni, que gan\u00f3 la reelecci\u00f3n como diputado y que ahora ostenta esa comisi\u00f3n ser\u00e1 reacomodado en otra..<\/p>\n\n\n\n<p>Con Pintos en Vigilancia y Casta\u00f1eda en la JUCOPO.. Roc\u00edo Nahle logr\u00f3 el control total del Congreso del Estado.. Ya que mantendr\u00e1 bajo su poder a los legisladores locales y a los alcaldes, que se van y los que vienen para el 2025.. Vigilancia tiene que ver con el tema de las auditor\u00edas en los municipios y es el que trabaja coordinado con el ORFIS.. Por eso, los presidentes municipales temen al Presidente de esa comisi\u00f3n.. Si \u00e9l quiere los pone a \u00abparir chayotes\u00bb con sus cuentas p\u00fablicas.. El punto d\u00e9bil de un alcalde..<\/p>\n\n\n\n<p>Miguel Pintos es quiz\u00e1s, por afecto y complicidad pol\u00edtica con Roc\u00edo Nahle.. El diputado local con m\u00e1s poder en el futuro Congreso Local.. Se dice que va realizar las \u00abmisiones\u00bb especiales que le encargue la gobernadora electa.. Nahle le tiene tanta confianza que lo hizo secretario del Ayuntamiento de Coatzacoalcos cuando V\u00edctor Carranza fue alcalde (2017-2021).. Donde manej\u00f3 y administr\u00f3 el poder municipal de esa ciudad.. Obvio todo bajo la orden de \u00abLa T\u00eda Chio\u00bb.. \u00abA sus ordenes Jefa\u00bb, era la frase.. LOS JUGADORES CAMBIAN.. EL JUEGO NO..<\/p>\n\n\n\n<p>PD.. La gobernadora electa, Roc\u00edo Nahle est\u00e1 cumpliendo sus compromisos pol\u00edticos al interior de MORENA.. No quiere entrar con los \u00abjaloneos\u00bb apenas lleguen al poder.. Por ello es que cuentan, que ratific\u00f3 a Guadalupe Osorno como la titular de la Secretar\u00eda de Protecci\u00f3n Civil para su administraci\u00f3n, cargo que ahora ostenta con Cuitl\u00e1huac Garc\u00eda.. Nahle le pag\u00f3 la \u00abcuota\u00bb a Tan\u00eda Carola Viveros, diputada local electa y l\u00edder del grupo pol\u00edtico al que pertenece Osorno.. En MORENA tambi\u00e9n Tania Carola pesa.. EL PODER ES EL PODER..<\/p>\n","protected":false},"excerpt":{"rendered":"<p>Ricardo Chua Sale y Vale Cuenta el \u00abGarganta Profunda\u00bb de la Fiscal\u00eda General del Estado, que en efecto el senador electo, Miguel \u00c1ngel Yunes M\u00e1rquez, fue NOTIFICADO v\u00eda sus abogados para que acuda este pr\u00f3ximo viernes a las 08:30 al juzgado del penal de Pacho Viejo, para seguir su proceso penal 151\/2021, sobre el uso [&hellip;]<\/p>\n","protected":false},"author":2,"featured_media":119817,"comment_status":"closed","ping_status":"closed","sticky":false,"template":"","format":"standard","meta":{"_jetpack_newsletter_access":"","_jetpack_dont_email_post_to_subs":false,"_jetpack_newsletter_tier_id":0,"_jetpack_memberships_contains_paywalled_content":false,"_jetpack_memberships_contains_paid_content":false,"footnotes":""},"categories":[70],"tags":[16765,11408,536,41273,1026,3578,6683,195],"class_list":["post-126841","post","type-post","status-publish","format-standard","has-post-thumbnail","hentry","category-de-opinion","tag-diego-castaneda","tag-guadalupe-osorno-maldonado","tag-miguel-angel-yunes-marquez","tag-miguel-pintos","tag-morena","tag-rocio-nahle","tag-tania-carola-viveros-chazaro","tag-veracruz"],"jetpack_featured_media_url":"https:\/\/lospoliticosveracruz.com.mx\/wp-content\/uploads\/2024\/03\/Ricardo-Chua.jpg","jetpack_sharing_enabled":true,"jetpack_shortlink":"https:\/\/wp.me\/p4Qcd3-wZP","_links":{"self":[{"href":"https:\/\/lospoliticosveracruz.com.mx\/index.php?rest_route=\/wp\/v2\/posts\/126841","targetHints":{"allow":["GET"]}}],"collection":[{"href":"https:\/\/lospoliticosveracruz.com.mx\/index.php?rest_route=\/wp\/v2\/posts"}],"about":[{"href":"https:\/\/lospoliticosveracruz.com.mx\/index.php?rest_route=\/wp\/v2\/types\/post"}],"author":[{"embeddable":true,"href":"https:\/\/lospoliticosveracruz.com.mx\/index.php?rest_route=\/wp\/v2\/users\/2"}],"replies":[{"embeddable":true,"href":"https:\/\/lospoliticosveracruz.com.mx\/index.php?rest_route=%2Fwp%2Fv2%2Fcomments&post=126841"}],"version-history":[{"count":1,"href":"https:\/\/lospoliticosveracruz.com.mx\/index.php?rest_route=\/wp\/v2\/posts\/126841\/revisions"}],"predecessor-version":[{"id":126842,"href":"https:\/\/lospoliticosveracruz.com.mx\/index.php?rest_route=\/wp\/v2\/posts\/126841\/revisions\/126842"}],"wp:featuredmedia":[{"embeddable":true,"href":"https:\/\/lospoliticosveracruz.com.mx\/index.php?rest_route=\/wp\/v2\/media\/119817"}],"wp:attachment":[{"href":"https:\/\/lospoliticosveracruz.com.mx\/index.php?rest_route=%2Fwp%2Fv2%2Fmedia&parent=126841"}],"wp:term":[{"taxonomy":"category","embeddable":true,"href":"https:\/\/lospoliticosveracruz.com.mx\/index.php?rest_route=%2Fwp%2Fv2%2Fcategories&post=126841"},{"taxonomy":"post_tag","embeddable":true,"href":"https:\/\/lospoliticosveracruz.com.mx\/index.php?rest_route=%2Fwp%2Fv2%2Ftags&post=126841"}],"curies":[{"name":"wp","href":"https:\/\/api.w.org\/{rel}","templated":true}]}}