{"id":126884,"date":"2024-07-03T09:57:58","date_gmt":"2024-07-03T14:57:58","guid":{"rendered":"https:\/\/lospoliticosveracruz.com.mx\/?p=126884"},"modified":"2024-07-03T09:58:07","modified_gmt":"2024-07-03T14:58:07","slug":"tania-y-eva","status":"publish","type":"post","link":"https:\/\/lospoliticosveracruz.com.mx\/?p=126884","title":{"rendered":"TANIA Y EVA"},"content":{"rendered":"\n<p><strong>Sergio Gonz\u00e1lez Levet<\/strong><\/p>\n\n\n\n<p><em>Sin tacto<\/em><\/p>\n\n\n\n<p>En este momento del proceso electoral, hay dos personas que tienen una posici\u00f3n crucial en Veracruz y que son ni menos que las garantes de la legalidad de la votaci\u00f3n federal y estatal.<\/p>\n\n\n\n<figure class=\"wp-block-image size-large\"><a href=\"https:\/\/lospoliticosveracruz.com.mx\/wp-content\/uploads\/2016\/07\/Seguro-Julio-Cerecedo-2.jpg\"><img decoding=\"async\" src=\"https:\/\/lospoliticosveracruz.com.mx\/wp-content\/uploads\/2016\/07\/Seguro-Julio-Cerecedo-2-1024x381.jpg\" alt=\"\" class=\"wp-image-105879\"\/><\/a><\/figure>\n\n\n\n<p>&nbsp;&nbsp; &nbsp;&nbsp;Me refiero a Eva Barrientos Zepeda, Magistrada Presidenta de la Sala Regional del Tribunal Electoral de la Federaci\u00f3n, y a Tania Celina V\u00e1squez Mu\u00f1oz, Magistrada Presidenta del Tribunal Electoral de Veracruz.<\/p>\n\n\n\n<p>&nbsp;&nbsp; &nbsp;&nbsp;Resulta singular que en estas dos mujeres empoderadas confluyen varias similitudes, como el hecho de que ambas son nacidas en Xalapa, y que sus carreras se sostienen en sendos reconocimientos acad\u00e9micos, gracias a vidas nimbadas por el estudio, la preparaci\u00f3n y la capacidad intelectual.<\/p>\n\n\n\n<p>&nbsp;&nbsp; &nbsp;&nbsp;Tienen adem\u00e1s cada cual una historia de preparaci\u00f3n en la trinchera de los juzgados y las salas electorales, y la caracter\u00edstica esencial de que han llegado a altos sitiales profesionales a trav\u00e9s de ex\u00e1menes de oposici\u00f3n o concursos abiertos que han ganado de manera irreprochable.<\/p>\n\n\n\n<p>&nbsp;&nbsp; &nbsp;&nbsp;Por ejemplo, cuando fueron elegidas como consejeras del OPLE Veracruz en 2015, y en adelante en los importantes puestos que han ocupado hasta la fecha. O agregue usted su singular desempe\u00f1o como docentes en instituciones de educaci\u00f3n superior.<\/p>\n\n\n\n<p>&nbsp;&nbsp; &nbsp;&nbsp;Eva Barrientos empez\u00f3 su carrera en el Tribunal Electoral de Veracruz y ha impartido clases de licenciatura y posgrado en la Universidad Veracruzana, La Universidad de Xalapa y la Escuela Judicial Electoral del Tribunal Electoral del Poder Judicial de la Federaci\u00f3n.<\/p>\n\n\n\n<p>&nbsp;&nbsp; &nbsp;&nbsp;Tania V\u00e1squez, por su parte, estudi\u00f3 la licenciatura en Derecho en la Universidad Veracruzana y actualmente ostenta el grado de doctora. Ha sido igualmente una destacada maestra en el \u00e1mbito del Derecho y tiene una larga experiencia en el trabajo de campo de las oficinas del Poder Judicial.<\/p>\n\n\n\n<p>&nbsp;&nbsp; &nbsp;&nbsp;Pues bien, tanto Tania como Eva, por sus cargos actuales, son las juezas que participar\u00e1n de manera importante y decisiva en los estudios y las sentencias que concluir\u00e1n el proceso electoral estatal y el federal.<\/p>\n\n\n\n<p>&nbsp;&nbsp; &nbsp;&nbsp;Lo que ellas diriman sobre las impugnaciones que se hayan presentado a las elecciones del 2 de junio, ser\u00e1 pr\u00e1cticamente cosa juzgada, as\u00ed que tienen una responsabilidad no s\u00f3lo jur\u00eddica, sino hist\u00f3rica, puesto que pesa sobre ellas la dif\u00edcil tarea de juzgar a conciencia y sin presiones lo que sucedi\u00f3 en los comicios pasados.<\/p>\n\n\n\n<p>&nbsp;&nbsp; &nbsp;&nbsp;De su imparcialidad, de su profesionalismo, de su conciencia y su honestidad depende ni m\u00e1s ni menos que la certeza de la hoy cuestionada legalidad de la jornada electoral del primer domingo de junio.<\/p>\n\n\n\n<p>&nbsp;&nbsp; &nbsp;&nbsp;En ellas est\u00e1n puestos los ojos de los ciudadanos veracruzanos. Si hacen bien su trabajo, ser\u00e1n reconocidas, y si no, se los demandar\u00e1 la historia.<\/p>\n\n\n\n<p>&nbsp;&nbsp; &nbsp;&nbsp;No es poca cosa.<\/p>\n\n\n\n<p>sglevet@gmail.com<\/p>\n","protected":false},"excerpt":{"rendered":"<p>Sergio Gonz\u00e1lez Levet Sin tacto En este momento del proceso electoral, hay dos personas que tienen una posici\u00f3n crucial en Veracruz y que son ni menos que las garantes de la legalidad de la votaci\u00f3n federal y estatal. &nbsp;&nbsp; &nbsp;&nbsp;Me refiero a Eva Barrientos Zepeda, Magistrada Presidenta de la Sala Regional del Tribunal Electoral de [&hellip;]<\/p>\n","protected":false},"author":2,"featured_media":119911,"comment_status":"closed","ping_status":"closed","sticky":false,"template":"","format":"standard","meta":{"_jetpack_newsletter_access":"","_jetpack_dont_email_post_to_subs":false,"_jetpack_newsletter_tier_id":0,"_jetpack_memberships_contains_paywalled_content":false,"_jetpack_memberships_contains_paid_content":false,"footnotes":""},"categories":[70],"tags":[6178,9141],"class_list":["post-126884","post","type-post","status-publish","format-standard","has-post-thumbnail","hentry","category-de-opinion","tag-eva-barrientos-zepeda","tag-tania-celina-vasquez-munoz"],"jetpack_featured_media_url":"https:\/\/lospoliticosveracruz.com.mx\/wp-content\/uploads\/2024\/03\/Levet.jpg","jetpack_sharing_enabled":true,"jetpack_shortlink":"https:\/\/wp.me\/p4Qcd3-x0w","_links":{"self":[{"href":"https:\/\/lospoliticosveracruz.com.mx\/index.php?rest_route=\/wp\/v2\/posts\/126884","targetHints":{"allow":["GET"]}}],"collection":[{"href":"https:\/\/lospoliticosveracruz.com.mx\/index.php?rest_route=\/wp\/v2\/posts"}],"about":[{"href":"https:\/\/lospoliticosveracruz.com.mx\/index.php?rest_route=\/wp\/v2\/types\/post"}],"author":[{"embeddable":true,"href":"https:\/\/lospoliticosveracruz.com.mx\/index.php?rest_route=\/wp\/v2\/users\/2"}],"replies":[{"embeddable":true,"href":"https:\/\/lospoliticosveracruz.com.mx\/index.php?rest_route=%2Fwp%2Fv2%2Fcomments&post=126884"}],"version-history":[{"count":1,"href":"https:\/\/lospoliticosveracruz.com.mx\/index.php?rest_route=\/wp\/v2\/posts\/126884\/revisions"}],"predecessor-version":[{"id":126885,"href":"https:\/\/lospoliticosveracruz.com.mx\/index.php?rest_route=\/wp\/v2\/posts\/126884\/revisions\/126885"}],"wp:featuredmedia":[{"embeddable":true,"href":"https:\/\/lospoliticosveracruz.com.mx\/index.php?rest_route=\/wp\/v2\/media\/119911"}],"wp:attachment":[{"href":"https:\/\/lospoliticosveracruz.com.mx\/index.php?rest_route=%2Fwp%2Fv2%2Fmedia&parent=126884"}],"wp:term":[{"taxonomy":"category","embeddable":true,"href":"https:\/\/lospoliticosveracruz.com.mx\/index.php?rest_route=%2Fwp%2Fv2%2Fcategories&post=126884"},{"taxonomy":"post_tag","embeddable":true,"href":"https:\/\/lospoliticosveracruz.com.mx\/index.php?rest_route=%2Fwp%2Fv2%2Ftags&post=126884"}],"curies":[{"name":"wp","href":"https:\/\/api.w.org\/{rel}","templated":true}]}}