{"id":127113,"date":"2024-07-08T08:09:27","date_gmt":"2024-07-08T13:09:27","guid":{"rendered":"https:\/\/lospoliticosveracruz.com.mx\/?p=127113"},"modified":"2024-07-08T09:35:14","modified_gmt":"2024-07-08T14:35:14","slug":"irregularidades-en-dif-xalapa","status":"publish","type":"post","link":"https:\/\/lospoliticosveracruz.com.mx\/?p=127113","title":{"rendered":"IRREGULARIDADES EN DIF XALAPA"},"content":{"rendered":"\n<p><strong>Miguel Valera&nbsp;<\/strong><\/p>\n\n\n\n<p><em>Contrase\u00f1as<\/em><\/p>\n\n\n\n<p>El servidor p\u00fablico \u2014hay que recordarlo siempre, porque a muchos se les olvida\u2014 es una persona que trabaja, pagado con el dinero del pueblo, de la gente.&nbsp;Todos los ciudadanos, de una u otra manera, pagamos impuestos y esos recursos van a las arcas de los tres niveles de gobierno y desde ah\u00ed se administran para que una pl\u00e9yade de hombres y mujeres atiendan a la poblaci\u00f3n. Nos ayudan, nos atienden, pero no nos hacen un favor, porque son, aunque suene fuerte, \u201cnuestros empleados\u201d.<\/p>\n\n\n<div class=\"wp-block-image\">\n<figure class=\"alignleft size-thumbnail\"><a href=\"https:\/\/lospoliticosveracruz.com.mx\/wp-content\/uploads\/2024\/05\/IMG_0341-e1716950925234.jpeg\"><img loading=\"lazy\" decoding=\"async\" width=\"150\" height=\"150\" src=\"https:\/\/lospoliticosveracruz.com.mx\/wp-content\/uploads\/2024\/05\/IMG_0341-150x150.jpeg\" alt=\"\" class=\"wp-image-125332\"\/><\/a><\/figure><\/div>\n\n\n<p>Sin embargo, hay funcionarios p\u00fablicos, hombres y mujeres, que&nbsp;nos&nbsp;atienden como si&nbsp;fu\u00e9ramos&nbsp;de \u201ctercera\u201d,&nbsp;de forma grosera, con un maltrato que no nos merecemos. Mi comentario viene a colaci\u00f3n por una denuncia ciudadana que me ha llegado, sobre el servicio que prestan en el velatorio del DIF Xalapa, una instancia municipal, que leo en su cuenta de Facebook \u201cte brinda un abrazo c\u00e1lido y un respaldo confiable cuando m\u00e1s lo necesitas\u201d.<\/p>\n\n\n\n<p>Esta denuncia es sin duda, una llamada de atenci\u00f3n para el director del Sistema DIF municipal, el doctor&nbsp;<strong>Alejandro Del \u00c1ngel Aguilar<\/strong>, quien deber\u00eda poner atenci\u00f3n a estas quejosas voces ciudadanas. Hay que recordar que esta no es la primera vez que se da una denuncia de trabajadores y empleados de esa sensible \u00e1rea municipal. En noviembre de 2018, trabajadores se quejaron ante el mal recordado alcalde,&nbsp;<strong>Hip\u00f3lito Rodr\u00edguez Herrero<\/strong>, del maltrato que sufr\u00edan de parte de funcionarios&nbsp;de esa \u00e1rea.&nbsp;<\/p>\n\n\n\n<p>En senda carta que enviaron a medios, acusaban que&nbsp;la directora&nbsp;<strong>Mar\u00eda Laura Berruecos<\/strong>&nbsp;y sus colaboradores&nbsp;<strong>Juan Carlos Hern\u00e1ndez Blanco<\/strong>&nbsp;y&nbsp;<strong>Jorge Manuel Tello<\/strong>&nbsp;los maltrataban y discriminaban laboralmente, con una conducta \u201cvejatoria e intimidatoria, de car\u00e1cter injusta\u201d. El edil morenista, que se la pasaba chacoteando,&nbsp;fumando yerba verde,&nbsp;echando humo&nbsp;como chacuaco, en su despacho, no hizo caso de la denuncia.<\/p>\n\n\n\n<p>Y ahora, como una primera llamada, trabajadores denuncian \u201cuna serie de irregularidades que est\u00e1n ocurriendo en el \u00e1rea del velatorio del DIF en la ciudad capital Xalapa\u201d.<\/p>\n\n\n\n<p>Aqu\u00ed va integra, para atender a los quejosos y el inter\u00e9s de nuestros lectores:&nbsp;<br><br>\u201cHe sido testigo de que los servicios que ofrece el velatorio se cobran a precios elevados, afectando a las personas de escasos recursos que acuden en busca de ayuda. Adem\u00e1s, la representante del velatorio, la Lic. Patricia Garc\u00eda en su puesto de&nbsp;Responsable&nbsp;de Velatorio Municipal est\u00e1 vendiendo ata\u00fades de manera&nbsp;personal, sin reportar estas ventas a la tesorer\u00eda municipal, haciendo un mal uso de las instalaciones ya que no da papeleta de pago\u201d.&nbsp;<\/p>\n\n\n\n<p>\u201cAs\u00ed&nbsp;mismo si piden el apoyo por escasos recursos, esta \u00faltima se molesta y trata de manera grosera y d\u00e9spota a las personas; ya que de alguna u otra manera quiere sacar un beneficio monetario por cada servicio. Tambi\u00e9n se ha observado que publicita y renta las salas de velaci\u00f3n de manera privada para el servicio de otras funerarias y de igual manera no da arancel de pago y ella se queda con todo; sin&nbsp;embargo,&nbsp;no trabaja sola,&nbsp;se ha identificado una alianza entre la responsable del velatorio y su trabajador de confianza,&nbsp;<strong>Antonio Castillo Loyo<\/strong>, alias&nbsp;\u2018To\u00f1o\u2019, a quien le da un porcentaje de estas ventas que no se refleja al ayuntamiento y que ellos marcan como&nbsp;\u2018gratuitos por apoyo\u2019&nbsp;ante la tesorer\u00eda\u201d.&nbsp;<\/p>\n\n\n\n<p>\u201cEstos servicios deber\u00edan ser gratuitos y destinados a las personas de escasos recursos ya que hay veces que personas con capacidad monetaria con vivienda en monte magno, las \u00e1nimas&nbsp;y carros del a\u00f1o quitando lugar a quien realmente lo necesita\u201d.<\/p>\n\n\n\n<p>\u201cindependientemente del negocio que se hace dentro de las instalaciones del DIF velatorios,&nbsp;<strong>Antonio Castillo<\/strong>&nbsp;ha visto y publicado pidiendo apoyo a la ciudadan\u00eda, ya que tiene un par de demandas ante el ayuntamiento por plazas que se le fueron retenidas alegando tener un familiar enfermo y poco dinero, a lo cual es medianamente cierto ya que si cuenta con un familiar enfermo, pero lo que recauda no es 100% para uso para la enfermedad de su esposa, ya que, recientemente celebr\u00f3 los 15 a\u00f1os de su hija en un rancho privado a las afueras de la ciudad de Xalapa, utilizando recurso que la ciudadan\u00eda le apoyo; asi mismo cada semana sale de fiesta con amigos dejando a su familiar en manos de terceras personas o sola; entonces, \u00bfrealmente tiene necesidad o utiliza la situaci\u00f3n para sacar un beneficio?\u201d.<\/p>\n\n\n\n<p><br>\u201cSolicit\u00f3 a las autoridades competentes que se realicen las investigaciones pertinentes para esclarecer estos hechos y tomar las medidas necesarias para corregir esta situaci\u00f3n; ya que los que trabajamos con ellos ya hemos puesto quejas y no nos hacen caso y nos chantajean con despidos o la misma Lic. Patricia nos levanta reportes. Estamos cansados de esta situaci\u00f3n y considero que no es justo ni para las familias que son v\u00edctimas&nbsp;ni nosotros como trabajadores\u201d.<\/p>\n\n\n\n<p>@MValeraH<\/p>\n","protected":false},"excerpt":{"rendered":"<p>Miguel Valera&nbsp; Contrase\u00f1as El servidor p\u00fablico \u2014hay que recordarlo siempre, porque a muchos se les olvida\u2014 es una persona que trabaja, pagado con el dinero del pueblo, de la gente.&nbsp;Todos los ciudadanos, de una u otra manera, pagamos impuestos y esos recursos van a las arcas de los tres niveles de gobierno y desde ah\u00ed [&hellip;]<\/p>\n","protected":false},"author":2,"featured_media":119815,"comment_status":"closed","ping_status":"closed","sticky":false,"template":"","format":"standard","meta":{"_jetpack_newsletter_access":"","_jetpack_dont_email_post_to_subs":false,"_jetpack_newsletter_tier_id":0,"_jetpack_memberships_contains_paywalled_content":false,"_jetpack_memberships_contains_paid_content":false,"footnotes":""},"categories":[70],"tags":[5746,41295,195,96],"class_list":["post-127113","post","type-post","status-publish","format-standard","has-post-thumbnail","hentry","category-de-opinion","tag-dif-municipal","tag-sala-de-velatorio","tag-veracruz","tag-xalapa"],"jetpack_featured_media_url":"https:\/\/lospoliticosveracruz.com.mx\/wp-content\/uploads\/2024\/03\/Miguel-Valera.jpg","jetpack_sharing_enabled":true,"jetpack_shortlink":"https:\/\/wp.me\/p4Qcd3-x4d","_links":{"self":[{"href":"https:\/\/lospoliticosveracruz.com.mx\/index.php?rest_route=\/wp\/v2\/posts\/127113","targetHints":{"allow":["GET"]}}],"collection":[{"href":"https:\/\/lospoliticosveracruz.com.mx\/index.php?rest_route=\/wp\/v2\/posts"}],"about":[{"href":"https:\/\/lospoliticosveracruz.com.mx\/index.php?rest_route=\/wp\/v2\/types\/post"}],"author":[{"embeddable":true,"href":"https:\/\/lospoliticosveracruz.com.mx\/index.php?rest_route=\/wp\/v2\/users\/2"}],"replies":[{"embeddable":true,"href":"https:\/\/lospoliticosveracruz.com.mx\/index.php?rest_route=%2Fwp%2Fv2%2Fcomments&post=127113"}],"version-history":[{"count":2,"href":"https:\/\/lospoliticosveracruz.com.mx\/index.php?rest_route=\/wp\/v2\/posts\/127113\/revisions"}],"predecessor-version":[{"id":127127,"href":"https:\/\/lospoliticosveracruz.com.mx\/index.php?rest_route=\/wp\/v2\/posts\/127113\/revisions\/127127"}],"wp:featuredmedia":[{"embeddable":true,"href":"https:\/\/lospoliticosveracruz.com.mx\/index.php?rest_route=\/wp\/v2\/media\/119815"}],"wp:attachment":[{"href":"https:\/\/lospoliticosveracruz.com.mx\/index.php?rest_route=%2Fwp%2Fv2%2Fmedia&parent=127113"}],"wp:term":[{"taxonomy":"category","embeddable":true,"href":"https:\/\/lospoliticosveracruz.com.mx\/index.php?rest_route=%2Fwp%2Fv2%2Fcategories&post=127113"},{"taxonomy":"post_tag","embeddable":true,"href":"https:\/\/lospoliticosveracruz.com.mx\/index.php?rest_route=%2Fwp%2Fv2%2Ftags&post=127113"}],"curies":[{"name":"wp","href":"https:\/\/api.w.org\/{rel}","templated":true}]}}