{"id":127192,"date":"2024-07-09T10:12:54","date_gmt":"2024-07-09T15:12:54","guid":{"rendered":"https:\/\/lospoliticosveracruz.com.mx\/?p=127192"},"modified":"2024-07-09T10:13:17","modified_gmt":"2024-07-09T15:13:17","slug":"ya-tiene-chamba","status":"publish","type":"post","link":"https:\/\/lospoliticosveracruz.com.mx\/?p=127192","title":{"rendered":"YA TIENE CHAMBA!"},"content":{"rendered":"\n<p><strong>Oved Contreras<\/strong><\/p>\n\n\n\n<p><em>Secas Mecas<\/em><\/p>\n\n\n\n<p>Tanto estuvieron dando lata sus bi\u00f3grafos que a d\u00f3nde colocar\u00edan al Car\u00f3n Cazar\u00edn, despu\u00e9s de que hizo ganar a la zacatecana y a Claudia Sheinbaum en Veracruz, que ya por fin ayer la t\u00eda Ch\u00edo confirm\u00f3 que el hueyapense ser\u00e1 \u201ca petici\u00f3n de Sheinbaum\u201d el delegado de Gobernaci\u00f3n en Veracruz o sea que no tiene cabida en el gabinete estatal\u2026y eso que lo pintaban como el operador estrella del movimiento transformador.<\/p>\n\n\n\n<p>Durante una entrevista radiof\u00f3nica, la gobernadora electa acept\u00f3 que G\u00f3mez Cazar\u00edn ser\u00e1 delegado de la Secretar\u00eda de Gobernaci\u00f3n en Veracruz: \u201cFue la propia presidenta quien lo solicit\u00f3 y yo respald\u00e9 por completo su nombramiento como delegado de primer nivel, que ser\u00e1 un enlace pol\u00edtico, social y de desarrollo social\u201d\u2026aunque si el Car\u00f3n Cazar\u00edn es tan bueno donde lo pongan queda en el aire por qu\u00e9 no le dieron la s\u00faper delegaci\u00f3n de Bienestar.<\/p>\n\n\n\n<p>La delegaci\u00f3n de Gobernaci\u00f3n no cuenta con mayor presupuesto y su labor es de mera coordinaci\u00f3n con las otras delegaciones federales, por lo que no ofrece jugada ni lucimiento pol\u00edtico\u2026en otros tiempos dec\u00edan que el delegado de Gobernaci\u00f3n era un mero jefe de informadores pol\u00edticos u orejas\u2026veremos si en verdad el Car\u00f3n Cazar\u00edn tendr\u00e1 tanto juego como en la Junta de Coordinaci\u00f3n Pol\u00edtica y la Comisi\u00f3n de Vigilancia con el tal FaraNINI donde hicieron y deshicieron.<\/p>\n\n\n\n<p>C\u00d3MO ANILLO AL DEDO\u2026le tra\u00eda unas ganas a Grupo M\u00e1s y se le concedi\u00f3\u2026luego de la exhibida que le peg\u00f3 la Comisi\u00f3n Nacional de Derechos Humanos por su pasividad frente a organismos operadores del agua en la zona conurbada, Cuitl\u00e1huac Garc\u00eda anuncia que \u201cendurecer\u00e1\u201d acciones contra Grupo MAS\u2026la recomendaci\u00f3n de Derechos Humanos advirti\u00f3 omisiones de autoridades ante contaminaci\u00f3n.<\/p>\n\n\n\n<p>El gobernante anunci\u00f3 en conferencia que acatar\u00e1 la recomendaci\u00f3n de la CNDH con respecto a la contaminaci\u00f3n causada por el Grupo Metropolitano de Agua y Saneamiento (MAS) en los municipios de Veracruz y Medell\u00edn, y que aplicar\u00edan sanciones m\u00e1s duras pero no detall\u00f3 las medidas m\u00e1s r\u00edgidas que se aplicar\u00e1n, ya que, adelant\u00f3 podr\u00edan llover los amparos. Lo que s\u00ed precis\u00f3 es que se dar\u00e1 respuesta a la recomendaci\u00f3n de la CNDH con n\u00famero 119\/2024 y critic\u00f3 que solo dos medios de comunicaci\u00f3n, uno del puerto de Veracruz y otro de Xalapa, publicaran esta informaci\u00f3n y no tomaran en cuenta las sanciones interpuestas al Grupo MAS con anterioridad.<\/p>\n\n\n\n<p>Ojal\u00e1 y as\u00ed fuera de atento Cuitl\u00e1huac con todas las recomendaciones que le hizo CNDH con respecto a los abusos cometidos por la polic\u00eda estatal y la fiscal\u00eda sin respetar la presunci\u00f3n de inocencia\u2026no acept\u00f3 una sola recomendaci\u00f3n y los casos quedaron en la impunidad total porque cuando el gobernador y la fiscala debieron comparecer ante el Senado por estas negativas, fueron protegidos por la mayor\u00eda de Morena.<\/p>\n\n\n\n<p>La Procuradur\u00eda Estatal de Protecci\u00f3n al Medio Ambiente (PMA) inform\u00f3 que ha multado con 4 millones 230 mil pesos a Grupo M\u00c1S y CAB por las irregularidades con las que ha operado en el suministro de agua y saneamiento en la conurbaci\u00f3n Veracruz-Boca del R\u00edo-Medell\u00edn, pero lo que l gobierno quiere es tumbarle la concesi\u00f3n a Grupo M\u00e1s pero como saben que esas son palabras mayores, quieren que el Ayuntamiento de Veracruz se tire ese trompo a la u\u00f1a\u2026es promesa de campa\u00f1a de Morenos desde hace cuatro a\u00f1os y no han podido cumplirle a los jarochos.<\/p>\n\n\n\n<p>SE CALIENTA HUEYAPAN\u2026Una pareja de comerciantes de Hueyapan de Ocampo fue asesinada este lunes cuando circulaba por el camino que conduce de Coyol de Gonz\u00e1lez a Nacaxtle. Las v\u00edctimas, de nombre Aurora y Delfino, eran comerciantes originarios de ese municipio del sur de Veracruz, gobernado por Juan G\u00f3mez Mart\u00ednez, padre del diputado local de Morena y supuesto pr\u00f3ximo delegado de Gobernaci\u00f3n en Veracruz, Juan Javier G\u00f3mez Cazar\u00edn.<\/p>\n\n\n\n<p>Aurora y Delfino apoyaron en campa\u00f1a al candidato de la coalici\u00f3n Fuerza y Coraz\u00f3n por Veracruz. En sus redes sociales, Delfino subi\u00f3 un video para advertir c\u00f3mo eran acosados por la polic\u00eda municipal y advirti\u00f3 que si algo le suced\u00eda, responsabilizaba al alcalde. Hoy Aurora y Delfino fueron asesinados.<\/p>\n\n\n\n<p>\u201cSomos perseguidos por el Ayuntamiento nom\u00e1s porque andamos apoyando a un partido diferente\u201d, acusa Delfino en el video publicado antes del 2 de junio pasado. Responsabiliz\u00f3 al alcalde morenista de lo que pudiese ocurrirles. Ayer fueron perseguidos por unos sicarios, que los atacaron a balazos. Los cuerpos quedaron tendidos sobre el camino de terracer\u00eda.<\/p>\n","protected":false},"excerpt":{"rendered":"<p>Oved Contreras Secas Mecas Tanto estuvieron dando lata sus bi\u00f3grafos que a d\u00f3nde colocar\u00edan al Car\u00f3n Cazar\u00edn, despu\u00e9s de que hizo ganar a la zacatecana y a Claudia Sheinbaum en Veracruz, que ya por fin ayer la t\u00eda Ch\u00edo confirm\u00f3 que el hueyapense ser\u00e1 \u201ca petici\u00f3n de Sheinbaum\u201d el delegado de Gobernaci\u00f3n en Veracruz o [&hellip;]<\/p>\n","protected":false},"author":2,"featured_media":119816,"comment_status":"closed","ping_status":"closed","sticky":false,"template":"","format":"standard","meta":{"_jetpack_newsletter_access":"","_jetpack_dont_email_post_to_subs":false,"_jetpack_newsletter_tier_id":0,"_jetpack_memberships_contains_paywalled_content":false,"_jetpack_memberships_contains_paid_content":false,"footnotes":""},"categories":[70],"tags":[9627,1563,12695,1026,3578,195],"class_list":["post-127192","post","type-post","status-publish","format-standard","has-post-thumbnail","hentry","category-de-opinion","tag-claudia-sheinbaum","tag-cuitlahuac-garcia-jimenez","tag-juan-javier-gomez-cazarin","tag-morena","tag-rocio-nahle","tag-veracruz"],"jetpack_featured_media_url":"https:\/\/lospoliticosveracruz.com.mx\/wp-content\/uploads\/2024\/03\/Oved-Contreras.jpg","jetpack_sharing_enabled":true,"jetpack_shortlink":"https:\/\/wp.me\/p4Qcd3-x5u","_links":{"self":[{"href":"https:\/\/lospoliticosveracruz.com.mx\/index.php?rest_route=\/wp\/v2\/posts\/127192","targetHints":{"allow":["GET"]}}],"collection":[{"href":"https:\/\/lospoliticosveracruz.com.mx\/index.php?rest_route=\/wp\/v2\/posts"}],"about":[{"href":"https:\/\/lospoliticosveracruz.com.mx\/index.php?rest_route=\/wp\/v2\/types\/post"}],"author":[{"embeddable":true,"href":"https:\/\/lospoliticosveracruz.com.mx\/index.php?rest_route=\/wp\/v2\/users\/2"}],"replies":[{"embeddable":true,"href":"https:\/\/lospoliticosveracruz.com.mx\/index.php?rest_route=%2Fwp%2Fv2%2Fcomments&post=127192"}],"version-history":[{"count":1,"href":"https:\/\/lospoliticosveracruz.com.mx\/index.php?rest_route=\/wp\/v2\/posts\/127192\/revisions"}],"predecessor-version":[{"id":127193,"href":"https:\/\/lospoliticosveracruz.com.mx\/index.php?rest_route=\/wp\/v2\/posts\/127192\/revisions\/127193"}],"wp:featuredmedia":[{"embeddable":true,"href":"https:\/\/lospoliticosveracruz.com.mx\/index.php?rest_route=\/wp\/v2\/media\/119816"}],"wp:attachment":[{"href":"https:\/\/lospoliticosveracruz.com.mx\/index.php?rest_route=%2Fwp%2Fv2%2Fmedia&parent=127192"}],"wp:term":[{"taxonomy":"category","embeddable":true,"href":"https:\/\/lospoliticosveracruz.com.mx\/index.php?rest_route=%2Fwp%2Fv2%2Fcategories&post=127192"},{"taxonomy":"post_tag","embeddable":true,"href":"https:\/\/lospoliticosveracruz.com.mx\/index.php?rest_route=%2Fwp%2Fv2%2Ftags&post=127192"}],"curies":[{"name":"wp","href":"https:\/\/api.w.org\/{rel}","templated":true}]}}