{"id":127196,"date":"2024-07-09T12:59:00","date_gmt":"2024-07-09T17:59:00","guid":{"rendered":"https:\/\/lospoliticosveracruz.com.mx\/?p=127196"},"modified":"2024-07-09T12:20:56","modified_gmt":"2024-07-09T17:20:56","slug":"luna-bella-y-el-metro","status":"publish","type":"post","link":"https:\/\/lospoliticosveracruz.com.mx\/?p=127196","title":{"rendered":"LUNA BELLA Y EL METRO"},"content":{"rendered":"\n<p><strong>Salvador Mu\u00f1oz<br><\/strong><em>Los Pol\u00edticos<\/em><\/p>\n\n\n\n<p>Hablemos de Luna Bella, la mujer que agarr\u00f3 el Metro (en el sentido que usted quiera tomarlo) como set de grabaci\u00f3n para hacer un video porno con dos \u201cactores\u201d m\u00e1s.<br>Entrecomillo \u201cactores\u201d porque hasta donde yo s\u00e9, la escuela de Artes te ense\u00f1a a compenetrarse con el personaje que interpretas, pero no he escuchado que te ense\u00f1en a penetrarte al personaje con que act\u00faas.<\/p>\n\n\n<div class=\"wp-block-image\">\n<figure class=\"alignleft size-thumbnail\"><a href=\"https:\/\/lospoliticosveracruz.com.mx\/wp-content\/uploads\/2024\/05\/IMG_0341-e1716950925234.jpeg\"><img loading=\"lazy\" decoding=\"async\" width=\"150\" height=\"150\" src=\"https:\/\/lospoliticosveracruz.com.mx\/wp-content\/uploads\/2024\/05\/IMG_0341-150x150.jpeg\" alt=\"\" class=\"wp-image-125332\"\/><\/a><\/figure><\/div>\n\n\n<p><br>La intenci\u00f3n de Luna Bella, hasta donde s\u00e9, era promocionar una nueva red social competencia de Only Fans\u2026 no me pregunten cu\u00e1l red, porque ni idea.<br>El video de Luna Bella fue tema en las redes sociales porque hasta donde se sabe, las autoridades o vigilancia del metro brillaron por su ausencia. Citar a las autoridades o vigilantes obedece a que se supone que al realizar coito en un transporte p\u00fablico, ante los usuarios del mismo, implica algo que no es \u201cFaltas a la moral\u201d (no existe el t\u00e9rmino en la Ley capitalina) porque eso s\u00ed, muchos se sintieron ofendidos por el video, aunque no fueron los que viajaban en el vag\u00f3n del metro.<br>De acuerdo a la Ley de Cultura C\u00edvica de la Ciudad de M\u00e9xico, en su art\u00edculo 26, apartado X, se proh\u00edbe la exhibici\u00f3n de \u00f3rganos sexuales con la intenci\u00f3n de molestar o agredir a otra persona\u2026<br>Por supuesto, para que se haga efectiva la aplicaci\u00f3n de este Art\u00edculo, basta una simple cosita: que alguien denuncie\u2026 y no, no en redes sociales, sino ante las autoridades correspondientes en aras de que Luna Bella y sus dos compa\u00f1eros as\u00ed como el que graba, sean se\u00f1alados como \u201cexhibicionistas\u201d\u2026 y por lo que entiendo, deben ser los usuarios del vag\u00f3n que fueron tomados por Luna Bella y compa\u00f1\u00eda como \u201cextras\u201d\u2026<br>Por otro lado, hay quienes consideran a Luna Bella como Actriz y Modelo (en esta era donde cualquiera puede ser Presidente de la Rep\u00fablica, Gobernador o Diputado, es respetada la consideraci\u00f3n aunque no compartida) y creen que ejerci\u00f3 su libertad de expresi\u00f3n.<br>La respuesta a ello es que tambi\u00e9n rebas\u00f3 el espacio de quienes ocupaban ese vag\u00f3n al \u201cejercer su libertad de expresi\u00f3n\u201d\u2026<br>Independientemente de los chorros de comentarios (y de los otros) que deja Luna Bella, lo \u00fanico claro que expuso, es que m\u00e1s all\u00e1 de que le encanta el metro para hacer sus shows (en Monterrey se desnud\u00f3), est\u00e1 m\u00e1s que claro que este transporte en la Ciudad de M\u00e9xico sigue siendo endeble en lo que a cuesti\u00f3n de seguridad se refiere\u2026 por eso seguir\u00e1 siendo m\u00e1s f\u00e1cil bajar a un se\u00f1or con su perro enfermo o detener a una se\u00f1ora a la que se le cayeron las aspas de un aparato el\u00e9ctrico acus\u00e1ndola de sabotaje\u2026<\/p>\n","protected":false},"excerpt":{"rendered":"<p>Salvador Mu\u00f1ozLos Pol\u00edticos Hablemos de Luna Bella, la mujer que agarr\u00f3 el Metro (en el sentido que usted quiera tomarlo) como set de grabaci\u00f3n para hacer un video porno con dos \u201cactores\u201d m\u00e1s.Entrecomillo \u201cactores\u201d porque hasta donde yo s\u00e9, la escuela de Artes te ense\u00f1a a compenetrarse con el personaje que interpretas, pero no he [&hellip;]<\/p>\n","protected":false},"author":2,"featured_media":119941,"comment_status":"closed","ping_status":"closed","sticky":false,"template":"","format":"standard","meta":{"_jetpack_newsletter_access":"","_jetpack_dont_email_post_to_subs":false,"_jetpack_newsletter_tier_id":0,"_jetpack_memberships_contains_paywalled_content":false,"_jetpack_memberships_contains_paid_content":false,"footnotes":""},"categories":[70],"tags":[41303,2139,33942,2646],"class_list":["post-127196","post","type-post","status-publish","format-standard","has-post-thumbnail","hentry","category-de-opinion","tag-exhibicionistas","tag-libertad-de-expresion","tag-luna-bella","tag-salvador-munoz"],"jetpack_featured_media_url":"https:\/\/lospoliticosveracruz.com.mx\/wp-content\/uploads\/2024\/03\/Salvador-Munoz.jpg","jetpack_sharing_enabled":true,"jetpack_shortlink":"https:\/\/wp.me\/p4Qcd3-x5y","_links":{"self":[{"href":"https:\/\/lospoliticosveracruz.com.mx\/index.php?rest_route=\/wp\/v2\/posts\/127196","targetHints":{"allow":["GET"]}}],"collection":[{"href":"https:\/\/lospoliticosveracruz.com.mx\/index.php?rest_route=\/wp\/v2\/posts"}],"about":[{"href":"https:\/\/lospoliticosveracruz.com.mx\/index.php?rest_route=\/wp\/v2\/types\/post"}],"author":[{"embeddable":true,"href":"https:\/\/lospoliticosveracruz.com.mx\/index.php?rest_route=\/wp\/v2\/users\/2"}],"replies":[{"embeddable":true,"href":"https:\/\/lospoliticosveracruz.com.mx\/index.php?rest_route=%2Fwp%2Fv2%2Fcomments&post=127196"}],"version-history":[{"count":1,"href":"https:\/\/lospoliticosveracruz.com.mx\/index.php?rest_route=\/wp\/v2\/posts\/127196\/revisions"}],"predecessor-version":[{"id":127197,"href":"https:\/\/lospoliticosveracruz.com.mx\/index.php?rest_route=\/wp\/v2\/posts\/127196\/revisions\/127197"}],"wp:featuredmedia":[{"embeddable":true,"href":"https:\/\/lospoliticosveracruz.com.mx\/index.php?rest_route=\/wp\/v2\/media\/119941"}],"wp:attachment":[{"href":"https:\/\/lospoliticosveracruz.com.mx\/index.php?rest_route=%2Fwp%2Fv2%2Fmedia&parent=127196"}],"wp:term":[{"taxonomy":"category","embeddable":true,"href":"https:\/\/lospoliticosveracruz.com.mx\/index.php?rest_route=%2Fwp%2Fv2%2Fcategories&post=127196"},{"taxonomy":"post_tag","embeddable":true,"href":"https:\/\/lospoliticosveracruz.com.mx\/index.php?rest_route=%2Fwp%2Fv2%2Ftags&post=127196"}],"curies":[{"name":"wp","href":"https:\/\/api.w.org\/{rel}","templated":true}]}}