{"id":127429,"date":"2024-07-15T09:30:37","date_gmt":"2024-07-15T14:30:37","guid":{"rendered":"https:\/\/lospoliticosveracruz.com.mx\/?p=127429"},"modified":"2024-07-15T09:31:05","modified_gmt":"2024-07-15T14:31:05","slug":"la-prensa-ante-el-gobierno","status":"publish","type":"post","link":"https:\/\/lospoliticosveracruz.com.mx\/?p=127429","title":{"rendered":"\u00a0LA PRENSA ANTE EL GOBIERNO"},"content":{"rendered":"\n<p><strong>Sergio Gonz\u00e1lez Levet<\/strong><\/p>\n\n\n\n<p><em>Sin tacto<\/em><\/p>\n\n\n\n<p>Duros a\u00f1os ha soportado el periodismo veracruzano con este sexenio en el que desde el poder legal y el ilegal ha sido ignorado, vilipendiado, calumniado, insultado\u2026 asesinado.<\/p>\n\n\n\n<p>\u00a0\u00a0 \u00a0\u00a0Dura prueba para un gremio hecho de titanes en lo social y en lo laboral; de m\u00e1rtires del sueldo bajo; de incomprendidos como el cohetero; de voces acalladas por la censura; de cr\u00edticos condenados al silencio o al averno -que son casi lo mismo para cualquier reportero que se respete-.<\/p>\n\n\n<div class=\"wp-block-image\">\n<figure class=\"alignleft size-thumbnail\"><a href=\"https:\/\/lospoliticosveracruz.com.mx\/wp-content\/uploads\/2024\/05\/IMG_0341-e1716950925234.jpeg\"><img loading=\"lazy\" decoding=\"async\" width=\"150\" height=\"150\" src=\"https:\/\/lospoliticosveracruz.com.mx\/wp-content\/uploads\/2024\/05\/IMG_0341-150x150.jpeg\" alt=\"\" class=\"wp-image-125332\"\/><\/a><\/figure><\/div>\n\n\n<p>&nbsp;&nbsp; &nbsp;&nbsp;Culmina una administraci\u00f3n estatal que fue omisa ante el delicado papel que cumple la prensa. Su primer movimiento hacia los medios fue poner al frente de la comunicaci\u00f3n social a un pobre inepto que se dedic\u00f3 a perder el tiempo siguiendo a su jefe en todos los eventos, en todos los actos, en todas las giras (\u201cSiempre a su due\u00f1o fiel, pero importuno\u201d, dir\u00eda Miguel Hern\u00e1ndez). Iv\u00e1n Luna pas\u00f3 sin gloria y con pena ajena en la historia del periodismo, y ahora se dispone a meterse de nuevo en el ostracismo del que nunca debi\u00f3 haber salido.<\/p>\n\n\n\n<p>&nbsp;&nbsp; &nbsp;&nbsp;Vienen nuevas autoridades y probablemente nuevos tiempos para la prensa jarocha y para sus esforzados protagonistas. La nueva Gobernadora, la ingeniera Roc\u00edo Nahle Garc\u00eda, llega como una interrogaci\u00f3n para muchos reporteros veracruzanos, que no la conocen, que no han interactuado con ella, que no conocen su pensamiento sobre la comunicaci\u00f3n social, sobre lo que considera que hacen y deben hacer los medios., sobre c\u00f3mo le caen en lo personal los periodistas que realmente ejercen su oficio ante una sociedad \u00e1vida de informaci\u00f3n, necesitada de transparencia en las acciones del Gobierno del Estado.<\/p>\n\n\n\n<p>&nbsp;&nbsp; &nbsp;&nbsp;Hay tres puntos nodales que marcaron un rumbo que no fue bueno para el Gobernador y su equipo, tampoco para los periodistas y menos para los ciudadanos.<\/p>\n\n\n\n<p>&nbsp;&nbsp; &nbsp;&nbsp;1. Cuitl\u00e1huac Garc\u00eda nunca atendi\u00f3 a la importancia crucial de la comunicaci\u00f3n. Se dedic\u00f3 a mentir est\u00f3lidamente ante los se\u00f1alamientos de errores y corrupciones que campeaban en su gabinete y en su familia. Olvid\u00f3 emprender una pol\u00edtica de Estado en el \u00e1rea de la comunicaci\u00f3n social.<\/p>\n\n\n\n<p>&nbsp;&nbsp; &nbsp;&nbsp;2. Nunca entendi\u00f3 tampoco que la interlocuci\u00f3n con los empresarios de los medios y con los reporteros le pod\u00eda dar una comprensi\u00f3n mayor sobre las necesidades y los sue\u00f1os de la gente que mal gobern\u00f3. Le retir\u00f3 el saludo y el habla a la prensa, y con eso qued\u00f3 aislado de la voz del pueblo.<\/p>\n\n\n\n<p>&nbsp;&nbsp; &nbsp;&nbsp;3. Pens\u00f3 que la relaci\u00f3n con los medios se constre\u00f1\u00eda a un asunto de dinero y de convenios de difusi\u00f3n. Nunca pudo ejercer una relaci\u00f3n pol\u00edtica porque no le daba su pobre cerebro para eso.<\/p>\n\n\n\n<p>&nbsp;&nbsp; &nbsp;&nbsp;La falta de comprensi\u00f3n, de interlocuci\u00f3n y de entendimiento fue un elemento importante m\u00e1s de su p\u00e9sima actuaci\u00f3n como Gobernador.<\/p>\n\n\n\n<p>&nbsp;&nbsp; &nbsp;&nbsp;Los periodistas veracruzanos vuelven a la carga. Emprenden un nuevo sexenio y llegan a \u00e9l dolidos, heridos, diezmados\u2026 pero vivos.<\/p>\n\n\n\n<p>&nbsp;&nbsp; &nbsp;&nbsp;Nuestra gran venganza ha sido sobrevivir, y lo seguiremos haciendo.<\/p>\n\n\n\n<p>sglevet@gmail.com<\/p>\n","protected":false},"excerpt":{"rendered":"<p>Sergio Gonz\u00e1lez Levet Sin tacto Duros a\u00f1os ha soportado el periodismo veracruzano con este sexenio en el que desde el poder legal y el ilegal ha sido ignorado, vilipendiado, calumniado, insultado\u2026 asesinado. \u00a0\u00a0 \u00a0\u00a0Dura prueba para un gremio hecho de titanes en lo social y en lo laboral; de m\u00e1rtires del sueldo bajo; de incomprendidos [&hellip;]<\/p>\n","protected":false},"author":2,"featured_media":119911,"comment_status":"closed","ping_status":"closed","sticky":false,"template":"","format":"standard","meta":{"_jetpack_newsletter_access":"","_jetpack_dont_email_post_to_subs":false,"_jetpack_newsletter_tier_id":0,"_jetpack_memberships_contains_paywalled_content":false,"_jetpack_memberships_contains_paid_content":false,"footnotes":""},"categories":[70],"tags":[1563,12282,1026,195],"class_list":["post-127429","post","type-post","status-publish","format-standard","has-post-thumbnail","hentry","category-de-opinion","tag-cuitlahuac-garcia-jimenez","tag-ivan-luna","tag-morena","tag-veracruz"],"jetpack_featured_media_url":"https:\/\/lospoliticosveracruz.com.mx\/wp-content\/uploads\/2024\/03\/Levet.jpg","jetpack_sharing_enabled":true,"jetpack_shortlink":"https:\/\/wp.me\/p4Qcd3-x9j","_links":{"self":[{"href":"https:\/\/lospoliticosveracruz.com.mx\/index.php?rest_route=\/wp\/v2\/posts\/127429","targetHints":{"allow":["GET"]}}],"collection":[{"href":"https:\/\/lospoliticosveracruz.com.mx\/index.php?rest_route=\/wp\/v2\/posts"}],"about":[{"href":"https:\/\/lospoliticosveracruz.com.mx\/index.php?rest_route=\/wp\/v2\/types\/post"}],"author":[{"embeddable":true,"href":"https:\/\/lospoliticosveracruz.com.mx\/index.php?rest_route=\/wp\/v2\/users\/2"}],"replies":[{"embeddable":true,"href":"https:\/\/lospoliticosveracruz.com.mx\/index.php?rest_route=%2Fwp%2Fv2%2Fcomments&post=127429"}],"version-history":[{"count":1,"href":"https:\/\/lospoliticosveracruz.com.mx\/index.php?rest_route=\/wp\/v2\/posts\/127429\/revisions"}],"predecessor-version":[{"id":127430,"href":"https:\/\/lospoliticosveracruz.com.mx\/index.php?rest_route=\/wp\/v2\/posts\/127429\/revisions\/127430"}],"wp:featuredmedia":[{"embeddable":true,"href":"https:\/\/lospoliticosveracruz.com.mx\/index.php?rest_route=\/wp\/v2\/media\/119911"}],"wp:attachment":[{"href":"https:\/\/lospoliticosveracruz.com.mx\/index.php?rest_route=%2Fwp%2Fv2%2Fmedia&parent=127429"}],"wp:term":[{"taxonomy":"category","embeddable":true,"href":"https:\/\/lospoliticosveracruz.com.mx\/index.php?rest_route=%2Fwp%2Fv2%2Fcategories&post=127429"},{"taxonomy":"post_tag","embeddable":true,"href":"https:\/\/lospoliticosveracruz.com.mx\/index.php?rest_route=%2Fwp%2Fv2%2Ftags&post=127429"}],"curies":[{"name":"wp","href":"https:\/\/api.w.org\/{rel}","templated":true}]}}