{"id":127636,"date":"2024-07-19T09:40:07","date_gmt":"2024-07-19T14:40:07","guid":{"rendered":"https:\/\/lospoliticosveracruz.com.mx\/?p=127636"},"modified":"2024-07-19T09:40:20","modified_gmt":"2024-07-19T14:40:20","slug":"cuidado-con-el-covid","status":"publish","type":"post","link":"https:\/\/lospoliticosveracruz.com.mx\/?p=127636","title":{"rendered":"CUIDADO CON EL COVID"},"content":{"rendered":"\n<p><strong>Sergio Gonz\u00e1lez Levet<\/strong><\/p>\n\n\n\n<p><em>Sin tacto<\/em><\/p>\n\n\n\n<p>De acuerdo con lo que han se\u00f1alado varios m\u00e9dicos epidemi\u00f3logos, hay un rebrote de la enfermedad del coronavirus en M\u00e9xico, y debe ser atendido de inmediato para que no vaya a causar da\u00f1os mayores.<\/p>\n\n\n<div class=\"wp-block-image\">\n<figure class=\"alignleft size-medium\"><a href=\"https:\/\/lospoliticosveracruz.com.mx\/wp-content\/uploads\/2021\/10\/Zacauilt.jpg\"><img decoding=\"async\" src=\"https:\/\/lospoliticosveracruz.com.mx\/wp-content\/uploads\/2021\/10\/Zacauilt-150x300.jpg\" alt=\"\" class=\"wp-image-80558\"\/><\/a><\/figure><\/div>\n\n\n<p>&nbsp;&nbsp; &nbsp;&nbsp;Obvio, las autoridades federales de salud se han apresurado a desmentir el dato, acostumbradas a responder de la peor manera posible -que es neg\u00e1ndola y ocult\u00e1ndola como la cabeza de un avestruz- ante una amenaza sanitaria como la de este mal que conmocion\u00f3 al mundo y camb\u00f3 nuestra forma de vida de una manera sensible y permanente.<\/p>\n\n\n\n<p>&nbsp;&nbsp; &nbsp;&nbsp;Tal vez los irresponsables que puso al frente Andr\u00e9s Manuel L\u00f3pez Obrador quieren hacer el intento de redondear a un mill\u00f3n los 800 mil mexicanos que murieron a causa del Covid.<\/p>\n\n\n\n<p>&nbsp;&nbsp; &nbsp;&nbsp;Platico con el m\u00e9dico internista Iv\u00e1n Hern\u00e1ndez Guti\u00e9rrez -tenemos la suerte de contar con su gran capacidad en su consultorio de Xalapa- y me dice que s\u00ed, que en efecto hay un rebrote de casos, aunque se ha presentado sobre todo en la Ciudad de M\u00e9xico, en el Estado de M\u00e9xico, en Quer\u00e9taro, en Puebla y en Nuevo Le\u00f3n, lugares que en este mes han duplicado los casos diarios.<\/p>\n\n\n\n<p>&nbsp;&nbsp; &nbsp;&nbsp;\u2014\u00bfQu\u00e9 debemos hacer, por ejemplo, en el Estado de Veracruz, que no ha presentado un rebrote significativo? \u2014pregunto al especialista y me contesta de inmediato:<\/p>\n\n\n\n<p>\u2014Vac\u00fanense, usen cubrebocas en lugares cerrados, ventilen bien la casa u oficinas. L\u00e1vense las manos a menudo.<\/p>\n\n\n\n<p>&nbsp;&nbsp; &nbsp;&nbsp;Le comento que entonces llevar\u00e9 a los miembros mi familia a ponernos la vacuna en alguna cl\u00ednica del sector salud.<\/p>\n\n\n\n<p>&nbsp;&nbsp; &nbsp;&nbsp;\u2014\u00a1No hagas eso! \u2014me contesta presto\u2014. Las sustancias que aplica el sector oficial no tienen la capacidad de atacar las nuevas cepas. Es necesario inocularse las versiones nuevas de la vacuna, que se pueden comprar en lugares como Wall Mart Express o las Farmacias del Ahorro. No cuestan mucho, y de todos modos garantizan un blindaje m\u00e1s seguro.<\/p>\n\n\n\n<p>&nbsp;&nbsp; &nbsp;&nbsp;Aprovecho para platicarle sobre una especie de campa\u00f1a que he visto \u00faltimamente en las redes en contra de la aplicaci\u00f3n de las vacunas, a las que individuos an\u00f3nimos acusan de provocar muertes y de ser un instrumento de los grandes laboratorios para hacer una gran fortuna con la venta de sustancias in\u00fatiles y hasta peligrosas.<\/p>\n\n\n\n<p>&nbsp;&nbsp; &nbsp;&nbsp;\u2014Las vacunas salvan vidas. Hay gente que las rechaza sin raz\u00f3n. Las posibilidades de complicaciones son menores a 0.01% \u2014me aclara el talentoso experto en salud, con d\u00e9cadas de estudios y experiencia.<\/p>\n\n\n\n<p>&nbsp;&nbsp; &nbsp;&nbsp;As\u00ed que sigamos la recomendaci\u00f3n ya dicha de uno de los mejores m\u00e9dicos de Veracruz y de M\u00e9xico:<\/p>\n\n\n\n<p>&nbsp;&nbsp; &nbsp;&nbsp;\u2014Vac\u00fanense, usen cubrebocas en lugares cerrados, ventilen bien la casa u oficinas. L\u00e1vense las manos a menudo.<\/p>\n\n\n\n<p>&nbsp;&nbsp; &nbsp;&nbsp;Digo, por si las dudas\u2026<\/p>\n\n\n\n<p>sglevet@gmail.com<\/p>\n","protected":false},"excerpt":{"rendered":"<p>Sergio Gonz\u00e1lez Levet Sin tacto De acuerdo con lo que han se\u00f1alado varios m\u00e9dicos epidemi\u00f3logos, hay un rebrote de la enfermedad del coronavirus en M\u00e9xico, y debe ser atendido de inmediato para que no vaya a causar da\u00f1os mayores. &nbsp;&nbsp; &nbsp;&nbsp;Obvio, las autoridades federales de salud se han apresurado a desmentir el dato, acostumbradas a [&hellip;]<\/p>\n","protected":false},"author":2,"featured_media":119911,"comment_status":"closed","ping_status":"closed","sticky":false,"template":"","format":"standard","meta":{"_jetpack_newsletter_access":"","_jetpack_dont_email_post_to_subs":false,"_jetpack_newsletter_tier_id":0,"_jetpack_memberships_contains_paywalled_content":false,"_jetpack_memberships_contains_paid_content":false,"footnotes":""},"categories":[70],"tags":[17829],"class_list":["post-127636","post","type-post","status-publish","format-standard","has-post-thumbnail","hentry","category-de-opinion","tag-covid"],"jetpack_featured_media_url":"https:\/\/lospoliticosveracruz.com.mx\/wp-content\/uploads\/2024\/03\/Levet.jpg","jetpack_sharing_enabled":true,"jetpack_shortlink":"https:\/\/wp.me\/p4Qcd3-xcE","_links":{"self":[{"href":"https:\/\/lospoliticosveracruz.com.mx\/index.php?rest_route=\/wp\/v2\/posts\/127636","targetHints":{"allow":["GET"]}}],"collection":[{"href":"https:\/\/lospoliticosveracruz.com.mx\/index.php?rest_route=\/wp\/v2\/posts"}],"about":[{"href":"https:\/\/lospoliticosveracruz.com.mx\/index.php?rest_route=\/wp\/v2\/types\/post"}],"author":[{"embeddable":true,"href":"https:\/\/lospoliticosveracruz.com.mx\/index.php?rest_route=\/wp\/v2\/users\/2"}],"replies":[{"embeddable":true,"href":"https:\/\/lospoliticosveracruz.com.mx\/index.php?rest_route=%2Fwp%2Fv2%2Fcomments&post=127636"}],"version-history":[{"count":1,"href":"https:\/\/lospoliticosveracruz.com.mx\/index.php?rest_route=\/wp\/v2\/posts\/127636\/revisions"}],"predecessor-version":[{"id":127637,"href":"https:\/\/lospoliticosveracruz.com.mx\/index.php?rest_route=\/wp\/v2\/posts\/127636\/revisions\/127637"}],"wp:featuredmedia":[{"embeddable":true,"href":"https:\/\/lospoliticosveracruz.com.mx\/index.php?rest_route=\/wp\/v2\/media\/119911"}],"wp:attachment":[{"href":"https:\/\/lospoliticosveracruz.com.mx\/index.php?rest_route=%2Fwp%2Fv2%2Fmedia&parent=127636"}],"wp:term":[{"taxonomy":"category","embeddable":true,"href":"https:\/\/lospoliticosveracruz.com.mx\/index.php?rest_route=%2Fwp%2Fv2%2Fcategories&post=127636"},{"taxonomy":"post_tag","embeddable":true,"href":"https:\/\/lospoliticosveracruz.com.mx\/index.php?rest_route=%2Fwp%2Fv2%2Ftags&post=127636"}],"curies":[{"name":"wp","href":"https:\/\/api.w.org\/{rel}","templated":true}]}}