{"id":127723,"date":"2024-07-22T09:37:12","date_gmt":"2024-07-22T14:37:12","guid":{"rendered":"https:\/\/lospoliticosveracruz.com.mx\/?p=127723"},"modified":"2024-07-22T09:37:19","modified_gmt":"2024-07-22T14:37:19","slug":"americo-sigue-vivo-y-peleando","status":"publish","type":"post","link":"https:\/\/lospoliticosveracruz.com.mx\/?p=127723","title":{"rendered":"\u00a0AM\u00c9RICO SIGUE VIVO Y PELEANDO"},"content":{"rendered":"\n<p><strong>&nbsp;Sergio Gonz\u00e1lez Levet<\/strong><\/p>\n\n\n\n<p>&nbsp;Sin tacto<\/p>\n\n\n\n<p>Un gran abrazo y todas las felicidades posibles a mi hijo Camilo, en su d\u00eda de d\u00edas.<\/p>\n\n\n\n<p>Son varias las personas que cuentan que han visto en Xalapa deambular por las noches la figura de un hombre que se parece a Di\u00f3genes y trae tambi\u00e9n una l\u00e1mpara como la famosa del fil\u00f3sofo griego. Dicen que anda buscando a una persona que haya votado el pasado 2 de junio por la ciudadana Ana Miriam Ferr\u00e1ez Centeno para diputada federal por el X Distrito. La duda es porque la candidata morenista fue una diputada local ausente de su distrito y alejada de sus representados, y tuvo una participaci\u00f3n totalmente gris en la Legislatura, a\u00f1adido a que no hizo campa\u00f1a alguna para pedir el voto y sigui\u00f3 siendo una desconocida para sus paisanos.<\/p>\n\n\n<div class=\"wp-block-image\">\n<figure class=\"alignleft size-thumbnail\"><a href=\"https:\/\/lospoliticosveracruz.com.mx\/wp-content\/uploads\/2024\/05\/IMG_0341-e1716950925234.jpeg\"><img loading=\"lazy\" decoding=\"async\" width=\"150\" height=\"150\" src=\"https:\/\/lospoliticosveracruz.com.mx\/wp-content\/uploads\/2024\/05\/IMG_0341-150x150.jpeg\" alt=\"\" class=\"wp-image-125332\"\/><\/a><\/figure><\/div>\n\n\n<p>&nbsp;&nbsp; &nbsp;&nbsp;[Como dato cultural., Di\u00f3genes fue un pensador griego que aprendi\u00f3 con Ant\u00edstenes, el disc\u00edpulo m\u00e1s antiguo de S\u00f3crates, y se destac\u00f3 tanto por su vida alejada de los bienes materiales como porque viv\u00eda en plena calle, sin casa ni nada m\u00e1s que su hambre y sus ideas. Este primer fil\u00f3sofo en situaci\u00f3n de calle andaba con una linterna en la mano y dec\u00eda que buscaba a un hombre honrado\u2026 parece que nunca lo encontr\u00f3].<\/p>\n\n\n\n<p>&nbsp;&nbsp; &nbsp;&nbsp;Bueno, pues muchos dem\u00f3cratas en la capital del estado andan, igual que Di\u00f3genes, buscando a alguien que haya votado por la peor diputada local que ha tenido Xalapa, misma que seg\u00fan el INE obtuvo m\u00e1s de 110,993 sufragios a su favor, contra 110,691 de Am\u00e9rico Z\u00fa\u00f1iga Mart\u00ednez, una diferencia de 302 votos.<\/p>\n\n\n\n<p>&nbsp;&nbsp; &nbsp;&nbsp;Con esas dudas, Am\u00e9rico solicit\u00f3 un juicio ciudadano y los tres partidos de la alianza Fuerza y Coraz\u00f3n por Veracruz presentaron sendos juicios de inconformidad que fueron aceptados por la Sala Regional Xalapa del Tribunal Electoral del Poder Judicial de la Federaci\u00f3n<\/p>\n\n\n\n<p>&nbsp;&nbsp; &nbsp;&nbsp;El magistrado Enrique Figueroa \u00c1vila fall\u00f3 que en ocho casillas se hab\u00eda hecho mal la suma, y por eso se redujo la diferencia inicial a favor de Ana Miriam, que era de 446 sufragios, a los 302 en que va ahora.<\/p>\n\n\n\n<p>&nbsp;&nbsp; &nbsp;&nbsp;Lo que sigue es que el grupo de abogados de Am\u00e9rico, que coordina Jhonny Archer, presente una querella en el Tribunal Electoral del Poder Judicial de la Federaci\u00f3n, en donde se tiene la seguridad de que se volver\u00e1n a ajustar los n\u00fameros y se le dar\u00e1 el triunfo al candidato opositor.<\/p>\n\n\n\n<p>&nbsp;&nbsp; &nbsp;&nbsp;Am\u00e9rico, piensan muchos, es el diputado que se merece Xalapa, tanto por la extraordinaria campa\u00f1a que realiz\u00f3 como por su calidad pol\u00edtica para representar al distrito X federal.<\/p>\n\n\n\n<p>&nbsp;&nbsp; &nbsp;&nbsp;Sigue la moneda en el aire\u2026<\/p>\n\n\n\n<p>sglevet@gmail.com<\/p>\n","protected":false},"excerpt":{"rendered":"<p>&nbsp;Sergio Gonz\u00e1lez Levet &nbsp;Sin tacto Un gran abrazo y todas las felicidades posibles a mi hijo Camilo, en su d\u00eda de d\u00edas. Son varias las personas que cuentan que han visto en Xalapa deambular por las noches la figura de un hombre que se parece a Di\u00f3genes y trae tambi\u00e9n una l\u00e1mpara como la famosa [&hellip;]<\/p>\n","protected":false},"author":2,"featured_media":119911,"comment_status":"closed","ping_status":"closed","sticky":false,"template":"","format":"standard","meta":{"_jetpack_newsletter_access":"","_jetpack_dont_email_post_to_subs":false,"_jetpack_newsletter_tier_id":0,"_jetpack_memberships_contains_paywalled_content":false,"_jetpack_memberships_contains_paid_content":false,"footnotes":""},"categories":[70],"tags":[539],"class_list":["post-127723","post","type-post","status-publish","format-standard","has-post-thumbnail","hentry","category-de-opinion","tag-americo-zuniga-martinez"],"jetpack_featured_media_url":"https:\/\/lospoliticosveracruz.com.mx\/wp-content\/uploads\/2024\/03\/Levet.jpg","jetpack_sharing_enabled":true,"jetpack_shortlink":"https:\/\/wp.me\/p4Qcd3-xe3","_links":{"self":[{"href":"https:\/\/lospoliticosveracruz.com.mx\/index.php?rest_route=\/wp\/v2\/posts\/127723","targetHints":{"allow":["GET"]}}],"collection":[{"href":"https:\/\/lospoliticosveracruz.com.mx\/index.php?rest_route=\/wp\/v2\/posts"}],"about":[{"href":"https:\/\/lospoliticosveracruz.com.mx\/index.php?rest_route=\/wp\/v2\/types\/post"}],"author":[{"embeddable":true,"href":"https:\/\/lospoliticosveracruz.com.mx\/index.php?rest_route=\/wp\/v2\/users\/2"}],"replies":[{"embeddable":true,"href":"https:\/\/lospoliticosveracruz.com.mx\/index.php?rest_route=%2Fwp%2Fv2%2Fcomments&post=127723"}],"version-history":[{"count":1,"href":"https:\/\/lospoliticosveracruz.com.mx\/index.php?rest_route=\/wp\/v2\/posts\/127723\/revisions"}],"predecessor-version":[{"id":127724,"href":"https:\/\/lospoliticosveracruz.com.mx\/index.php?rest_route=\/wp\/v2\/posts\/127723\/revisions\/127724"}],"wp:featuredmedia":[{"embeddable":true,"href":"https:\/\/lospoliticosveracruz.com.mx\/index.php?rest_route=\/wp\/v2\/media\/119911"}],"wp:attachment":[{"href":"https:\/\/lospoliticosveracruz.com.mx\/index.php?rest_route=%2Fwp%2Fv2%2Fmedia&parent=127723"}],"wp:term":[{"taxonomy":"category","embeddable":true,"href":"https:\/\/lospoliticosveracruz.com.mx\/index.php?rest_route=%2Fwp%2Fv2%2Fcategories&post=127723"},{"taxonomy":"post_tag","embeddable":true,"href":"https:\/\/lospoliticosveracruz.com.mx\/index.php?rest_route=%2Fwp%2Fv2%2Ftags&post=127723"}],"curies":[{"name":"wp","href":"https:\/\/api.w.org\/{rel}","templated":true}]}}