{"id":127771,"date":"2024-07-23T06:38:17","date_gmt":"2024-07-23T11:38:17","guid":{"rendered":"https:\/\/lospoliticosveracruz.com.mx\/?p=127771"},"modified":"2024-07-23T06:38:31","modified_gmt":"2024-07-23T11:38:31","slug":"nahle-el-control-total","status":"publish","type":"post","link":"https:\/\/lospoliticosveracruz.com.mx\/?p=127771","title":{"rendered":"NAHLE, EL CONTROL TOTAL"},"content":{"rendered":"\n<p><strong>Ricardo Chua<\/strong><\/p>\n\n\n\n<p><em>Sale y Vale<\/em><\/p>\n\n\n\n<p>Seg\u00fan cuentan en el equipo de transici\u00f3n de la gobernadora electa, Roc\u00edo Nahle.. Que ella ya tiene una evaluaci\u00f3n final de cuales ser\u00e1n los personajes que terminar\u00e1n de integrar el segundo y tercer c\u00edrculo de su gabinete.. Obvio le dio prioridad a los de MORENA.. No lleva consigo, al menos, en este primer periodo que pueden ser los dos primeros a\u00f1os de su administraci\u00f3n.. A ning\u00fan aliado pol\u00edtico que no sea \u00abMoreno\u00bb.. Esos tendr\u00e1n que esperar.. Pero tendr\u00e1n \u00abjuego\u00bb<\/p>\n\n\n\n<p>Esta oportunidad ser\u00e1 en las alcald\u00edas en Veracruz que se llevar\u00e1n a cabo en 2025.. Ah\u00ed ella podr\u00e1 disponer hasta de las candidaturas a sindicaturas y regidur\u00edas adem\u00e1s de direcciones municipales para cumplir esos compromisos pol\u00edticos de campa\u00f1a.. Es decir, que en diciembre pr\u00f3ximo desde Palacio de Gobierno podr\u00edan salir las listas de los candidatos a alcaldes, s\u00edndicos y regidores.. Y todos van \u00abpalomeados\u00bb por ella.. Dif\u00edcilmente alguien se opondr\u00e1 a esta decisi\u00f3n.. Las encuestas, pues, bien gracias..<\/p>\n\n\n\n<p>De esa manera, Nahle tendr\u00e1 el control pol\u00edtico del partido MORENA y de todas las candidaturas a las alcald\u00edas.. Donde se percibe que MORENA va a arrasar en la elecci\u00f3n municipal y que la oposici\u00f3n ser\u00e1 poca.. Por esa raz\u00f3n, el alcalde que llegue a gobernar a partir del 2025, se la deber\u00e1 exclusivamente a la \u00abbuena voluntad\u00bb que tendr\u00e1 la gobernadora con ese candidato.. Y que ser\u00e1 por ella y solamente ella que llega a la silla municipal.. CONTROL TOTAL.. Tal como pasar\u00e1 en el Congreso del Estado..<\/p>\n\n\n\n<p>Esa ser\u00e1 tambi\u00e9n la v\u00eda por lo cual, Nahle cumplir\u00e1 los compromisos pol\u00edticos y electorales que tiene con los partidos que la apoyaron en su campa\u00f1a a gobernadora.. Como son el PVEM, Partido del Trabajo y lo que era Fuerza por M\u00e9xico.. De seguro para \u00abdemocratizar\u00bb la primera elecci\u00f3n municipal que se vivir\u00e1 en su gobierno.. Muchos de los candidatos postulados por estos partidos.. Ser\u00e1n seguramente los que ganen en la gran mayor\u00eda de los municipios.. As\u00ed no se dir\u00e1 que hubo \u00abElecci\u00f3n de Estado\u00bb..<\/p>\n\n\n\n<p>REFLEXI\u00d3N.. La \u00fanica reflexi\u00f3n que queda en este escenario.. Es que si alg\u00fan aspirante a alcalde, s\u00edndico o regidor de MORENA, PVEM o PT.. No cuenta con la \u00abbendici\u00f3n\u00bb o la \u00abvenia\u00bb de la que mandar\u00e1 a partir del 1 de diciembre pr\u00f3ximo en Palacio de Gobierno de Xalapa.. Que ni gasten, ni se desgasten porque NO SER\u00c1N NOMINADOS.. As\u00ed sean m\u00e1s populares que la \u00abCasa de los Famosos\u00bb en su municipio.. No ser\u00e1n postulados y \u00abperder\u00e1n\u00bb la encuesta.. EL QUE ENTENDI\u00d3, ENTENDI\u00d3..<\/p>\n\n\n\n<p>OJO.. Adem\u00e1s en este momento, Roc\u00edo Nahle estar\u00e1 inmersa en la campa\u00f1a interna de MORENA para que sea Luisa Mar\u00eda Alcalde, actual secretaria de Gobernaci\u00f3n, la futura l\u00edder nacional de este partido.. Tal como lo ha manifestado la propia Claudia Shienbaum y el propio Presidente, Andr\u00e9s Manuel L\u00f3pez Obrador.. Ya hasta Mario Delgado dijo que ser\u00eda ungida en la pr\u00f3xima convenci\u00f3n de delegados.. Y los gobernadores en funciones y electos, estar\u00e1n trabajando en este proyecto Presidencial..<\/p>\n\n\n\n<p>Pero es un hecho que ser\u00e1 su vocero, Jes\u00fas Ram\u00edrez Cuevas, el secretario General de MORENA. Con eso, L\u00f3pez Obrador se apodera del partido pol\u00edtico.. Y lo mismo ser\u00e1 en los 23 estados del pa\u00eds donde gobiernan los Morenos.. Y, Veracruz no ser\u00e1 la excepci\u00f3n tanto con Cuitl\u00e1huac Garc\u00eda como con Roc\u00edo Nahle.. De esa manera, \u00abLa T\u00eda Chio\u00bb deber\u00e1 mandar un candidato de unidad, dejando en lugar de Esteban Ram\u00edrez Zepeta, un personaje allegado a AMLO para que conduzca las presidencias municipales..<\/p>\n\n\n\n<p>Que repetimos ser\u00e1 su primer proceso como gobernadora y que se tendr\u00e1 que sentir \u00abla mano\u00bb de ella para nominar a los candidatos de su preferencia.. Ya que ser\u00e1n los que la acompa\u00f1en en los primeros 4 a\u00f1os de su gobierno y que ser\u00e1n de toda su confianza.. Y que se supone no ser\u00e1 ninguno de Cuitl\u00e1huac y de nadie.. Ah\u00ed puede darse el \u00abquiebre\u00bb final entre Cuitl\u00e1huac y Roc\u00edo por los procesos internos de las municipales.. Ya que el gobernador ha adelantado sus fichas con sus primos y personajes afines.. PEROOOO..<\/p>\n\n\n\n<p>Se ve muy dif\u00edcil que se le puedan imponer a Nahle, pese al \u00abvac\u00edo de poder\u00bb que tiene la gobernadora electa porque ella llega al gobierno hasta diciembre.. Y ya desde ah\u00ed habr\u00e1 cambio de fichas y cambio de juego.. Ya que como gobernadora en funciones, impulsar\u00e1 a sus candidatos a las alcald\u00edas.. Eso sin descartar que posiblemente todos los delegados federales que operan en Veracruz.. Tendr\u00e1n su \u00abven\u00eda\u00bb o designados por ella tambi\u00e9n.. Ya que todos los delegados operaran para Roc\u00edo Nahle para ganar las alcald\u00edas en 2025.. LOS JUGADORES CAMBIAN, EL JUEGO NO..<\/p>\n","protected":false},"excerpt":{"rendered":"<p>Ricardo Chua Sale y Vale Seg\u00fan cuentan en el equipo de transici\u00f3n de la gobernadora electa, Roc\u00edo Nahle.. Que ella ya tiene una evaluaci\u00f3n final de cuales ser\u00e1n los personajes que terminar\u00e1n de integrar el segundo y tercer c\u00edrculo de su gabinete.. Obvio le dio prioridad a los de MORENA.. No lleva consigo, al menos, [&hellip;]<\/p>\n","protected":false},"author":2,"featured_media":119817,"comment_status":"closed","ping_status":"closed","sticky":false,"template":"","format":"standard","meta":{"_jetpack_newsletter_access":"","_jetpack_dont_email_post_to_subs":false,"_jetpack_newsletter_tier_id":0,"_jetpack_memberships_contains_paywalled_content":false,"_jetpack_memberships_contains_paid_content":false,"footnotes":""},"categories":[70],"tags":[618,1026,8016,264,3578,195],"class_list":["post-127771","post","type-post","status-publish","format-standard","has-post-thumbnail","hentry","category-de-opinion","tag-andres-manuel-lopez-obrador","tag-morena","tag-presidencias-municipales","tag-pvem","tag-rocio-nahle","tag-veracruz"],"jetpack_featured_media_url":"https:\/\/lospoliticosveracruz.com.mx\/wp-content\/uploads\/2024\/03\/Ricardo-Chua.jpg","jetpack_sharing_enabled":true,"jetpack_shortlink":"https:\/\/wp.me\/p4Qcd3-xeP","_links":{"self":[{"href":"https:\/\/lospoliticosveracruz.com.mx\/index.php?rest_route=\/wp\/v2\/posts\/127771","targetHints":{"allow":["GET"]}}],"collection":[{"href":"https:\/\/lospoliticosveracruz.com.mx\/index.php?rest_route=\/wp\/v2\/posts"}],"about":[{"href":"https:\/\/lospoliticosveracruz.com.mx\/index.php?rest_route=\/wp\/v2\/types\/post"}],"author":[{"embeddable":true,"href":"https:\/\/lospoliticosveracruz.com.mx\/index.php?rest_route=\/wp\/v2\/users\/2"}],"replies":[{"embeddable":true,"href":"https:\/\/lospoliticosveracruz.com.mx\/index.php?rest_route=%2Fwp%2Fv2%2Fcomments&post=127771"}],"version-history":[{"count":1,"href":"https:\/\/lospoliticosveracruz.com.mx\/index.php?rest_route=\/wp\/v2\/posts\/127771\/revisions"}],"predecessor-version":[{"id":127772,"href":"https:\/\/lospoliticosveracruz.com.mx\/index.php?rest_route=\/wp\/v2\/posts\/127771\/revisions\/127772"}],"wp:featuredmedia":[{"embeddable":true,"href":"https:\/\/lospoliticosveracruz.com.mx\/index.php?rest_route=\/wp\/v2\/media\/119817"}],"wp:attachment":[{"href":"https:\/\/lospoliticosveracruz.com.mx\/index.php?rest_route=%2Fwp%2Fv2%2Fmedia&parent=127771"}],"wp:term":[{"taxonomy":"category","embeddable":true,"href":"https:\/\/lospoliticosveracruz.com.mx\/index.php?rest_route=%2Fwp%2Fv2%2Fcategories&post=127771"},{"taxonomy":"post_tag","embeddable":true,"href":"https:\/\/lospoliticosveracruz.com.mx\/index.php?rest_route=%2Fwp%2Fv2%2Ftags&post=127771"}],"curies":[{"name":"wp","href":"https:\/\/api.w.org\/{rel}","templated":true}]}}