{"id":127775,"date":"2024-07-23T09:02:29","date_gmt":"2024-07-23T14:02:29","guid":{"rendered":"https:\/\/lospoliticosveracruz.com.mx\/?p=127775"},"modified":"2024-07-23T09:02:38","modified_gmt":"2024-07-23T14:02:38","slug":"los-datos-del-secuestro-en-veracruz","status":"publish","type":"post","link":"https:\/\/lospoliticosveracruz.com.mx\/?p=127775","title":{"rendered":"LOS DATOS DEL SECUESTRO EN VERACRUZ"},"content":{"rendered":"\n<p><strong>Luis Alberto Romero<\/strong><\/p>\n\n\n\n<p>Hora cero<\/p>\n\n\n\n<p>La organizaci\u00f3n no gubernamental Alto al Secuestro dio a conocer su m\u00e1s reciente reporte sobre la incidencia de dicho delito.<\/p>\n\n\n\n<p>El secuestro es un delito de alto impacto que generalmente dispara la percepci\u00f3n de inseguridad.<\/p>\n\n\n\n<figure class=\"wp-block-image size-large\"><a href=\"https:\/\/lospoliticosveracruz.com.mx\/wp-content\/uploads\/2016\/07\/Seguro-Julio-Cerecedo-2.jpg\"><img decoding=\"async\" src=\"https:\/\/lospoliticosveracruz.com.mx\/wp-content\/uploads\/2016\/07\/Seguro-Julio-Cerecedo-2-1024x381.jpg\" alt=\"\" class=\"wp-image-105879\"\/><\/a><\/figure>\n\n\n\n<p>En su actualizaci\u00f3n de datos, al corte de junio pasado, dicha ONG encabezada por Isabel Miranda de Wallace ubica a Veracruz con nueve casos en el sexto mes del a\u00f1o.<\/p>\n\n\n\n<p>Es una de las entidades con m\u00e1s casos, s\u00f3lo superada por Ciudad de M\u00e9xico, con 12, aunque Veracruz no se ubica entre las cinco que registran las tasas de incidencia m\u00e1s elevadas.<\/p>\n\n\n\n<p>En todo el pa\u00eds, durante junio se integraron 90 carpetas de investigaci\u00f3n en las fiscal\u00edas y procuradur\u00edas estatales por el delito de secuestro.<\/p>\n\n\n\n<p>El reporte de Alto al Secuestro indica que en 13 estados del pa\u00eds se registr\u00f3 un incremento en el n\u00famero de casos. Veracruz fue la segunda entidad d\u00f3nde m\u00e1s aumentaron, al pasar de 2 en mayo a 9 en junio.<\/p>\n\n\n\n<p>Otro dato que destaca es que Veracruz encabeza la lista de entidades con m\u00e1s casos de secuestro acumulados entre diciembre de 2018 y junio del presente a\u00f1o. De acuerdo con la fuente, en ese lapso de registraron mil 46 secuestros en este estado.<\/p>\n\n\n\n<p>Tambi\u00e9n encabeza Veracruz, en el acumulado sexenal, la lista de los estados con las m\u00e1s altas tasas de secuestro, con 12.97 casos por cada 100 mil habitantes.<\/p>\n\n\n\n<p>Cinco entidades, Veracruz, Estado de M\u00e9xico, Ciudad de M\u00e9xico, Puebla y Chihuahua, concentran el 46 por ciento del total nacional de casos.<\/p>\n\n\n\n<p>Oficialmente, sin embargo, hay menos casos que los reportados por Alto al Secuestro: durante el primer semestre del presente a\u00f1o, por ejemplo, en la Fiscal\u00eda General del Estado se integraron 18 carpetas de investigaci\u00f3n por este delito.<\/p>\n\n\n\n<p>Alto al Secuestro reporta 9 casos en Veracruz durante junio; la fiscal\u00eda, sin embargo, s\u00f3lo reconoce 6.<\/p>\n\n\n\n<p>Cifras oficiales reportan que entre diciembre de 2018, inicio de la actual administraci\u00f3n, y el m\u00e1s reciente corte de junio, en Veracruz se denunciaron 589 secuestros, para un promedio de 8.7 cada mes.<\/p>\n\n\n\n<p>El primer a\u00f1o del actual gobierno estatal, Veracruz registr\u00f3 casi 300 casos de este delito; a partir de ah\u00ed, la reducci\u00f3n en el n\u00famero de casos ha sido sistem\u00e1tica: en los \u00faltimos 2 a\u00f1os y medio, los 30 meses de 2022 a 2024, el promedio mensual se ubica en 2.7; nada mal, sobre todo si se considera que el promedio por mes del bienio de Miguel \u00c1ngel Yunes Linares fue de 19.7, el m\u00e1s alto de la \u00faltima d\u00e9cada.<\/p>\n\n\n\n<p>En t\u00e9rminos generales el \u00edndice del secuestro se ha reducido en Veracruz, aunque el tema se mantiene como una de las principales preocupaciones de la autoridad y de la agenda estatal, debido a que se trata de un delito que, al igual que el homicidio doloso, dispara la percepci\u00f3n de inseguridad.<\/p>\n\n\n\n<p>@luisromero85<\/p>\n","protected":false},"excerpt":{"rendered":"<p>Luis Alberto Romero Hora cero La organizaci\u00f3n no gubernamental Alto al Secuestro dio a conocer su m\u00e1s reciente reporte sobre la incidencia de dicho delito. El secuestro es un delito de alto impacto que generalmente dispara la percepci\u00f3n de inseguridad. En su actualizaci\u00f3n de datos, al corte de junio pasado, dicha ONG encabezada por Isabel [&hellip;]<\/p>\n","protected":false},"author":2,"featured_media":119912,"comment_status":"closed","ping_status":"closed","sticky":false,"template":"","format":"standard","meta":{"_jetpack_newsletter_access":"","_jetpack_dont_email_post_to_subs":false,"_jetpack_newsletter_tier_id":0,"_jetpack_memberships_contains_paywalled_content":false,"_jetpack_memberships_contains_paid_content":false,"footnotes":""},"categories":[70],"tags":[1026,195],"class_list":["post-127775","post","type-post","status-publish","format-standard","has-post-thumbnail","hentry","category-de-opinion","tag-morena","tag-veracruz"],"jetpack_featured_media_url":"https:\/\/lospoliticosveracruz.com.mx\/wp-content\/uploads\/2024\/03\/Luis-Romero.jpg","jetpack_sharing_enabled":true,"jetpack_shortlink":"https:\/\/wp.me\/p4Qcd3-xeT","_links":{"self":[{"href":"https:\/\/lospoliticosveracruz.com.mx\/index.php?rest_route=\/wp\/v2\/posts\/127775","targetHints":{"allow":["GET"]}}],"collection":[{"href":"https:\/\/lospoliticosveracruz.com.mx\/index.php?rest_route=\/wp\/v2\/posts"}],"about":[{"href":"https:\/\/lospoliticosveracruz.com.mx\/index.php?rest_route=\/wp\/v2\/types\/post"}],"author":[{"embeddable":true,"href":"https:\/\/lospoliticosveracruz.com.mx\/index.php?rest_route=\/wp\/v2\/users\/2"}],"replies":[{"embeddable":true,"href":"https:\/\/lospoliticosveracruz.com.mx\/index.php?rest_route=%2Fwp%2Fv2%2Fcomments&post=127775"}],"version-history":[{"count":2,"href":"https:\/\/lospoliticosveracruz.com.mx\/index.php?rest_route=\/wp\/v2\/posts\/127775\/revisions"}],"predecessor-version":[{"id":127777,"href":"https:\/\/lospoliticosveracruz.com.mx\/index.php?rest_route=\/wp\/v2\/posts\/127775\/revisions\/127777"}],"wp:featuredmedia":[{"embeddable":true,"href":"https:\/\/lospoliticosveracruz.com.mx\/index.php?rest_route=\/wp\/v2\/media\/119912"}],"wp:attachment":[{"href":"https:\/\/lospoliticosveracruz.com.mx\/index.php?rest_route=%2Fwp%2Fv2%2Fmedia&parent=127775"}],"wp:term":[{"taxonomy":"category","embeddable":true,"href":"https:\/\/lospoliticosveracruz.com.mx\/index.php?rest_route=%2Fwp%2Fv2%2Fcategories&post=127775"},{"taxonomy":"post_tag","embeddable":true,"href":"https:\/\/lospoliticosveracruz.com.mx\/index.php?rest_route=%2Fwp%2Fv2%2Ftags&post=127775"}],"curies":[{"name":"wp","href":"https:\/\/api.w.org\/{rel}","templated":true}]}}