{"id":128475,"date":"2024-08-08T18:41:38","date_gmt":"2024-08-08T23:41:38","guid":{"rendered":"https:\/\/lospoliticosveracruz.com.mx\/?p=128475"},"modified":"2024-08-08T18:41:45","modified_gmt":"2024-08-08T23:41:45","slug":"el-puerto-de-primera","status":"publish","type":"post","link":"https:\/\/lospoliticosveracruz.com.mx\/?p=128475","title":{"rendered":"EL PUERTO, DE PRIMERA!"},"content":{"rendered":"\n<p><\/p>\n\n\n\n<p><strong>Veracruz<\/strong><br>La alcaldesa Paty Lobeira, acompa\u00f1ada por los directores de las \u00e1reas operativas del Ayuntamiento, realiz\u00f3 un recorrido de supervisi\u00f3n de los trabajos de mantenimiento que se realizan en los accesos principales de Veracruz para ofrecer a los visitantes y locales una ciudad bonita, limpia y ordenada.<\/p>\n\n\n\n<p>Durante el recorrido, que inici\u00f3 en el distribuidor del aeropuerto internacional Heriberto Jara Corona, una de las entradas m\u00e1s importantes a la ciudad, la Alcaldesa inform\u00f3 que tambi\u00e9n se ha trabajado en el acceso de Tejer\u00eda hasta el Distribuidor Boticaria, el acceso de la zona de Cabeza Olmeca hasta la calle Allende, y en la entrada de Rafael Cuervo y Fidel Vel\u00e1zquez hasta llegar al puente Morelos. \u201cEsos tres accesos a la ciudad han quedado ya limpios, chapeados y pintados\u201d, asegur\u00f3.<\/p>\n\n\n\n<p>Destac\u00f3 que se realizan acciones de limpieza, chapeo, mantenimiento de \u00e1reas verdes en camellones, banquetas y distribuidores; reforestaci\u00f3n, pintura vial, rehabilitaci\u00f3n de luminarias, trabajos de bacheo, desazolve y rehabilitaci\u00f3n de rejillas y tragatormentas, as\u00ed como la construcci\u00f3n de banquetas y guarniciones.<\/p>\n\n\n\n<p>\u201cSi ustedes llegan a la ciudad y ven los accesos bien chapeados, los \u00e1rboles y el pasto bien podados, limpios los camellones y todo el dise\u00f1o de plantas que tenemos en la ciudad es gracias al personal que est\u00e1 todos los d\u00edas trabajando. Es importante porque eso le da un sentido de orden a la ciudad, hace que la ciudad se vea limpia\u201d, afirm\u00f3<\/p>\n\n\n\n<p>La Alcaldesa tambi\u00e9n resalt\u00f3 que se ha trabajado en obras menores, como por ejemplo en la avenida Ej\u00e9rcito Mexicano, frente a Home Depot, donde se hac\u00eda un encharcamiento y eso da\u00f1aba la vialidad y la calle. Se meti\u00f3 un drenaje pluvial hasta la intersecci\u00f3n del Canal de la Zamorana, que est\u00e1 a unos 250 metros, y esto hace que ya no se encharque.<\/p>\n\n\n\n<p>Asimismo, en Ej\u00e9rcito Mexicano, entre el puente Bicentenario y el puente de Cabeza Olmeca, se ten\u00eda tambi\u00e9n otro problema de encharcamiento, y se hizo una obra de un kil\u00f3metro para llevar esa agua al colector de Miguel Alem\u00e1n. Ya est\u00e1 terminada la obra, que evitar\u00e1 encharcamientos y la obstrucci\u00f3n del tr\u00e1fico de salida de la ciudad.<\/p>\n\n\n\n<p>Otra obra que se realiz\u00f3 fue la construcci\u00f3n de la banqueta de m\u00e1s de un kil\u00f3metro sobre la carretera Veracruz-Xalapa, en el tramo comprendido del distribuidor vial del aeropuerto hasta el sem\u00e1foro de la Central de Abasto.<\/p>\n\n\n\n<p>Subray\u00f3 que estos trabajos est\u00e1n coordinados por las \u00e1reas operativas, como son las direcciones de Obras P\u00fablicas, Mantenimiento Vial, Espacios P\u00fablicos, Limpia P\u00fablica, Alumbrado P\u00fablico y Movilidad Urbana.<\/p>\n\n\n\n<p>\u201cHacemos un esfuerzo muy grande, todas las \u00e1reas del Ayuntamiento, en bacheo, chapeo, en tener la ciudad iluminada, en la pintura vial, que son cosas que a veces nosotros damos por sentado, pero es un esfuerzo que hemos hecho como ayuntamiento diario para tener una ciudad cada d\u00eda m\u00e1s bonita, m\u00e1s limpia, m\u00e1s ordenada y m\u00e1s organizada\u201d, concluy\u00f3 la alcaldesa Paty Lobeira.<\/p>\n","protected":false},"excerpt":{"rendered":"<p>VeracruzLa alcaldesa Paty Lobeira, acompa\u00f1ada por los directores de las \u00e1reas operativas del Ayuntamiento, realiz\u00f3 un recorrido de supervisi\u00f3n de los trabajos de mantenimiento que se realizan en los accesos principales de Veracruz para ofrecer a los visitantes y locales una ciudad bonita, limpia y ordenada. Durante el recorrido, que inici\u00f3 en el distribuidor del [&hellip;]<\/p>\n","protected":false},"author":2,"featured_media":0,"comment_status":"closed","ping_status":"closed","sticky":false,"template":"","format":"standard","meta":{"_jetpack_newsletter_access":"","_jetpack_dont_email_post_to_subs":false,"_jetpack_newsletter_tier_id":0,"_jetpack_memberships_contains_paywalled_content":false,"_jetpack_memberships_contains_paid_content":false,"footnotes":""},"categories":[73],"tags":[],"class_list":["post-128475","post","type-post","status-publish","format-standard","hentry","category-de-boleto"],"jetpack_featured_media_url":"","jetpack_sharing_enabled":true,"jetpack_shortlink":"https:\/\/wp.me\/p4Qcd3-xqb","_links":{"self":[{"href":"https:\/\/lospoliticosveracruz.com.mx\/index.php?rest_route=\/wp\/v2\/posts\/128475","targetHints":{"allow":["GET"]}}],"collection":[{"href":"https:\/\/lospoliticosveracruz.com.mx\/index.php?rest_route=\/wp\/v2\/posts"}],"about":[{"href":"https:\/\/lospoliticosveracruz.com.mx\/index.php?rest_route=\/wp\/v2\/types\/post"}],"author":[{"embeddable":true,"href":"https:\/\/lospoliticosveracruz.com.mx\/index.php?rest_route=\/wp\/v2\/users\/2"}],"replies":[{"embeddable":true,"href":"https:\/\/lospoliticosveracruz.com.mx\/index.php?rest_route=%2Fwp%2Fv2%2Fcomments&post=128475"}],"version-history":[{"count":1,"href":"https:\/\/lospoliticosveracruz.com.mx\/index.php?rest_route=\/wp\/v2\/posts\/128475\/revisions"}],"predecessor-version":[{"id":128477,"href":"https:\/\/lospoliticosveracruz.com.mx\/index.php?rest_route=\/wp\/v2\/posts\/128475\/revisions\/128477"}],"wp:attachment":[{"href":"https:\/\/lospoliticosveracruz.com.mx\/index.php?rest_route=%2Fwp%2Fv2%2Fmedia&parent=128475"}],"wp:term":[{"taxonomy":"category","embeddable":true,"href":"https:\/\/lospoliticosveracruz.com.mx\/index.php?rest_route=%2Fwp%2Fv2%2Fcategories&post=128475"},{"taxonomy":"post_tag","embeddable":true,"href":"https:\/\/lospoliticosveracruz.com.mx\/index.php?rest_route=%2Fwp%2Fv2%2Ftags&post=128475"}],"curies":[{"name":"wp","href":"https:\/\/api.w.org\/{rel}","templated":true}]}}