{"id":129016,"date":"2024-08-23T08:12:04","date_gmt":"2024-08-23T13:12:04","guid":{"rendered":"https:\/\/lospoliticosveracruz.com.mx\/?p=129016"},"modified":"2024-08-23T08:12:32","modified_gmt":"2024-08-23T13:12:32","slug":"le-cortaron-las-alitas","status":"publish","type":"post","link":"https:\/\/lospoliticosveracruz.com.mx\/?p=129016","title":{"rendered":"LE CORTARON LAS ALITAS!"},"content":{"rendered":"\n<p><strong>Oved Contreras<\/strong><\/p>\n\n\n\n<p><em>Secas Mecas<\/em><\/p>\n\n\n\n<p>Andaba ansioso por dejar tirado el changarro para moverse al gabinetazo de Claudia Sheinbaum\u2026hasta adelant\u00f3 su informe para dar tr\u00e1mite a su licencia ante el Congreso pero le cortaron las alitas a la mosca y le dijeron \u201cnanais\u201d: usted se queda a terminar y a entregarle a do\u00f1a Zacatl\u00e1n de las Manzanas\u2026juar juar juar.<\/p>\n\n\n\n<p>El gobernador saliente Cuitl\u00e1huac Garc\u00eda ten\u00eda pr\u00e1cticamente todo listo para pedir licencia y dejarle el changarro a un sustituto incluso adelant\u00f3 su informe tres meses para incorporarse al gobierno federal pero le jalaron las orejas y anunci\u00f3 que siempre no se va y que, seg\u00fan \u00e9l, le pidi\u00f3 a la presidenta electa Claudia Sheinbaum le permita concluir su gesti\u00f3n hasta el 30 de noviembre, para incorporarse a su equipo en diciembre.<\/p>\n\n\n\n<p>El Gobernante morenista admiti\u00f3 que le solicit\u00f3 \u201cun poco de tiempo\u201d a Sheinbaum Pardo antes de incorporarse al cargo que le asignar\u00e1n en la pr\u00f3xima administraci\u00f3n estatal, la direcci\u00f3n general de la Comisi\u00f3n Nacional para el Uso Eficiente de la Energ\u00eda (CONAUEE), \u201cy la presidenta tiene la palabra, por eso ped\u00ed un poco de tiempo, porque quiero entregar cosas. Por ejemplo, en septiembre vamos a entregar varias cosas importantes y quiero que nos den ese tiempo y lo que hemos visto es que la presidenta est\u00e1 arrancando con todo\u201d.<\/p>\n\n\n\n<p>CON LA CUCHARA GRANDE\u2026son trompudos y cochinos\u2026la Secretar\u00eda de Infraestructura y Obra P\u00fablica (SIOP) inici\u00f3 trabajos de pavimentaci\u00f3n e introducci\u00f3n de red de drenaje en el \u00e1rea natural protegida para beneficiar a funcionarios estatales con propiedades en la zona, entre ellos, el propio gobernador Cuitl\u00e1huac Garc\u00eda Jim\u00e9nez.<\/p>\n\n\n\n<p>En publicaciones en redes sociales, vecinos de la zona se\u00f1alaron al Ayuntamiento de Banderilla de autorizar el cambio de uso de suelo y que desde esta misma semana entr\u00f3 maquinaria de la SIOP para talar \u00e1rboles y urbanizar las \u00e1reas verdes\u2026el espacio que se va a pavimentar \u201ccomunica terrenos y casas de funcionarios de la administraci\u00f3n p\u00fablica estatal, incluido el gobernador Cuitl\u00e1huac Garc\u00eda\u201d.<\/p>\n\n\n\n<p>Los vecinos lanzaron una llamada de alerta para denunciar que la obra se va a hacer en una reserva para beneficiar al gobernador que compr\u00f3 terrenos, as\u00ed mismo la calle va a desembocar a un punto donde est\u00e1 la casa del titular de la Comisi\u00f3n de Agua del Estado de Veracruz (CAEV), Jorge Ladr\u00f3n de Guevara Ben\u00edtez, adem\u00e1s de que en la zona tienen terrenos Eleazar Guerrero, primo del gobernador, as\u00ed como sus hermanos, el m\u00e9dico y el maestro del CBTIS de Banderilla, el expresidente municipal de Banderilla Esteban Acosta.<\/p>\n\n\n\n<p>Tambi\u00e9n corre la versi\u00f3n que el actual presidente municipal compr\u00f3 un rancho en esa zona con un valor de 4 millones de pesos\u2026la SIOP coloc\u00f3 una lona en la zona, donde se especifica que la obra ser\u00e1 de 950 metros lo que incluye Pavimentaci\u00f3n del camino a La Martinica del kil\u00f3metro 0+000 al +950 en la localidad de Banderilla, municipio de Banderilla, y se invertir\u00e1n recursos de libre disposici\u00f3n del 2023 de derivados financieros SWAP, es decir, que se obtuvieron por la cobertura de tasas de inter\u00e9s de cr\u00e9ditos que obtuvo el estado.<\/p>\n\n\n\n<p>Otra lona cercana indica que el predio es un \u00e1rea ecol\u00f3gica natural protegida y que est\u00e1 prohibida la extracci\u00f3n de agua del arroyo, le\u00f1a, plantas, tirar basura y escombros, la cual fue puesta por la actual administraci\u00f3n municipal y donde los polic\u00edas intimidaban a los ciudadanos que iban por agua de los nacimientos del \u00e1rea durante la temporada de estiaje.<\/p>\n\n\n\n<p>Los vecinos alertaron que la dependencia ya subi\u00f3 tuber\u00eda para la obra y a una vecina se le prohibi\u00f3 hacer un muro de contenci\u00f3n y esta obra, que est\u00e1 provocando la tala de \u00e1rboles, s\u00ed la permitieron y ya la est\u00e1n realizando sin mostrar permisos de impacto ambiental\u2026Justo en el camino que se va a pavimentar est\u00e1 el terreno del gobernador Cuitl\u00e1huac Garc\u00eda, y lo saben porque en horario laboral acud\u00eda, acompa\u00f1ado de sus guaruras, a chapear el terreno.<\/p>\n\n\n\n<p>LISSETHE ADELANTE\u2026de todos los regidores de Morena en el puerto de Veracruz hay que reconocer a quienes trabajan, porque son contados qu\u00e9 los que llegaron han sido por su trabajo y no compadrazgo\u2026la m\u00e1s activa entre ellos es Lissethe Mart\u00ednez, quien se ha echado buenos rounds en Cabildo, y adem\u00e1s proponiendo temas de inter\u00e9s no solo peleando por colores partidistas sino siempre anteponiendo el inter\u00e9s ciudadano.<\/p>\n\n\n\n<p>Ayer durante la Sesi\u00f3n Ordinaria de Cabildo, la edil solicit\u00f3 a la Alcaldesa Paty Lobeira sea considerado regresar el presupuesto al Immuver Oficial para que las mujeres del municipio tengan un espacio digno donde las puedan atender de la mejor manera\u2026se hab\u00eda contemplado redirigir cinco millones de pesos etiquetados del instituto para otras \u00e1reas.<\/p>\n\n\n\n<p>Lissethe Mart\u00ednez destac\u00f3 el papel que ha desarrollado Blanca Aquino como directora del Instituto Municipal de la Mujer as\u00ed como todos los programas de apoyo que se pusieron en marcha para todas las f\u00e9minas as\u00ed que consider\u00f3 importante no quitarle recursos al Inmuver sino fortalecerlo m\u00e1s\u2026la regidora es un activo pol\u00edtico importante para la 4T en el puerto de Veracruz.<\/p>\n","protected":false},"excerpt":{"rendered":"<p>Oved Contreras Secas Mecas Andaba ansioso por dejar tirado el changarro para moverse al gabinetazo de Claudia Sheinbaum\u2026hasta adelant\u00f3 su informe para dar tr\u00e1mite a su licencia ante el Congreso pero le cortaron las alitas a la mosca y le dijeron \u201cnanais\u201d: usted se queda a terminar y a entregarle a do\u00f1a Zacatl\u00e1n de las [&hellip;]<\/p>\n","protected":false},"author":2,"featured_media":119816,"comment_status":"closed","ping_status":"closed","sticky":false,"template":"","format":"standard","meta":{"_jetpack_newsletter_access":"","_jetpack_dont_email_post_to_subs":false,"_jetpack_newsletter_tier_id":0,"_jetpack_memberships_contains_paywalled_content":false,"_jetpack_memberships_contains_paid_content":false,"footnotes":""},"categories":[70],"tags":[277,1563,35099,1026,342,195],"class_list":["post-129016","post","type-post","status-publish","format-standard","has-post-thumbnail","hentry","category-de-opinion","tag-coatepec","tag-cuitlahuac-garcia-jimenez","tag-lissethe-martinez","tag-morena","tag-siop","tag-veracruz"],"jetpack_featured_media_url":"https:\/\/lospoliticosveracruz.com.mx\/wp-content\/uploads\/2024\/03\/Oved-Contreras.jpg","jetpack_sharing_enabled":true,"jetpack_shortlink":"https:\/\/wp.me\/p4Qcd3-xyU","_links":{"self":[{"href":"https:\/\/lospoliticosveracruz.com.mx\/index.php?rest_route=\/wp\/v2\/posts\/129016","targetHints":{"allow":["GET"]}}],"collection":[{"href":"https:\/\/lospoliticosveracruz.com.mx\/index.php?rest_route=\/wp\/v2\/posts"}],"about":[{"href":"https:\/\/lospoliticosveracruz.com.mx\/index.php?rest_route=\/wp\/v2\/types\/post"}],"author":[{"embeddable":true,"href":"https:\/\/lospoliticosveracruz.com.mx\/index.php?rest_route=\/wp\/v2\/users\/2"}],"replies":[{"embeddable":true,"href":"https:\/\/lospoliticosveracruz.com.mx\/index.php?rest_route=%2Fwp%2Fv2%2Fcomments&post=129016"}],"version-history":[{"count":1,"href":"https:\/\/lospoliticosveracruz.com.mx\/index.php?rest_route=\/wp\/v2\/posts\/129016\/revisions"}],"predecessor-version":[{"id":129017,"href":"https:\/\/lospoliticosveracruz.com.mx\/index.php?rest_route=\/wp\/v2\/posts\/129016\/revisions\/129017"}],"wp:featuredmedia":[{"embeddable":true,"href":"https:\/\/lospoliticosveracruz.com.mx\/index.php?rest_route=\/wp\/v2\/media\/119816"}],"wp:attachment":[{"href":"https:\/\/lospoliticosveracruz.com.mx\/index.php?rest_route=%2Fwp%2Fv2%2Fmedia&parent=129016"}],"wp:term":[{"taxonomy":"category","embeddable":true,"href":"https:\/\/lospoliticosveracruz.com.mx\/index.php?rest_route=%2Fwp%2Fv2%2Fcategories&post=129016"},{"taxonomy":"post_tag","embeddable":true,"href":"https:\/\/lospoliticosveracruz.com.mx\/index.php?rest_route=%2Fwp%2Fv2%2Ftags&post=129016"}],"curies":[{"name":"wp","href":"https:\/\/api.w.org\/{rel}","templated":true}]}}