{"id":129052,"date":"2024-08-23T16:54:29","date_gmt":"2024-08-23T21:54:29","guid":{"rendered":"https:\/\/lospoliticosveracruz.com.mx\/?p=129052"},"modified":"2024-08-23T16:54:53","modified_gmt":"2024-08-23T21:54:53","slug":"caev-tiene-seco-a-tlacotalpan","status":"publish","type":"post","link":"https:\/\/lospoliticosveracruz.com.mx\/?p=129052","title":{"rendered":"CAEV TIENE SECO A TLACOTALPAN!"},"content":{"rendered":"\n<p><\/p>\n\n\n\n<p>Los habitantes de la llamada \u201cPerla del Papaloapan\u201d de la Ciudad Patrimonio Cultural de la Humanidad exigen al Gobierno del Estado que encabeza el gobernador Cuitl\u00e1huac Garc\u00eda Jim\u00e9nez y en especial al titular de la operadora Tlacotalpan a cargo de Guillermo Rodr\u00edguez Dom\u00ednguez deje de hacerse \u201ctonto\u201d y pida auxilio al Gobierno del Estado para solucionar el problema que por ineptitud no ha logrado solucionar limitando la distribuci\u00f3n del vital l\u00edquido a los habitantes.<\/p>\n\n\n\n<p>Desde hace m\u00e1s de 12 horas a este viernes 23 de agosto la Comisi\u00f3n de Agua del Estado de Veracruz tiene sin agua a Tlacotalpan. El titular de la oficina operadora, Guillermo Rodr\u00edguez Dom\u00ednguez asegura que cuando no hay servicio es por la inconsistencia de la energ\u00eda el\u00e9ctrica, sin embargo, el servicio de luz no ha fallado este viernes y aun as\u00ed no hay agua en los hogares.<\/p>\n\n\n\n<p>Es demasiado grave la situaci\u00f3n que se vive con CAEV en Tlacotalpan desde hace meses con la inconsistencia del suministro. adem\u00e1s, el vital l\u00edquido es sucio, apestoso y asqueroso.<\/p>\n\n\n\n<p>Es urgente que el profesor Guillermo Rodr\u00edguez Dom\u00ednguez atienda esta situaci\u00f3n y pida ayuda al gobierno del estado a trav\u00e9s de la CAEV y su titular Jorge Ladr\u00f3n de Guevara Ben\u00edtez, sin embargo, su actuar como jefe local ha sido nefasto, es tachado por el pueblo de inepto y holgaz\u00e1n; incluso se\u00f1alan que casi no est\u00e1 en las oficinas y evita dar la cara a los usuarios.<\/p>\n","protected":false},"excerpt":{"rendered":"<p>Los habitantes de la llamada \u201cPerla del Papaloapan\u201d de la Ciudad Patrimonio Cultural de la Humanidad exigen al Gobierno del Estado que encabeza el gobernador Cuitl\u00e1huac Garc\u00eda Jim\u00e9nez y en especial al titular de la operadora Tlacotalpan a cargo de Guillermo Rodr\u00edguez Dom\u00ednguez deje de hacerse \u201ctonto\u201d y pida auxilio al Gobierno del Estado para [&hellip;]<\/p>\n","protected":false},"author":2,"featured_media":0,"comment_status":"closed","ping_status":"closed","sticky":false,"template":"","format":"standard","meta":{"_jetpack_newsletter_access":"","_jetpack_dont_email_post_to_subs":false,"_jetpack_newsletter_tier_id":0,"_jetpack_memberships_contains_paywalled_content":false,"_jetpack_memberships_contains_paid_content":false,"footnotes":""},"categories":[72],"tags":[1563,15054,1026,195],"class_list":["post-129052","post","type-post","status-publish","format-standard","hentry","category-palomazos","tag-cuitlahuac-garcia-jimenez","tag-guillermo-rodriguez-dominguez","tag-morena","tag-veracruz"],"jetpack_featured_media_url":"","jetpack_sharing_enabled":true,"jetpack_shortlink":"https:\/\/wp.me\/p4Qcd3-xzu","_links":{"self":[{"href":"https:\/\/lospoliticosveracruz.com.mx\/index.php?rest_route=\/wp\/v2\/posts\/129052","targetHints":{"allow":["GET"]}}],"collection":[{"href":"https:\/\/lospoliticosveracruz.com.mx\/index.php?rest_route=\/wp\/v2\/posts"}],"about":[{"href":"https:\/\/lospoliticosveracruz.com.mx\/index.php?rest_route=\/wp\/v2\/types\/post"}],"author":[{"embeddable":true,"href":"https:\/\/lospoliticosveracruz.com.mx\/index.php?rest_route=\/wp\/v2\/users\/2"}],"replies":[{"embeddable":true,"href":"https:\/\/lospoliticosveracruz.com.mx\/index.php?rest_route=%2Fwp%2Fv2%2Fcomments&post=129052"}],"version-history":[{"count":2,"href":"https:\/\/lospoliticosveracruz.com.mx\/index.php?rest_route=\/wp\/v2\/posts\/129052\/revisions"}],"predecessor-version":[{"id":129055,"href":"https:\/\/lospoliticosveracruz.com.mx\/index.php?rest_route=\/wp\/v2\/posts\/129052\/revisions\/129055"}],"wp:attachment":[{"href":"https:\/\/lospoliticosveracruz.com.mx\/index.php?rest_route=%2Fwp%2Fv2%2Fmedia&parent=129052"}],"wp:term":[{"taxonomy":"category","embeddable":true,"href":"https:\/\/lospoliticosveracruz.com.mx\/index.php?rest_route=%2Fwp%2Fv2%2Fcategories&post=129052"},{"taxonomy":"post_tag","embeddable":true,"href":"https:\/\/lospoliticosveracruz.com.mx\/index.php?rest_route=%2Fwp%2Fv2%2Ftags&post=129052"}],"curies":[{"name":"wp","href":"https:\/\/api.w.org\/{rel}","templated":true}]}}