{"id":129056,"date":"2024-08-23T18:58:39","date_gmt":"2024-08-23T23:58:39","guid":{"rendered":"https:\/\/lospoliticosveracruz.com.mx\/?p=129056"},"modified":"2024-08-23T18:58:56","modified_gmt":"2024-08-23T23:58:56","slug":"atraco","status":"publish","type":"post","link":"https:\/\/lospoliticosveracruz.com.mx\/?p=129056","title":{"rendered":"ATRACO"},"content":{"rendered":"\n<p><strong>Miguel \u00c1ngel G\u00f3mez Ruiz<\/strong><\/p>\n\n\n\n<p><em>Contrapunto<\/em><\/p>\n\n\n\n<p><\/p>\n\n\n\n<p>Por fin, este viernes el presidente L\u00f3pez puede estar tranquilo y satisfecho, su coalici\u00f3n compuesta por su partido, Morena y lo peor del Partido del Trabajo y Verde Ecologista ganaron la sobrerrepresentaci\u00f3n que tanto buscaron y ahora s\u00ed, habr\u00e1 mayor\u00eda en el Congreso para que hagan lo que quieran con la Constituci\u00f3n y el pa\u00eds.<\/p>\n\n\n\n<p>S\u00ed, los legisladores, varios de ellos empresarios sin creatividad, maestros que casi nunca fueron a las aulas, feministas frustradas, paleros, prostitutas y cuanta cosa se imagine usted, tendr\u00e1n la facilidad de aprobar lo que el tipo quiera, porque es un hecho que seguir\u00e1 al frente pese a que seleccion\u00f3 a una mujer, pero solo para que siga sus \u00f3rdenes y cumpla sus caprichos.<\/p>\n\n\n\n<p>Y vaya que este d\u00eda fue muy particular, no s\u00f3lo por la cuesti\u00f3n de la sobrerrepresentaci\u00f3n, sino porque desaparecieron organismos aut\u00f3nomos de los que succionar\u00e1 sus presupuestos para hacer lo que quiera, lo que se le ocurra en su retorcida mente.<\/p>\n\n\n\n<p>No, yo nunca vi a un presidente que se comprometiera a realizar obras para sus simpatizantes pues prefiri\u00f3 gastar el dinero en obras in\u00fatiles y no dot\u00f3 de lo necesario a su poblaci\u00f3n para que subsistiera pese a las inclemencias del tiempo, por ejemplo.<\/p>\n\n\n\n<p>Prefiri\u00f3 regalar dinero a mexicanos sin criterio y sin ganas de sobresalir para manejarlos a su antojo. Vaya, que apoyaran cualquier estupidez que sal\u00eda de su boca -y vaya que dijo muchas- para tenerlos controlados y buscar que \u00e9l y su partido se perpet\u00faen en el poder.<\/p>\n\n\n\n<p>Con todo esto, no puedo m\u00e1s que pronosticar que cada vez habr\u00e1 m\u00e1s tragedias como Acapulco, Chalco, Chiapas, Tamaulipas o Michoac\u00e1n, pues ese es el estilo de actuar de este gobierno in\u00fatil.<\/p>\n\n\n\n<p>De hecho, yo opino como otros, que Morena no es el viejo PRI, pues ese PRI tan criticado y al que perteneci\u00f3 el presidente fue el que construy\u00f3 al pa\u00eds. Es cierto, un sector del pa\u00eds qued\u00f3 en obra negra, es decir, con pendientes, pero jam\u00e1s se vivi\u00f3 un autoritarismo como el de ahora. Y no es para negarlo, pues como lo he dicho en otras ocasiones, los gobernadores no trabajan para su poblaci\u00f3n, sino que le rinden cuentas a \u00e9l. Pongo como ejemplo a Veracruz, en las que el gobierno de Cuitl\u00e1huac Garc\u00eda devolvi\u00f3 m\u00e1s de 15 mil millones de pesos a la federaci\u00f3n de 2019 a la fecha.<\/p>\n\n\n\n<p>Vaya, una parte de ese dinero bien pudo utilizarse en la reparaci\u00f3n de la carretera hacia Laguna Verde, que est\u00e1 llena de hoyancos que podr\u00edan provocar graves accidentes. Pero todos esos subejercicios fueron a prop\u00f3sito, con el fin de enriquecer al presidente y que pudiera hacer con el dinero lo que quisiera.<\/p>\n\n\n\n<p>Es m\u00e1s, con ese dinero, el gobierno de Veracruz bien podr\u00eda haber liquidado, por ejemplo, los adeudos que mantiene con la organizaci\u00f3n \u201cEmpresas SOS\u201d a las que se les adeuda m\u00e1s de 400 millones de pesos. Varios empresarios han muerto, otros se dedicaron a otros giros y la realidad es que Morena los empobreci\u00f3 por su negativa a pagarles.<\/p>\n\n\n\n<p>Y mire usted que ahora esa sobrerrepresentaci\u00f3n no s\u00f3lo har\u00e1 lo que quiera, sino que podr\u00e1 disponer a su antojo del pueblo, ese pueblo al que dicen representar y que est\u00e1 m\u00e1s jodido que antes de 2018.<\/p>\n\n\n\n<p>Peor a\u00fan, a la cabeza quedara Claudia Sheinbaum, que sigue siendo una perfecta desconocida para muchos pero que est\u00e1 ah\u00ed, d\u00eda tras d\u00eda para repetir lo mismo que su jefe. Ella, sin carisma y con esa vocecilla semejante a una ni\u00f1a down (con las disculpas para ese sector) no garantiza que al pa\u00eds le vaya a ir bien, pues habr\u00e1 dinero hasta donde alcance y si no, recurrir\u00e1 -como el actual- a endeudarse para seguir teniendo contento y controlado al pueblo.<\/p>\n\n\n\n<p>Llama la atenci\u00f3n que el gabinete que le acompa\u00f1ar\u00e1, salvo dos o tres excepciones, pareciera escogido por el presidente, dejando entrever que no hay nadie m\u00e1s dentro de Morena para ocupar esas sillas. Pero definitivamente, ese gabinete est\u00e1 \u201cpal perro\u201d y eso que a\u00fan faltan tres o cuatro merolicos sin talento para integrarlo.<\/p>\n\n\n\n<p>No quiero ser pesimista, pero con el INE controlado, as\u00ed como el Congreso Federal y muy seguramente el Poder Judicial, no creo que las cosas vayan a ir bien en los pr\u00f3ximos a\u00f1os y lo peor es que hay oposici\u00f3n, pero un sector de la misma es d\u00e9bil y no parece tener la fuerza y la obcecaci\u00f3n que se requiere.<\/p>\n\n\n\n<p>Adem\u00e1s, viene una confrontaci\u00f3n con los gobiernos de Estados Unidos y Canad\u00e1 en donde podr\u00eda estar en riesgo el T-MEC. Creo, sinceramente, que el gobierno mexicano deber\u00eda pensar muy bien las cosas y antes que pensar que cualquier comentario o cr\u00edtica pudiera incomodar al presidente L\u00f3pez -cuyo criterio est\u00e1 por el piso-, debieran pensar en que conflictuarse con ambos pa\u00edses ser\u00eda un retroceso para el nuestro. Ya de por s\u00ed somos representados por un grupo de tarados, como para que estos, por quedar bien con el susodicho, se enfrasquen en una batalla sin sentido con autoridades de ambos pa\u00edses.<\/p>\n\n\n\n<p>Si al presidente no le gust\u00f3 que al gobierno de Estados Unidos no le parezca que se critique la elecci\u00f3n de jueces y la actividad del narco, pues que act\u00fae en bien de M\u00e9xico y no, reitero, para perpetuar a su partido en el poder.<\/p>\n\n\n\n<p>PD Nunca tuvimos a un gobierno preocupado por los mexicanos. Hoy habemos -me incluyo- m\u00e1s pobres y lo que es peor, muchos compatriotas nuestros cometieron la idiotez de darle m\u00e1s poder a Morena y en s\u00ed, a un presidente que, por su ignorancia y necedad, jam\u00e1s hizo algo bueno por este pa\u00eds.<\/p>\n","protected":false},"excerpt":{"rendered":"<p>Miguel \u00c1ngel G\u00f3mez Ruiz Contrapunto Por fin, este viernes el presidente L\u00f3pez puede estar tranquilo y satisfecho, su coalici\u00f3n compuesta por su partido, Morena y lo peor del Partido del Trabajo y Verde Ecologista ganaron la sobrerrepresentaci\u00f3n que tanto buscaron y ahora s\u00ed, habr\u00e1 mayor\u00eda en el Congreso para que hagan lo que quieran con [&hellip;]<\/p>\n","protected":false},"author":2,"featured_media":0,"comment_status":"closed","ping_status":"closed","sticky":false,"template":"","format":"standard","meta":{"_jetpack_newsletter_access":"","_jetpack_dont_email_post_to_subs":false,"_jetpack_newsletter_tier_id":0,"_jetpack_memberships_contains_paywalled_content":false,"_jetpack_memberships_contains_paid_content":false,"footnotes":""},"categories":[70],"tags":[],"class_list":["post-129056","post","type-post","status-publish","format-standard","hentry","category-de-opinion"],"jetpack_featured_media_url":"","jetpack_sharing_enabled":true,"jetpack_shortlink":"https:\/\/wp.me\/s4Qcd3-atraco","_links":{"self":[{"href":"https:\/\/lospoliticosveracruz.com.mx\/index.php?rest_route=\/wp\/v2\/posts\/129056","targetHints":{"allow":["GET"]}}],"collection":[{"href":"https:\/\/lospoliticosveracruz.com.mx\/index.php?rest_route=\/wp\/v2\/posts"}],"about":[{"href":"https:\/\/lospoliticosveracruz.com.mx\/index.php?rest_route=\/wp\/v2\/types\/post"}],"author":[{"embeddable":true,"href":"https:\/\/lospoliticosveracruz.com.mx\/index.php?rest_route=\/wp\/v2\/users\/2"}],"replies":[{"embeddable":true,"href":"https:\/\/lospoliticosveracruz.com.mx\/index.php?rest_route=%2Fwp%2Fv2%2Fcomments&post=129056"}],"version-history":[{"count":1,"href":"https:\/\/lospoliticosveracruz.com.mx\/index.php?rest_route=\/wp\/v2\/posts\/129056\/revisions"}],"predecessor-version":[{"id":129057,"href":"https:\/\/lospoliticosveracruz.com.mx\/index.php?rest_route=\/wp\/v2\/posts\/129056\/revisions\/129057"}],"wp:attachment":[{"href":"https:\/\/lospoliticosveracruz.com.mx\/index.php?rest_route=%2Fwp%2Fv2%2Fmedia&parent=129056"}],"wp:term":[{"taxonomy":"category","embeddable":true,"href":"https:\/\/lospoliticosveracruz.com.mx\/index.php?rest_route=%2Fwp%2Fv2%2Fcategories&post=129056"},{"taxonomy":"post_tag","embeddable":true,"href":"https:\/\/lospoliticosveracruz.com.mx\/index.php?rest_route=%2Fwp%2Fv2%2Ftags&post=129056"}],"curies":[{"name":"wp","href":"https:\/\/api.w.org\/{rel}","templated":true}]}}