{"id":129287,"date":"2024-08-29T09:31:51","date_gmt":"2024-08-29T14:31:51","guid":{"rendered":"https:\/\/lospoliticosveracruz.com.mx\/?p=129287"},"modified":"2024-08-29T09:32:11","modified_gmt":"2024-08-29T14:32:11","slug":"ser-mujer-ser-indigena-y-ser-joven","status":"publish","type":"post","link":"https:\/\/lospoliticosveracruz.com.mx\/?p=129287","title":{"rendered":"SER MUJER, SER IND\u00cdGENA Y SER JOVEN"},"content":{"rendered":"\n<p><strong>Miguel Valera<br><\/strong><em>Contrase\u00f1as<br><\/em>La lucha de los pueblos originarios de Veracruz y de M\u00e9xico a\u00fan no ha terminado. De las 68 etnias que existen en todo el territorio nacional, 13 en Veracruz emprendieron una batalla por su legitimaci\u00f3n para tener mejores condiciones de vida, as\u00ed lo asegura Rosita Mart\u00ednez Facundo, presidenta del Consejo Consultivo para el Desarrollo de los Pueblos Ind\u00edgenas y Afromexicanos del Estado de Veracruz.<\/p>\n\n\n<div class=\"wp-block-image\">\n<figure class=\"alignleft size-medium\"><a href=\"https:\/\/lospoliticosveracruz.com.mx\/wp-content\/uploads\/2021\/10\/WhatsApp-Image-2021-10-02-at-15.20.25.jpeg\"><img loading=\"lazy\" decoding=\"async\" width=\"212\" height=\"300\" src=\"https:\/\/lospoliticosveracruz.com.mx\/wp-content\/uploads\/2021\/10\/WhatsApp-Image-2021-10-02-at-15.20.25-212x300.jpeg\" alt=\"\" class=\"wp-image-80177\" srcset=\"https:\/\/lospoliticosveracruz.com.mx\/wp-content\/uploads\/2021\/10\/WhatsApp-Image-2021-10-02-at-15.20.25-212x300.jpeg 212w, https:\/\/lospoliticosveracruz.com.mx\/wp-content\/uploads\/2021\/10\/WhatsApp-Image-2021-10-02-at-15.20.25-724x1024.jpeg 724w, https:\/\/lospoliticosveracruz.com.mx\/wp-content\/uploads\/2021\/10\/WhatsApp-Image-2021-10-02-at-15.20.25-768x1086.jpeg 768w, https:\/\/lospoliticosveracruz.com.mx\/wp-content\/uploads\/2021\/10\/WhatsApp-Image-2021-10-02-at-15.20.25.jpeg 905w\" sizes=\"auto, (max-width: 212px) 100vw, 212px\" \/><\/a><\/figure><\/div>\n\n\n<p>La mujer originaria de Coatzacoalcos, licenciada en Contadur\u00eda por la Universidad Veracruzana y empresaria, dice en encuentro con periodistas de la Asociaci\u00f3n de Comunicadores de Veracruz (ACOVER), que preside Melit\u00f3n Morales Dom\u00ednguez, que es la primera mujer olmeca en presidir esta organizaci\u00f3n ind\u00edgena que por muchos a\u00f1os condujo don Juan Simbr\u00f3n M\u00e9ndez, l\u00edder moral y espiritual del Consejo Supremo Totonaco.<\/p>\n\n\n\n<p>Dijo que asumi\u00f3 esta responsabilidad a sabiendas que significaba un triple reto por ser mujer, ser ind\u00edgena olmeca y ser joven y ponder\u00f3 que por primera vez tenga el bast\u00f3n de mando \u201cla cultura madre\u201d. As\u00ed, a\u00f1adi\u00f3: \u201cLos pueblos originarios de Veracruz necesit\u00e1bamos avanzar m\u00e1s en nuestra legitimaci\u00f3n porque tambi\u00e9n somos mexicanos. Por ello, las 13 regiones, en un acto un\u00e1nime, empezamos a caminar por la legitimaci\u00f3n y decidimos organizarnos como una sociedad responsable e ir todos juntos\u201d, explica.<\/p>\n\n\n\n<p>En una larga entrevista comunitaria, se refiri\u00f3 al largo proceso que inici\u00f3 para llevar a la Constituci\u00f3n derechos de los pueblos originarios y que muy pronto en la LXVI Legislatura del Estado de Veracruz se votar\u00e1 una reforma trascendental para el reconocimiento de los pueblos ind\u00edgenas y afroamericanos de Veracruz.<\/p>\n\n\n\n<p>\u201cHa sido una lucha muy larga. Hab\u00eda una ley muy gen\u00e9rica. Para transitar hab\u00eda que estar en el marco de la ley. En 2019 se reconocieron a los 68 pueblos originarios luego de la Consulta P\u00fablica que hicimos el 25 de junio de 2018, porque quer\u00edamos estar realmente en la Constituci\u00f3n y ah\u00ed estamos en el Art\u00edculo 2, porque para nosotros el objetivo siempre fue la legitimaci\u00f3n\u201d, asent\u00f3.<\/p>\n\n\n\n<p>Coment\u00f3 que para los abuelos de los pueblos originarios la educaci\u00f3n es fundamental para el desarrollo del pa\u00eds \u201cy por eso s\u00f3lo quer\u00edamos estar en la ley, porque no exist\u00edamos y la verdad es que nuestros pueblos existen desde antes, somos los primeros en habitar este pa\u00eds y sobrevivimos a pesar de la cat\u00e1strofe\u201d, dijo sin utilizar la palabra Conquista.<\/p>\n\n\n\n<p>Al referir el periplo que como presidenta del Consejo Consultivo para el Desarrollo de los Pueblos Ind\u00edgenas y Afromexicanos del Estado de Veracruz realiz\u00f3 para que avanzara la burocracia legislativa, un d\u00eda tuvo que ir a la ma\u00f1anera y plantarse ante el presidente Andr\u00e9s Manuel L\u00f3pez Obrador. \u201cAh\u00ed estuve a las 4 de la ma\u00f1ana, como todos los periodistas, porque ten\u00edamos la necesidad de iniciar el proceso\u201d, indic\u00f3.<\/p>\n\n\n\n<p>Coment\u00f3 que fue el diputado Javier Manzano Salazar quien la atendi\u00f3 para ir avanzando. \u201cYa se imaginar\u00e1n toda la traves\u00eda\u201d, expres\u00f3. Luego de este encuentro se le notific\u00f3 al Gobierno del Estado de Veracruz, con un expediente de 317 fojas y en diciembre de 2019 se dio el dictamen positivo y el 10 de enero de 2020 fue aprobado en San L\u00e1zaro, el Art\u00edculo 2 para el reconocimiento de los 68 pueblos ind\u00edgenas del pa\u00eds.<\/p>\n\n\n\n<p>Rosita Mart\u00ednez Facundo insiste que, aunque en Veracruz se votar\u00e1 muy pronto, la lucha por los derechos de los pueblos ind\u00edgenas seguir\u00e1, \u201cporque siempre nos han discriminado y es que no somos ciudadanos de segunda ya que pagamos impuestos y a la misma tasa que todos\u201d, refiere.<\/p>\n\n\n\n<p>\u201cEl trabajo que hemos realizado busca visibilizarnos: qui\u00e9nes somos, qu\u00e9 hacemos, d\u00f3nde estamos, c\u00f3mo nos vemos\u201d, indica.<\/p>\n\n\n\n<p>Adem\u00e1s, comenta que cuentan con un plan de trabajo por Ayuntamiento y llevan un inventario de las necesidades de cada comunidad ind\u00edgena. \u201cHoy, tenemos detectado que en algunas comunidades hay ni\u00f1os que se quedan sin estudiar porque a sus padres no les alcanza para el pasaje o ni\u00f1os que tampoco van a las aulas por alguna discapacidad\u201d.<\/p>\n\n\n\n<p>Tambi\u00e9n, revel\u00f3 que, de los 212 municipios, s\u00f3lo 20 est\u00e1n cumpliendo en lo que la armonizaci\u00f3n de la Constituci\u00f3n se refiere para el reconocimiento de los pueblos ind\u00edgenas y afroamericanos.<\/p>\n\n\n\n<p>Al concluir la larga entrevista, Rosita Mart\u00ednez Facundo comenta que uno de los grandes desaf\u00edos de los pueblos originarios \u201ces no avergonzarnos de nuestro origen, de nuestra identidad, de lo que somos. Si nuestro origen no nos llena de orgullo c\u00f3mo vamos a abrir nuevos espacios para nuestra gente\u201d, asevera.<\/p>\n\n\n\n<p>\u201cDebemos de conocer nuestros derechos. Uno no defiende lo que no ama\u201d, concluye la mujer que ha recibido reconocimientos diversos por su contribuci\u00f3n al rescate de la cultura y lengua de los pueblos originarios y por la defensor\u00eda de los derechos humanos ind\u00edgenas.<\/p>\n\n\n\n<p>@MValeraH<\/p>\n\n\n\n<p><\/p>\n","protected":false},"excerpt":{"rendered":"<p>Miguel ValeraContrase\u00f1asLa lucha de los pueblos originarios de Veracruz y de M\u00e9xico a\u00fan no ha terminado. De las 68 etnias que existen en todo el territorio nacional, 13 en Veracruz emprendieron una batalla por su legitimaci\u00f3n para tener mejores condiciones de vida, as\u00ed lo asegura Rosita Mart\u00ednez Facundo, presidenta del Consejo Consultivo para el Desarrollo [&hellip;]<\/p>\n","protected":false},"author":2,"featured_media":119815,"comment_status":"closed","ping_status":"closed","sticky":false,"template":"","format":"standard","meta":{"_jetpack_newsletter_access":"","_jetpack_dont_email_post_to_subs":false,"_jetpack_newsletter_tier_id":0,"_jetpack_memberships_contains_paywalled_content":false,"_jetpack_memberships_contains_paid_content":false,"footnotes":""},"categories":[70],"tags":[9776,41676,18350],"class_list":["post-129287","post","type-post","status-publish","format-standard","has-post-thumbnail","hentry","category-de-opinion","tag-miguel-valera","tag-pueblos-originarios-de-veracruz","tag-rosita-martinez-facundo"],"jetpack_featured_media_url":"https:\/\/lospoliticosveracruz.com.mx\/wp-content\/uploads\/2024\/03\/Miguel-Valera.jpg","jetpack_sharing_enabled":true,"jetpack_shortlink":"https:\/\/wp.me\/p4Qcd3-xDh","_links":{"self":[{"href":"https:\/\/lospoliticosveracruz.com.mx\/index.php?rest_route=\/wp\/v2\/posts\/129287","targetHints":{"allow":["GET"]}}],"collection":[{"href":"https:\/\/lospoliticosveracruz.com.mx\/index.php?rest_route=\/wp\/v2\/posts"}],"about":[{"href":"https:\/\/lospoliticosveracruz.com.mx\/index.php?rest_route=\/wp\/v2\/types\/post"}],"author":[{"embeddable":true,"href":"https:\/\/lospoliticosveracruz.com.mx\/index.php?rest_route=\/wp\/v2\/users\/2"}],"replies":[{"embeddable":true,"href":"https:\/\/lospoliticosveracruz.com.mx\/index.php?rest_route=%2Fwp%2Fv2%2Fcomments&post=129287"}],"version-history":[{"count":2,"href":"https:\/\/lospoliticosveracruz.com.mx\/index.php?rest_route=\/wp\/v2\/posts\/129287\/revisions"}],"predecessor-version":[{"id":129289,"href":"https:\/\/lospoliticosveracruz.com.mx\/index.php?rest_route=\/wp\/v2\/posts\/129287\/revisions\/129289"}],"wp:featuredmedia":[{"embeddable":true,"href":"https:\/\/lospoliticosveracruz.com.mx\/index.php?rest_route=\/wp\/v2\/media\/119815"}],"wp:attachment":[{"href":"https:\/\/lospoliticosveracruz.com.mx\/index.php?rest_route=%2Fwp%2Fv2%2Fmedia&parent=129287"}],"wp:term":[{"taxonomy":"category","embeddable":true,"href":"https:\/\/lospoliticosveracruz.com.mx\/index.php?rest_route=%2Fwp%2Fv2%2Fcategories&post=129287"},{"taxonomy":"post_tag","embeddable":true,"href":"https:\/\/lospoliticosveracruz.com.mx\/index.php?rest_route=%2Fwp%2Fv2%2Ftags&post=129287"}],"curies":[{"name":"wp","href":"https:\/\/api.w.org\/{rel}","templated":true}]}}