{"id":129291,"date":"2024-08-29T11:02:56","date_gmt":"2024-08-29T16:02:56","guid":{"rendered":"https:\/\/lospoliticosveracruz.com.mx\/?p=129291"},"modified":"2024-08-29T11:03:11","modified_gmt":"2024-08-29T16:03:11","slug":"un-rencor-vivo","status":"publish","type":"post","link":"https:\/\/lospoliticosveracruz.com.mx\/?p=129291","title":{"rendered":"UN RENCOR VIVO"},"content":{"rendered":"\n<p><strong>Sergio Gonz\u00e1lez Levet<\/strong><\/p>\n\n\n\n<p><em>Sin tacto<\/em><\/p>\n\n\n\n<p>Est\u00e1 enojado con todo y con todos: que si los extranjeros que lo critican, a los que pone en pausa; que si los empresarios conservadores, que financian todos los complots que imagina en su contra, hip\u00f3critas, c\u00ednicos; que si los periodistas, que no quieren elogiarlo nom\u00e1s y se atreven a criticar sus acciones, chayoteros, calumniadores, mentirosos; que si las fuerzas de la oposici\u00f3n ciudadana, porque no se deciden a bajar la testuz y hacer todo lo que \u00e9l les mande, sin cambiarle ni una coma: que si los magistrados y los jueces, que no quieren aceptar que \u00e9l es m\u00e1s importante que la ley y su palabra debe valer m\u00e1s que la propia Constituci\u00f3n.<\/p>\n\n\n<div class=\"wp-block-image\">\n<figure class=\"alignleft size-medium\"><a href=\"https:\/\/lospoliticosveracruz.com.mx\/wp-content\/uploads\/2021\/10\/Zacauilt.jpg\"><img decoding=\"async\" src=\"https:\/\/lospoliticosveracruz.com.mx\/wp-content\/uploads\/2021\/10\/Zacauilt-150x300.jpg\" alt=\"\" class=\"wp-image-80558\"\/><\/a><\/figure><\/div>\n\n\n<p>&nbsp;&nbsp;&nbsp;&nbsp; Est\u00e1 enfadado, muy enfadado, con los millones de mexicanos de la clase media aspiracionista, que le hicieron manifestaciones enormes para exigirle que trabajara por el pa\u00eds, no por mantenerse en el poder; con los funcionarios de los organismos independientes, ya que quer\u00edan hacer su voluntad y obligarlo a que diera cuentas al pueblo de sus acciones y de sus gastos, \u00bfse imaginan?<\/p>\n\n\n\n<p>&nbsp;&nbsp;&nbsp;&nbsp; Permanece iracundo con los mexicanos afectados por su Gobierno mal hecho, que no terminan de comprender que \u00e9l est\u00e1 por encima de los se\u00f1alamientos por las obras mal hechas, por las medicinas que faltan.<\/p>\n\n\n\n<p>&nbsp;&nbsp;&nbsp;&nbsp; Bueno, est\u00e1 irritado con los malosos -aunque sean buenas personas a las que hay que cuidar, no los vayamos a lastimar-, porque se dejan llevar a los Estados Unidos y en una de \u00e9sas van y sueltan la sopa de su propio involucramiento\u2026 canijos bocas flojas que son capaces de traicionarlo con tal de salvarse ellos.<\/p>\n\n\n\n<p>&nbsp;&nbsp;&nbsp;&nbsp; Igual con sus hijos, que no han levantado -bueno, s\u00ed, pero los recursos p\u00fablicos para llevarlos a sus bolsillos- y lo han hecho quedar mal, entrar en esc\u00e1ndalos de corruptelas, dificultar su salto hacia el poder dentro de seis a\u00f1os.<\/p>\n\n\n\n<p>&nbsp;&nbsp;&nbsp;&nbsp; Y est\u00e1 amuinado tambi\u00e9n con sus colaboradores y c\u00f3mplices, puesto que no supieron hacer bien las cosas, las tranzas, de modo que nadie se enterara y +el pudiera seguir siendo el impoluto, el honesto, el honorable\u2026 la fuerza moral de M\u00e9xico.<\/p>\n\n\n\n<p>&nbsp;&nbsp;&nbsp;&nbsp; En la novela de novelas de M\u00e9xico, Pedro P\u00e1ramo, Juan Rulfo revela un pueblo que est\u00e1 muerto todo, que tiene muerto todo. Lo \u00fanico que alienta vida es el propio protagonista, el cacique implacable, el due\u00f1o total: Pedro P\u00e1ramo\u2026<\/p>\n\n\n\n<p>&nbsp;&nbsp;&nbsp;&nbsp; Que es un rencor vivo.<\/p>\n\n\n\n<p>&nbsp;&nbsp;&nbsp;&nbsp; Pero aqu\u00ed y ahora (hic et nunc), \u00e9l es el m\u00e1s rabioso de los mexicanos, el m\u00e1s col\u00e9rico, el m\u00e1s irascible\u2026 y eso que gan\u00f3 todo.<\/p>\n\n\n\n<p>&nbsp;&nbsp;&nbsp;&nbsp; Es tan insatisfecho, que solamente le falta enojarse con Claudia, y en una de \u00e9sas\u2026<\/p>\n\n\n\n<p>sglevet@gmail.com<\/p>\n","protected":false},"excerpt":{"rendered":"<p>Sergio Gonz\u00e1lez Levet Sin tacto Est\u00e1 enojado con todo y con todos: que si los extranjeros que lo critican, a los que pone en pausa; que si los empresarios conservadores, que financian todos los complots que imagina en su contra, hip\u00f3critas, c\u00ednicos; que si los periodistas, que no quieren elogiarlo nom\u00e1s y se atreven a [&hellip;]<\/p>\n","protected":false},"author":2,"featured_media":119911,"comment_status":"closed","ping_status":"closed","sticky":false,"template":"","format":"standard","meta":{"_jetpack_newsletter_access":"","_jetpack_dont_email_post_to_subs":false,"_jetpack_newsletter_tier_id":0,"_jetpack_memberships_contains_paywalled_content":false,"_jetpack_memberships_contains_paid_content":false,"footnotes":""},"categories":[70],"tags":[618,1026,1282],"class_list":["post-129291","post","type-post","status-publish","format-standard","has-post-thumbnail","hentry","category-de-opinion","tag-andres-manuel-lopez-obrador","tag-morena","tag-sergio-gonzalez-levet"],"jetpack_featured_media_url":"https:\/\/lospoliticosveracruz.com.mx\/wp-content\/uploads\/2024\/03\/Levet.jpg","jetpack_sharing_enabled":true,"jetpack_shortlink":"https:\/\/wp.me\/p4Qcd3-xDl","_links":{"self":[{"href":"https:\/\/lospoliticosveracruz.com.mx\/index.php?rest_route=\/wp\/v2\/posts\/129291","targetHints":{"allow":["GET"]}}],"collection":[{"href":"https:\/\/lospoliticosveracruz.com.mx\/index.php?rest_route=\/wp\/v2\/posts"}],"about":[{"href":"https:\/\/lospoliticosveracruz.com.mx\/index.php?rest_route=\/wp\/v2\/types\/post"}],"author":[{"embeddable":true,"href":"https:\/\/lospoliticosveracruz.com.mx\/index.php?rest_route=\/wp\/v2\/users\/2"}],"replies":[{"embeddable":true,"href":"https:\/\/lospoliticosveracruz.com.mx\/index.php?rest_route=%2Fwp%2Fv2%2Fcomments&post=129291"}],"version-history":[{"count":1,"href":"https:\/\/lospoliticosveracruz.com.mx\/index.php?rest_route=\/wp\/v2\/posts\/129291\/revisions"}],"predecessor-version":[{"id":129292,"href":"https:\/\/lospoliticosveracruz.com.mx\/index.php?rest_route=\/wp\/v2\/posts\/129291\/revisions\/129292"}],"wp:featuredmedia":[{"embeddable":true,"href":"https:\/\/lospoliticosveracruz.com.mx\/index.php?rest_route=\/wp\/v2\/media\/119911"}],"wp:attachment":[{"href":"https:\/\/lospoliticosveracruz.com.mx\/index.php?rest_route=%2Fwp%2Fv2%2Fmedia&parent=129291"}],"wp:term":[{"taxonomy":"category","embeddable":true,"href":"https:\/\/lospoliticosveracruz.com.mx\/index.php?rest_route=%2Fwp%2Fv2%2Fcategories&post=129291"},{"taxonomy":"post_tag","embeddable":true,"href":"https:\/\/lospoliticosveracruz.com.mx\/index.php?rest_route=%2Fwp%2Fv2%2Ftags&post=129291"}],"curies":[{"name":"wp","href":"https:\/\/api.w.org\/{rel}","templated":true}]}}