{"id":129295,"date":"2024-08-29T12:17:22","date_gmt":"2024-08-29T17:17:22","guid":{"rendered":"https:\/\/lospoliticosveracruz.com.mx\/?p=129295"},"modified":"2024-08-29T12:17:28","modified_gmt":"2024-08-29T17:17:28","slug":"jaguares-con-causa","status":"publish","type":"post","link":"https:\/\/lospoliticosveracruz.com.mx\/?p=129295","title":{"rendered":"JAGUARES CON CAUSA!"},"content":{"rendered":"\n<p><\/p>\n\n\n\n<p><\/p>\n\n\n\n<ul class=\"wp-block-list\">\n<li><strong>Enrique Yasser Pompeyo<\/strong><\/li>\n<\/ul>\n\n\n\n<p>La Universidad de Xalapa realizar\u00e1 la S\u00e9ptima Carrera Atl\u00e9tica Jaguares con causa en el contexto de su aniversario n\u00famero 32 de brindar servicios de educaci\u00f3n de calidad.<\/p>\n\n\n\n<p>El magno evento deportivo se llevar\u00e1 a cabo el pr\u00f3ximo 29 de septiembre en el circuito de Las \u00c1nimas.<\/p>\n\n\n\n<p>Las distancias ser\u00e1n de 3, 5 y 10 kil\u00f3metros. Los premios ser\u00e1n 1,500 pesos al primer lugar, 1,000 pesos al segundo y 500 pesos al tercer lugar.<\/p>\n\n\n\n<p>La cuota de inscripci\u00f3n antes del 10 de septiembre ser\u00e1 de 350 pesos y a partir del 11 de septiembre la cuota ser\u00e1 de 450 pesos.<\/p>\n\n\n\n<p>Cabe destacar que como en a\u00f1os anteriores, la carrera ser\u00e1 con causa pues se debe llevar un kilo de frijol o de arroz y todo lo que se recaude ser\u00e1 entregado al Banco de Alimentos de M\u00e9xico que lo destinar\u00e1 a la poblaci\u00f3n m\u00e1s vulnerable.<\/p>\n\n\n\n<p>Las inscripciones e informes para los interesados es en el \u00e1rea de Mercadotecnia de la Universidad de Xalapa y en los tel\u00e9fonos 22 88 41 72 85, extensi\u00f3n 7223,7224 y 7235. WhatsApp 2288 47 11 70.<\/p>\n","protected":false},"excerpt":{"rendered":"<p>La Universidad de Xalapa realizar\u00e1 la S\u00e9ptima Carrera Atl\u00e9tica Jaguares con causa en el contexto de su aniversario n\u00famero 32 de brindar servicios de educaci\u00f3n de calidad. El magno evento deportivo se llevar\u00e1 a cabo el pr\u00f3ximo 29 de septiembre en el circuito de Las \u00c1nimas. Las distancias ser\u00e1n de 3, 5 y 10 kil\u00f3metros. [&hellip;]<\/p>\n","protected":false},"author":2,"featured_media":0,"comment_status":"closed","ping_status":"closed","sticky":false,"template":"","format":"standard","meta":{"_jetpack_newsletter_access":"","_jetpack_dont_email_post_to_subs":false,"_jetpack_newsletter_tier_id":0,"_jetpack_memberships_contains_paywalled_content":false,"_jetpack_memberships_contains_paid_content":false,"footnotes":""},"categories":[6446],"tags":[15477,41678,7735],"class_list":["post-129295","post","type-post","status-publish","format-standard","hentry","category-la-nota","tag-enrique-yasser-pompeyo","tag-septima-carrera-atletica-jaguares","tag-universidad-de-xalapa"],"jetpack_featured_media_url":"","jetpack_sharing_enabled":true,"jetpack_shortlink":"https:\/\/wp.me\/p4Qcd3-xDp","_links":{"self":[{"href":"https:\/\/lospoliticosveracruz.com.mx\/index.php?rest_route=\/wp\/v2\/posts\/129295","targetHints":{"allow":["GET"]}}],"collection":[{"href":"https:\/\/lospoliticosveracruz.com.mx\/index.php?rest_route=\/wp\/v2\/posts"}],"about":[{"href":"https:\/\/lospoliticosveracruz.com.mx\/index.php?rest_route=\/wp\/v2\/types\/post"}],"author":[{"embeddable":true,"href":"https:\/\/lospoliticosveracruz.com.mx\/index.php?rest_route=\/wp\/v2\/users\/2"}],"replies":[{"embeddable":true,"href":"https:\/\/lospoliticosveracruz.com.mx\/index.php?rest_route=%2Fwp%2Fv2%2Fcomments&post=129295"}],"version-history":[{"count":1,"href":"https:\/\/lospoliticosveracruz.com.mx\/index.php?rest_route=\/wp\/v2\/posts\/129295\/revisions"}],"predecessor-version":[{"id":129297,"href":"https:\/\/lospoliticosveracruz.com.mx\/index.php?rest_route=\/wp\/v2\/posts\/129295\/revisions\/129297"}],"wp:attachment":[{"href":"https:\/\/lospoliticosveracruz.com.mx\/index.php?rest_route=%2Fwp%2Fv2%2Fmedia&parent=129295"}],"wp:term":[{"taxonomy":"category","embeddable":true,"href":"https:\/\/lospoliticosveracruz.com.mx\/index.php?rest_route=%2Fwp%2Fv2%2Fcategories&post=129295"},{"taxonomy":"post_tag","embeddable":true,"href":"https:\/\/lospoliticosveracruz.com.mx\/index.php?rest_route=%2Fwp%2Fv2%2Ftags&post=129295"}],"curies":[{"name":"wp","href":"https:\/\/api.w.org\/{rel}","templated":true}]}}