{"id":12986,"date":"2014-10-26T20:54:36","date_gmt":"2014-10-27T02:54:36","guid":{"rendered":"http:\/\/www.lospoliticosveracruz.com.mx\/?p=12986"},"modified":"2014-10-26T20:54:36","modified_gmt":"2014-10-27T02:54:36","slug":"inseguridad-y-negocios","status":"publish","type":"post","link":"https:\/\/lospoliticosveracruz.com.mx\/?p=12986","title":{"rendered":"Inseguridad y Negocios"},"content":{"rendered":"<p><a href=\"http:\/\/www.lospoliticosveracruz.com.mx\/wp-content\/uploads\/2014\/10\/Inseguridad.png\"><img loading=\"lazy\" decoding=\"async\" class=\"alignnone size-medium wp-image-12987\" src=\"http:\/\/www.lospoliticosveracruz.com.mx\/wp-content\/uploads\/2014\/10\/Inseguridad-300x155.png\" alt=\"Inseguridad\" width=\"300\" height=\"155\" \/><\/a><\/p>\n<p><strong>Brenda Caballero<\/strong><br \/>\n<em>N\u00fameros Rojos<\/em><\/p>\n<p>&nbsp;<\/p>\n<p>\u00a1Quiero poner una est\u00e9tica! Me comenta entusiasmada, mientras sus manos con u\u00f1as largu\u00edsimas en pico se mueven constantemente. Su amiga que le acompa\u00f1a la escucha en silencio. Ella sigue cont\u00e1ndome que aunque su esposo trabaja de obrero quiere ayudarle con los gastos de la casa, pues tienen dos peque\u00f1ines.<br \/>\nAunque no sabe qu\u00e9 tiene que hacer. Un vecino de una tienda le coment\u00f3 que ten\u00eda que ir a al Ayuntamiento y a Hacienda primero, para ver \u201ceso de los impuestos\u201d.<br \/>\nRealmente se le ven muchas ganas, aunque seg\u00fan sus propias palabras le preocupa algo m\u00e1s: La inseguridad donde vive.<br \/>\nElla es de una localidad cercana, pero tiene miedo, ya que \u00faltimamente ha habido muchos robos, incluso uno de ellos deriv\u00f3 en la muerte de un comerciante.<br \/>\n\u201cNo s\u00e9 si resulte, pues con la muerte del se\u00f1or ya nadie quiere salir de su casa, pero quiero intentarlo, no importa que al d\u00eda haga un corte de cabello\u201d.<\/p>\n<p>II<br \/>\nLa semana pasada le\u00eda en algunos portales de internet los resultados obtenidos por la Encuesta Nacional de Victimizaci\u00f3n y Percepci\u00f3n de Seguridad P\u00fablica que anualmente levanta el Inegi y que mide, entre otros indicadores, la prevalencia del delito en el pa\u00eds.<br \/>\nContrario a lo que difunden los gobiernos en turno, la encuesta menciona que a nivel nacional, el crecimiento de la tasa de delitos por cada 100 mil habitantes creci\u00f3 18.3 por ciento en los \u00faltimos dos a\u00f1os.<br \/>\nDe acuerdo con las estad\u00edsticas de la encuesta la Tasa de incidencia delictiva por entidad federativa de ocurrencia por cada cien mil habitantes, el primer lugar lo ocupa el Estado de M\u00e9xico con una tasa de 63.9 por ciento. Chiapas, segunda entidad con mayor prevalencia delictiva con el 49.8 por ciento, mientras Baja California con 45.2 por ciento ocupa el tercer lugar. Con respecto a Veracruz, nos pudi\u00e9semos sentir relativamente tranquilos pues est\u00e1 en el lugar n\u00famero ocho con una tasa del 20 por ciento. \u00bfRealmente refleja la realidad?<br \/>\nAl menos los chiapanecos no est\u00e1n de acuerdo con el segundo lugar y son varios los que afirman que su estado es seguro, caso contrario en Veracruz donde se afirma han bajado las estad\u00edsticas delictivas \u00bfo ser\u00e1 que en Veracruz s\u00f3lo 10.8 por ciento de los delitos se denuncian?<\/p>\n<p>III<br \/>\nLa noche de ayer, la noticia en el \u00e1mbito empresarial era la urgencia en el pa\u00eds de un Pacto por M\u00e9xico en materia de seguridad, pues seg\u00fan Claudio X. Gonz\u00e1lez, presidente del Consejo Mexicano de Negocios (CMN), es necesario, evaluando los hechos violentos que se han presentado en Guerrero, con referencia en los atracos y desmanes ocasionados a los negocios de la Plaza Tamarindos y otros lugares cercanos por el caso Ayotzinapa.<br \/>\nPareciera una buena idea, pero \u00bfpor qu\u00e9 hasta ahorita, cuando constantemente los comerciantes peque\u00f1os sufren robos y extorsiones?<br \/>\nRealmente no se necesita ning\u00fan Pacto, sino simplemente seguridad\u2026<\/p>\n<p>IV<br \/>\nMe extiende su mano con u\u00f1as largas, pues ya pronto descender\u00e1 del autob\u00fas. Le digo que me da gusto conocer a una persona que a pesar de todo lo que pudiera tener en contra trata de salir adelante.<br \/>\nMe dice que lo hace por sus hijos, para que tengan una buena educaci\u00f3n y preparaci\u00f3n, pues hoy en d\u00eda muchos se preocupan por \u201cel Mundo que est\u00e1n dejando a sus hijos, sin pensar en los Hijos que le est\u00e1n dejando a este mundo\u201d.<\/p>\n<p>Email: caballero_brenda@hotmail.com<\/p>\n","protected":false},"excerpt":{"rendered":"<p>Brenda Caballero N\u00fameros Rojos &nbsp; \u00a1Quiero poner una est\u00e9tica! Me comenta entusiasmada, mientras sus manos con u\u00f1as largu\u00edsimas en pico se mueven constantemente. Su amiga que le acompa\u00f1a la escucha en silencio. Ella sigue cont\u00e1ndome que aunque su esposo trabaja de obrero quiere ayudarle con los gastos de la casa, pues tienen dos peque\u00f1ines. Aunque [&hellip;]<\/p>\n","protected":false},"author":2,"featured_media":0,"comment_status":"open","ping_status":"open","sticky":false,"template":"","format":"standard","meta":{"_jetpack_newsletter_access":"","_jetpack_dont_email_post_to_subs":false,"_jetpack_newsletter_tier_id":0,"_jetpack_memberships_contains_paywalled_content":false,"_jetpack_memberships_contains_paid_content":false,"footnotes":""},"categories":[70],"tags":[544,545,378,196,543,195],"class_list":["post-12986","post","type-post","status-publish","format-standard","hentry","category-de-opinion","tag-chiapas","tag-claudio-x-gonzalez","tag-estado-de-mexico","tag-inseguridad","tag-percepcion","tag-veracruz"],"jetpack_featured_media_url":"","jetpack_sharing_enabled":true,"jetpack_shortlink":"https:\/\/wp.me\/p4Qcd3-3ns","_links":{"self":[{"href":"https:\/\/lospoliticosveracruz.com.mx\/index.php?rest_route=\/wp\/v2\/posts\/12986","targetHints":{"allow":["GET"]}}],"collection":[{"href":"https:\/\/lospoliticosveracruz.com.mx\/index.php?rest_route=\/wp\/v2\/posts"}],"about":[{"href":"https:\/\/lospoliticosveracruz.com.mx\/index.php?rest_route=\/wp\/v2\/types\/post"}],"author":[{"embeddable":true,"href":"https:\/\/lospoliticosveracruz.com.mx\/index.php?rest_route=\/wp\/v2\/users\/2"}],"replies":[{"embeddable":true,"href":"https:\/\/lospoliticosveracruz.com.mx\/index.php?rest_route=%2Fwp%2Fv2%2Fcomments&post=12986"}],"version-history":[{"count":1,"href":"https:\/\/lospoliticosveracruz.com.mx\/index.php?rest_route=\/wp\/v2\/posts\/12986\/revisions"}],"predecessor-version":[{"id":12988,"href":"https:\/\/lospoliticosveracruz.com.mx\/index.php?rest_route=\/wp\/v2\/posts\/12986\/revisions\/12988"}],"wp:attachment":[{"href":"https:\/\/lospoliticosveracruz.com.mx\/index.php?rest_route=%2Fwp%2Fv2%2Fmedia&parent=12986"}],"wp:term":[{"taxonomy":"category","embeddable":true,"href":"https:\/\/lospoliticosveracruz.com.mx\/index.php?rest_route=%2Fwp%2Fv2%2Fcategories&post=12986"},{"taxonomy":"post_tag","embeddable":true,"href":"https:\/\/lospoliticosveracruz.com.mx\/index.php?rest_route=%2Fwp%2Fv2%2Ftags&post=12986"}],"curies":[{"name":"wp","href":"https:\/\/api.w.org\/{rel}","templated":true}]}}