{"id":130400,"date":"2024-09-27T08:31:07","date_gmt":"2024-09-27T13:31:07","guid":{"rendered":"https:\/\/lospoliticosveracruz.com.mx\/?p=130400"},"modified":"2024-09-27T08:31:23","modified_gmt":"2024-09-27T13:31:23","slug":"fraude-en-comunicacion-universitaria","status":"publish","type":"post","link":"https:\/\/lospoliticosveracruz.com.mx\/?p=130400","title":{"rendered":"FRAUDE EN COMUNICACI\u00d3N UNIVERSITARIA"},"content":{"rendered":"\n<p><strong>Omar Z\u00fa\u00f1iga<\/strong><\/p>\n\n\n\n<p><em>De Primera Mano<\/em> <\/p>\n\n\n\n<p>Luego de la primer publicaci\u00f3n sobre la Universidad Veracruzana que se realiz\u00f3 en esta columna, las denuncias sobre infinidad de irregularidades empezaron a llegar una tras otra.<\/p>\n\n\n\n<p>Gracias a ustedes que se acercaron y nos dieron su confianza, para buscar tener voz ante los o\u00eddos sordos de la sinraz\u00f3n universitaria.<\/p>\n\n\n\n<p>Este es el siguiente caso, que gracias a una denuncia m\u00e1s que nos hicieron llegar y cuyo autor est\u00e1 plenamente identificado, pero pide el anonimato por temor fundado a represalias, como sucedi\u00f3 con nuestro lector en la entrega anterior.<\/p>\n\n\n\n<p>Denomina al env\u00edo que nos hizo \u201cUna haza\u00f1a incre\u00edble en Comunicaci\u00f3n Social de la UV\u201d, porque es \u201cuna historia que parece inveros\u00edmil pero&nbsp;(\u2026)&nbsp;totalmente verdadera\u201d.<\/p>\n\n\n\n<p>Manifiesta que es egresada de \u201chace&nbsp;algunas generaciones de la Facultad de Letras Espa\u00f1olas de la Universidad Veracruzana\u201d, pero \u201csali\u00f3 un tema&nbsp;que&nbsp;tiene que ver con la situaci\u00f3n de una egresada de nuestra Facultad, a&nbsp;la saz\u00f3n, designada&nbsp;como Directora de Comunicaci\u00f3n Social&nbsp;(<strong>Norma Trujillo<\/strong>)&nbsp;de nuestra alma m\u00e1ter\u201d.<\/p>\n\n\n\n<p>\u201cCuriosamente, durante el mismo a\u00f1o que asumi\u00f3 sus funciones, 2021, a s\u00f3lo una semana de haber comenzado la nueva administraci\u00f3n de la UV, obtuvo su t\u00edtulo (tiene fecha del 7 de septiembre) y su c\u00e9dula profesional en formato electr\u00f3nico.<\/p>\n\n\n\n<figure class=\"wp-block-embed is-type-rich is-provider-gestor-del-servicio wp-block-embed-gestor-del-servicio\"><div class=\"wp-block-embed__wrapper\">\n<p><a href=\"https:\/\/colaboracion.uv.mx\/dgrh\/transparencia\/doctosprobatorios\/JULIA_NORMA_TRUJILLO_BAEZ.PDF\" target=\"_blank\" rel=\"noopener noreferrer nofollow\">Haz clic para acceder a JULIA_NORMA_TRUJILLO_BAEZ.PDF<\/a><\/p>\n<\/div><\/figure>\n\n\n\n<p>\u201cEsta curiosidad llam\u00f3 mi atenci\u00f3n porque recuerdo bien que una Secretaria Acad\u00e9mica de esta administraci\u00f3n, quien fuera presidenta de la Junta de Gobierno antes, vivi\u00f3 una situaci\u00f3n similar y sali\u00f3 de la UV por la puerta trasera: sin explicaciones ni aclaraciones del c\u00f3mo fue posible que llegara a ese tan importante cargo\u201d.<\/p>\n\n\n\n<p>\u201c\u00bfEn qu\u00e9 se diferencia esa historia con la que les comento? \u00bfEs que hay acaso alguna informaci\u00f3n, o alguna orden superior y ajena a nuestra universidad que la proteja?\u00bfSabe algo que nosotros los simples mortales, desconocemos del primer c\u00edrculo que dirige a la UV?\u201d<\/p>\n\n\n\n<p>\u201cSi no ha cambiado el reglamento de titulaci\u00f3n, existen varias modalidades para obtener el t\u00edtulo de licenciatura. Pero no aplica, como en otras carreras, la realizaci\u00f3n de un examen general de conocimientos, tipo&nbsp;Ceneval. Tiene que ser por tesis, tesina, monograf\u00eda, reporte o memoria\u201d.<\/p>\n\n\n\n<p>\u201c(\u2026)&nbsp;sab\u00edamos que la titulaci\u00f3n era un gasto fuerte para uno y para su familia, pues se entregaban varias copias de la tesis a la facultad, a la Biblioteca de Humanidades y a la Biblioteca central. Ahora tambi\u00e9n se suben al repositorio institucional que se puede consultar en la USBI. Pues resulta que, en esta historia, no hay tal documento, o cuando menos no ha sido registrado, ni en f\u00edsico ni electr\u00f3nico en el sistema\u201d.<\/p>\n\n\n\n<p>\u201cLo que s\u00ed se puede consultar es el sueldo neto que percibe como directora&nbsp;(<strong>Norma Trujillo<\/strong>), y alcanza un poco m\u00e1s de 57 mil pesos mensuales&nbsp;(netos), incluyendo una compensaci\u00f3n y est\u00edmulo, como puede verificarse en acceso libre dentro de la plataforma de transparencia\u201d.<\/p>\n\n\n\n<p><a href=\"https:\/\/buscador.plataformadetransparencia.org.mx\/en\/web\/guest\/buscadornacional_eu?buscador=julia%20norma%20trujillo%20b%C3%A1ez&amp;coleccion=5\">https:\/\/buscador.plataformadetransparencia.org.mx\/en\/web\/guest\/buscadornacional_eu?buscador=julia%20norma%20trujillo%20b%C3%A1ez&amp;coleccion=5<\/a><\/p>\n\n\n\n<p>\u201cDa qu\u00e9 pensar que una persona haya llegado al cargo de Director General Administrativo, ganando un sueldo de tantos miles de pesos y su t\u00edtulo sea expedido justo una semana despu\u00e9s del inicio de una nueva administraci\u00f3n rectoral&nbsp;(la de&nbsp;<strong>Gerardo Mart\u00edn Aguilar<\/strong>)&nbsp;y justo a tiempo para rendir protesta y asumir la Direcci\u00f3n de Comunicaci\u00f3n Social\u201d.<\/p>\n\n\n\n<p>\u201c(\u2026)&nbsp;pareciera que no se hab\u00eda titulado y que trabaj\u00f3 su tesis en una semana y se gradu\u00f3 en ese tiempo. Justo al momento en que entrar\u00eda a tomar su cargo\u201d.<\/p>\n\n\n\n<p>\u201cDebe ser un muy buen director de tesis porque es una haza\u00f1a incre\u00edble\u201d.<\/p>\n\n\n\n<p>\u201cO puede que haya un programa de titulaci\u00f3n urgente en la facultad del que no estamos enterados y que hasta beneficiar\u00eda a varias amigas que no han podido titularse\u201d.<\/p>\n\n\n\n<p>\u201cNo me quiero quedar con la imagen de que haya sido una titulaci\u00f3n \u201cfast-track\u201d para ponerla en el cargo\u201d.<\/p>\n\n\n\n<p>\u201cOjal\u00e1 la Junta de Gobierno, la autoridad m\u00e1xima de nuestra universidad (porque es la que elige y designa a rectoras y rectores), est\u00e9 al tanto de esta situaci\u00f3n y tenga acceso a la documentaci\u00f3n comprobatoria. Que en este caso ser\u00eda &nbsp;solo una sencilla tesis de licenciatura, que valide un t\u00edtulo obtenido en un tiempo r\u00e9cord\u201d.<\/p>\n\n\n\n<p>\u201cLe pido encarecidamente conservar mi anonimato, por temor a represalias de la directora&nbsp;de Comunicaci\u00f3n Social&nbsp;<strong>Norma Trujillo<\/strong>) u otras&nbsp;autoridades hacia mi persona o conocidos\u201d.<\/p>\n\n\n\n<p>Sin lugar a dudas, el caso de&nbsp;<strong>Norma Trujillo&nbsp;<\/strong>es emblem\u00e1tico, tanto por su negativa a establecer contacto con \u201clos chicos de la prensa\u201d, como por su presunta titulaci\u00f3n&nbsp;<em>fast<\/em><em>&nbsp;<\/em><em>track<\/em>.<\/p>\n\n\n\n<p>Haiga sido como haiga sido, es un&nbsp;nuevo elemento para que el rectorcito&nbsp;<strong>Gerardo Mart\u00edn Aguilar<\/strong><em>&nbsp;<\/em>d\u00e9 la cara, salga al paso y d\u00e9 respuestas sobre este presunto acto de corrupci\u00f3n y tr\u00e1fico de influencias.<\/p>\n\n\n\n<p>Uno m\u00e1s que se suma a la larga lista\u2026&nbsp;<\/p>\n\n\n\n<p>*****<\/p>\n\n\n\n<p>Para documentar el optimismo, y luego de la \u201cfiestecita\u201d en la facultad de Derecho de&nbsp;<strong>Araceli Reyes<\/strong>, nuestros lectores se preguntan porqu\u00e9 no ha intervenido la Contralor\u00eda Universitaria y el mismo&nbsp;<strong>Gerardo Mart\u00edn Aguilar<\/strong>, en un caso a todas luces que amerita una sanci\u00f3n ejemplar a la o los responsables, al estar expl\u00edcitamente prohibidas este tipo de acciones en el campus universitario.<\/p>\n\n\n\n<p>M\u00e1s all\u00e1 de que se antepuso el&nbsp;<em>desmadre&nbsp;<\/em>a la educaci\u00f3n y la discusi\u00f3n entre iguales, para dilucidar una Reforma constitucional de la mayor trascendencia para la Rep\u00fablica.<\/p>\n\n\n\n<p>Preguntan\u2026 \u00bfser\u00e1 que hay intereses ocultos de la directora y del rector?, es pregunta y esperamos respuestas.<\/p>\n\n\n\n<p>*****<\/p>\n\n\n\n<p>En una m\u00e1s&nbsp;que involucra a&nbsp;<strong>Norma Trujillo<\/strong>\u2026 resulta que&nbsp;hace ya&nbsp;algunos meses, El Colegio Nacional y la Universidad Veracruzana firmaron un convenio de colaboraci\u00f3n para presentar en la&nbsp;UV, a los integrantes del Colegio en las distintas Facultades y campus&nbsp;para presentar y difundir la obra de los colegiados, que&nbsp;no es un asunto menor, ni tampoco un privilegio que debe desde\u00f1arse&nbsp;bajo ninguna circunstancia.&nbsp;<\/p>\n\n\n\n<p>Miembros de el Colegio Nacional&nbsp;ya&nbsp;visitaron las universidades&nbsp;Aut\u00f3noma de Tlaxcala y Ju\u00e1rez de Tabasco, por ejemplo y la causa de este tortuguismo ser\u00eda precisamente Norma Trujillo que simple y llanamente no le importa el desarrollo de la UV, o al menos eso es lo que demuestra con su falta de acciones.<\/p>\n\n\n\n<p>*****<\/p>\n\n\n\n<p>Y ya con esta me despido\u2026 no, no es personal en contra de nadie ni se busca ser monotem\u00e1tico; simplemente es retribuir la confianza que nuestros lectores han puesto en este espacio, para darles voz.<\/p>\n\n\n\n<p>Y ese es precisamente el objetivo de un medio de comunicaci\u00f3n, el enlace de la sociedad con las autoridades, de cualquier \u00edndole. \u00a1Gracias\u2026, totales!<\/p>\n\n\n\n<p>\u00a1Qu\u00e9 barbaridad!<\/p>\n\n\n\n<p>deprimera.mano2020@gmail.com<\/p>\n","protected":false},"excerpt":{"rendered":"<p>Omar Z\u00fa\u00f1iga De Primera Mano Luego de la primer publicaci\u00f3n sobre la Universidad Veracruzana que se realiz\u00f3 en esta columna, las denuncias sobre infinidad de irregularidades empezaron a llegar una tras otra. Gracias a ustedes que se acercaron y nos dieron su confianza, para buscar tener voz ante los o\u00eddos sordos de la sinraz\u00f3n universitaria. [&hellip;]<\/p>\n","protected":false},"author":2,"featured_media":119918,"comment_status":"closed","ping_status":"closed","sticky":false,"template":"","format":"standard","meta":{"_jetpack_newsletter_access":"","_jetpack_dont_email_post_to_subs":false,"_jetpack_newsletter_tier_id":0,"_jetpack_memberships_contains_paywalled_content":false,"_jetpack_memberships_contains_paid_content":false,"footnotes":""},"categories":[70],"tags":[933,39613,31153,219],"class_list":["post-130400","post","type-post","status-publish","format-standard","has-post-thumbnail","hentry","category-de-opinion","tag-comunicacion-social","tag-gerardo-martin-aguilar-sanchez","tag-norma-trujillo","tag-universidad-veracruzana"],"jetpack_featured_media_url":"https:\/\/lospoliticosveracruz.com.mx\/wp-content\/uploads\/2024\/03\/Omar-Zuniga.jpg","jetpack_sharing_enabled":true,"jetpack_shortlink":"https:\/\/wp.me\/p4Qcd3-xVe","_links":{"self":[{"href":"https:\/\/lospoliticosveracruz.com.mx\/index.php?rest_route=\/wp\/v2\/posts\/130400","targetHints":{"allow":["GET"]}}],"collection":[{"href":"https:\/\/lospoliticosveracruz.com.mx\/index.php?rest_route=\/wp\/v2\/posts"}],"about":[{"href":"https:\/\/lospoliticosveracruz.com.mx\/index.php?rest_route=\/wp\/v2\/types\/post"}],"author":[{"embeddable":true,"href":"https:\/\/lospoliticosveracruz.com.mx\/index.php?rest_route=\/wp\/v2\/users\/2"}],"replies":[{"embeddable":true,"href":"https:\/\/lospoliticosveracruz.com.mx\/index.php?rest_route=%2Fwp%2Fv2%2Fcomments&post=130400"}],"version-history":[{"count":1,"href":"https:\/\/lospoliticosveracruz.com.mx\/index.php?rest_route=\/wp\/v2\/posts\/130400\/revisions"}],"predecessor-version":[{"id":130401,"href":"https:\/\/lospoliticosveracruz.com.mx\/index.php?rest_route=\/wp\/v2\/posts\/130400\/revisions\/130401"}],"wp:featuredmedia":[{"embeddable":true,"href":"https:\/\/lospoliticosveracruz.com.mx\/index.php?rest_route=\/wp\/v2\/media\/119918"}],"wp:attachment":[{"href":"https:\/\/lospoliticosveracruz.com.mx\/index.php?rest_route=%2Fwp%2Fv2%2Fmedia&parent=130400"}],"wp:term":[{"taxonomy":"category","embeddable":true,"href":"https:\/\/lospoliticosveracruz.com.mx\/index.php?rest_route=%2Fwp%2Fv2%2Fcategories&post=130400"},{"taxonomy":"post_tag","embeddable":true,"href":"https:\/\/lospoliticosveracruz.com.mx\/index.php?rest_route=%2Fwp%2Fv2%2Ftags&post=130400"}],"curies":[{"name":"wp","href":"https:\/\/api.w.org\/{rel}","templated":true}]}}